{"id":347156,"date":"2025-08-27T08:29:09","date_gmt":"2025-08-27T08:29:09","guid":{"rendered":"https:\/\/www.europesays.com\/fr\/347156\/"},"modified":"2025-08-27T08:29:09","modified_gmt":"2025-08-27T08:29:09","slug":"audiences-prime-quel-score-pour-le-retour-de-la-serie-la-stagiaire-avec-michele-bernier-sur-france-3-cette-10e-saison-a-t-elle-fait-le-poids-face-a-la-serie-swat-sur-tf1","status":"publish","type":"post","link":"https:\/\/www.europesays.com\/fr\/347156\/","title":{"rendered":"Audiences Prime: Quel score pour le retour de la s\u00e9rie \u00ab\u00a0La stagiaire\u00a0\u00bb, avec Mich\u00e8le Bernier, sur France 3 ? Cette 10e saison a-t-elle fait le poids face \u00e0 la s\u00e9rie \u00ab\u00a0SWAT\u00a0\u00bb sur TF1 ?"},"content":{"rendered":"<p>Hier soir, la s\u00e9rie am\u00e9ricaine \u00ab\u00a0SWAT\u00a0\u00bb, avec Shemar Moore et Jay Harrington, se poursuivait sur TF1. France 2 proposait une fiction intitul\u00e9e \u00ab\u00a0Tuer au nom de Dieu, enqu\u00eate sur le massacre de la Saint-Barth\u00e9lemy\u00a0\u00bb.<\/p>\n<p>Sur France 3, la s\u00e9rie \u00ab\u00a0La Stagiaire\u00a0\u00bb, port\u00e9e par\u00a0Mich\u00e8le Bernier\u00a0et\u00a0Antoine Hamel, \u00e9tait de retour avec une nouvelle saison in\u00e9dite : la 10e ! Le film \u00ab\u00a0\u00c9l\u00e9mentaire\u00a0\u00bb occupait la soir\u00e9e de M6.<\/p>\n<p>        La stagiaire<br \/>\n        26.5 % de PDA\n        <\/p>\n<p>        4 500 000<\/p>\n<p>        S.W.A.T<br \/>\n        13.1 % de PDA\n        <\/p>\n<p>        2 209 000<\/p>\n<p>        Tuer au nom de Dieu<br \/>\n        9.2 % de PDA\n        <\/p>\n<p>        1 555 000<\/p>\n<p>        \u00c9l\u00e9mentaire<br \/>\n        8.1 % de PDA\n        <\/p>\n<p>        1 245 000<\/p>\n<p>        Quand Harry rencontre Sally<br \/>\n        4.7 % de PDA\n        <\/p>\n<p>        766 000<\/p>\n<p>        Sales gosses<br \/>\n        3.1 % de PDA\n        <\/p>\n<p>        499 000<\/p>\n<p>        Main basse sur les terres &#8211; Pillage alimentaire<br \/>\n        2.3 % de PDA\n        <\/p>\n<p>        371 000<\/p>\n<p>        90&prime; enqu\u00eates<br \/>\n        2.3 % de PDA\n        <\/p>\n<p>        354 000<\/p>\n<p>        Camping Paradis<br \/>\n        2 % de PDA\n        <\/p>\n<p>        343 000<\/p>\n<p>        Les routiers : profession chauffeur poids lourd<br \/>\n        1.8 % de PDA\n        <\/p>\n<p>        310 000<\/p>\n<p>        Enqu\u00eate d&rsquo;action<br \/>\n        2 % de PDA\n        <\/p>\n<p>        290 000<\/p>\n<p>        J&rsquo;irai dormir chez vous<br \/>\n        1.6 % de PDA\n        <\/p>\n<p>        271 000<\/p>\n<p>        La folie des piscines : la nouvelle passion des Fran\u00e7ais<br \/>\n        1.4 % de PDA\n        <\/p>\n<p>        228 000<\/p>\n<p>        Kaamelott<br \/>\n        1.2 % de PDA\n        <\/p>\n<p>        199 000<\/p>\n<p>        Les 100 vid\u00e9os qui ont fait rire le monde entier<br \/>\n        1.3 % de PDA\n        <\/p>\n<p>        197 000<\/p>\n<p>        Snapped : les femmes tueuses<br \/>\n        0.6 % de PDA\n        <\/p>\n<p>        104 000<\/p>\n<p>  Le Top des parts de march\u00e9<\/p>\n","protected":false},"excerpt":{"rendered":"Hier soir, la s\u00e9rie am\u00e9ricaine \u00ab\u00a0SWAT\u00a0\u00bb, avec Shemar Moore et Jay Harrington, se poursuivait sur TF1. France 2&hellip;\n","protected":false},"author":2,"featured_media":347157,"comment_status":"","ping_status":"","sticky":false,"template":"","format":"standard","meta":{"footnotes":""},"categories":[1356],"tags":[2367,58,59,1011,27,876,594,494,252,199,1364],"class_list":{"0":"post-347156","1":"post","2":"type-post","3":"status-publish","4":"format-standard","5":"has-post-thumbnail","7":"category-television","8":"tag-audiences","9":"tag-divertissement","10":"tag-entertainment","11":"tag-fr","12":"tag-france","13":"tag-france-3","14":"tag-france-2","15":"tag-m6","16":"tag-television","17":"tag-tf1","18":"tag-tv"},"share_on_mastodon":{"url":"https:\/\/pubeurope.com\/@fr\/115099794213422935","error":""},"_links":{"self":[{"href":"https:\/\/www.europesays.com\/fr\/wp-json\/wp\/v2\/posts\/347156","targetHints":{"allow":["GET"]}}],"collection":[{"href":"https:\/\/www.europesays.com\/fr\/wp-json\/wp\/v2\/posts"}],"about":[{"href":"https:\/\/www.europesays.com\/fr\/wp-json\/wp\/v2\/types\/post"}],"author":[{"embeddable":true,"href":"https:\/\/www.europesays.com\/fr\/wp-json\/wp\/v2\/users\/2"}],"replies":[{"embeddable":true,"href":"https:\/\/www.europesays.com\/fr\/wp-json\/wp\/v2\/comments?post=347156"}],"version-history":[{"count":0,"href":"https:\/\/www.europesays.com\/fr\/wp-json\/wp\/v2\/posts\/347156\/revisions"}],"wp:featuredmedia":[{"embeddable":true,"href":"https:\/\/www.europesays.com\/fr\/wp-json\/wp\/v2\/media\/347157"}],"wp:attachment":[{"href":"https:\/\/www.europesays.com\/fr\/wp-json\/wp\/v2\/media?parent=347156"}],"wp:term":[{"taxonomy":"category","embeddable":true,"href":"https:\/\/www.europesays.com\/fr\/wp-json\/wp\/v2\/categories?post=347156"},{"taxonomy":"post_tag","embeddable":true,"href":"https:\/\/www.europesays.com\/fr\/wp-json\/wp\/v2\/tags?post=347156"}],"curies":[{"name":"wp","href":"https:\/\/api.w.org\/{rel}","templated":true}]}}