{"id":347163,"date":"2025-08-27T08:33:08","date_gmt":"2025-08-27T08:33:08","guid":{"rendered":"https:\/\/www.europesays.com\/fr\/347163\/"},"modified":"2025-08-27T08:33:08","modified_gmt":"2025-08-27T08:33:08","slug":"depart-daubameyang-la-reaction-inattendue-a-lom","status":"publish","type":"post","link":"https:\/\/www.europesays.com\/fr\/347163\/","title":{"rendered":"D\u00e9part d&rsquo;Aubameyang : La r\u00e9action inattendue \u00e0 l&rsquo;OM !"},"content":{"rendered":"<p>                    Thibault Morlain<br \/>\n                        &#8211;<\/p>\n<p>Journaliste<\/p>\n<p>Apr\u00e8s s\u2019\u00eatre essay\u00e9 \u00e0 diff\u00e9rents sports, Thibault se tourne vers une carri\u00e8re de footballeur amateur. Au moment de faire un choix entre devenir footballeur professionnel et journaliste, les qualit\u00e9s ont fait pencher la balance d\u2019un c\u00f4t\u00e9. Le voil\u00e0 d\u00e9sormais au sein de la r\u00e9daction du 10 Sport, apr\u00e8s un dipl\u00f4me obtenu \u00e0 l\u2019Institut International de Communication de Paris.<\/p>\n<p class=\"heading\">A 36 ans, Pierre-Emerick Aubameyang est de nouveau un joueur de l&rsquo;OM. Il y a un an, le Gabonais quittait le club phoc\u00e9en pour rejoindre l&rsquo;Arabie Saoudite et Al-Qadsiah. Un d\u00e9part qui avait visiblement touch\u00e9 au plus haut point Pablo Longoria. En effet, voir Aubameyang partir aurait affect\u00e9 le pr\u00e9sident de l&rsquo;OM.\n<\/p>\n<p>A la recherche d&rsquo;un buteur cet \u00e9t\u00e9, <a href=\"https:\/\/le10sport.com\/football\/ligue1\/om\/lom-se-debarrasse-de-son-entraineur-un-plan-fou-est-devoile-755728\" target=\"_blank\" rel=\"noopener\">l&rsquo;OM <\/a>a d\u00e9cid\u00e9 de faire revenir <strong>Pierre-Emerick Aubameyang<\/strong>. Un temps int\u00e9ress\u00e9 par <strong>Matthis Abline<\/strong>, le club phoc\u00e9en a finalement revu ses plans. L&rsquo;option d&rsquo;un retour du Gabonais s&rsquo;est alors pr\u00e9sent\u00e9e et \u00e9tant donn\u00e9 qu&rsquo;il s&rsquo;\u00e9tait lib\u00e9r\u00e9 de son contrat avec <strong>Al-Qadsiah<\/strong>, l&rsquo;<strong>OM<\/strong> a saut\u00e9 sur l&rsquo;occasion. Un an plus tard, voil\u00e0 donc <strong>PEA <\/strong>de retour. <\/p>\n<p>                                            \u00ab C&rsquo;\u00e9tait assez \u00e9tonnant de voir Pablo si \u00e9mu \u00bb<\/p>\n<p>En effet, l&rsquo;\u00e9t\u00e9 dernier, l&rsquo;heure \u00e9tait au d\u00e9part de l&rsquo;<strong>OM <\/strong>pour <strong>Pierre-Emerick Aubameyang<\/strong>. L&rsquo;offre venue d&rsquo;Arabie Saoudite \u00e9tait impossible \u00e0 refuser et la s\u00e9paration a donc \u00e9t\u00e9 prononc\u00e9e. Au grand dam de <strong>Pablo Longoria<\/strong>. En effet, pour L&rsquo;Equipe, un proche d&rsquo;<strong>Aubameyang <\/strong>confie : \u00ab C&rsquo;\u00e9tait assez \u00e9tonnant de voir Pablo si \u00e9mu, car normalement, cela ne le d\u00e9range pas de sortir un joueur, au contraire \u00bb. <\/p>\n<p>                                            \u00ab Une relation sp\u00e9ciale pour lui \u00bb<\/p>\n<p>\u00ab \u00ab\u00a0Auba\u00a0\u00bb, c&rsquo;\u00e9tait une relation sp\u00e9ciale pour lui. Ils avaient d&rsquo;ailleurs convenu d&rsquo;un gentlemen&rsquo;s agreement \u00e0 son arriv\u00e9e \u00bb, a-t-on ensuite ajout\u00e9 dans l&rsquo;entourage de <strong>Pierre-Emerick Aubameyang<\/strong>. <\/p>\n","protected":false},"excerpt":{"rendered":"Thibault Morlain &#8211; Journaliste Apr\u00e8s s\u2019\u00eatre essay\u00e9 \u00e0 diff\u00e9rents sports, Thibault se tourne vers une carri\u00e8re de footballeur&hellip;\n","protected":false},"author":2,"featured_media":347164,"comment_status":"","ping_status":"","sticky":false,"template":"","format":"standard","meta":{"footnotes":""},"categories":[9],"tags":[1011,27,60],"class_list":{"0":"post-347163","1":"post","2":"type-post","3":"status-publish","4":"format-standard","5":"has-post-thumbnail","7":"category-sports","8":"tag-fr","9":"tag-france","10":"tag-sports"},"share_on_mastodon":{"url":"https:\/\/pubeurope.com\/@fr\/115099808831857473","error":""},"_links":{"self":[{"href":"https:\/\/www.europesays.com\/fr\/wp-json\/wp\/v2\/posts\/347163","targetHints":{"allow":["GET"]}}],"collection":[{"href":"https:\/\/www.europesays.com\/fr\/wp-json\/wp\/v2\/posts"}],"about":[{"href":"https:\/\/www.europesays.com\/fr\/wp-json\/wp\/v2\/types\/post"}],"author":[{"embeddable":true,"href":"https:\/\/www.europesays.com\/fr\/wp-json\/wp\/v2\/users\/2"}],"replies":[{"embeddable":true,"href":"https:\/\/www.europesays.com\/fr\/wp-json\/wp\/v2\/comments?post=347163"}],"version-history":[{"count":0,"href":"https:\/\/www.europesays.com\/fr\/wp-json\/wp\/v2\/posts\/347163\/revisions"}],"wp:featuredmedia":[{"embeddable":true,"href":"https:\/\/www.europesays.com\/fr\/wp-json\/wp\/v2\/media\/347164"}],"wp:attachment":[{"href":"https:\/\/www.europesays.com\/fr\/wp-json\/wp\/v2\/media?parent=347163"}],"wp:term":[{"taxonomy":"category","embeddable":true,"href":"https:\/\/www.europesays.com\/fr\/wp-json\/wp\/v2\/categories?post=347163"},{"taxonomy":"post_tag","embeddable":true,"href":"https:\/\/www.europesays.com\/fr\/wp-json\/wp\/v2\/tags?post=347163"}],"curies":[{"name":"wp","href":"https:\/\/api.w.org\/{rel}","templated":true}]}}