{"id":347180,"date":"2025-08-27T08:42:14","date_gmt":"2025-08-27T08:42:14","guid":{"rendered":"https:\/\/www.europesays.com\/fr\/347180\/"},"modified":"2025-08-27T08:42:14","modified_gmt":"2025-08-27T08:42:14","slug":"lete-saison-de-tous-les-dangers","status":"publish","type":"post","link":"https:\/\/www.europesays.com\/fr\/347180\/","title":{"rendered":"l\u2019\u00e9t\u00e9, saison de tous les dangers"},"content":{"rendered":"<p>Aux confins du Chili, dans les r\u00e9gions les plus arides, on \u00e9duque t\u00f4t les enfants sur les dangers du soleil et des effets du r\u00e9chauffement climatique. \u00c0 l\u2019approche de l\u2019\u00e9t\u00e9 austral, les petits chiliens dessinent un soleil monstrueux dont les rayonnements sont une menace pour leur quotidien. Sur les chantiers, des avertisseurs solaires alertent les travailleurs pour qu\u2019ils se prot\u00e8gent. Avec une couche d\u2019ozone particuli\u00e8rement vuln\u00e9rable au-dessus de sa t\u00eate, une situation g\u00e9ographique expos\u00e9e, des d\u00e9serts parfois \u00e0 perte de vue, le pays ne rigole pas avec le soleil. Les radiations ultraviolettes provoquent une explosion des cancers de la peau qui n\u2019\u00e9pargnent ni les plus fragiles ni les plus jeunes. Face \u00e0 cette situation, le pays a fait de la pr\u00e9vention une grande cause nationale depuis plus de 10 ans. Et en France\u00a0? Il va falloir arr\u00eater de regarder ailleurs quand la terre et les for\u00eats br\u00fblent. Cet \u00e9t\u00e9 encore, <a href=\"https:\/\/www.estrepublicain.fr\/environnement\/2025\/08\/20\/espagne-portugal-france-en-europe-les-incendies-battent-tous-les-records-cet-ete\" target=\"_blank\" rel=\"noopener\">les feux ont d\u00e9vast\u00e9 des dizaines de milliers d\u2019hectares<\/a>. Le nombre de villes confront\u00e9es \u00e0 des temp\u00e9ratures sup\u00e9rieures 40\u00a0\u00b0C flambe alors que cette m\u00e9t\u00e9o \u00e9tait jusque-l\u00e0 exceptionnelle. Les scientifiques, constern\u00e9s par l\u2019apathie g\u00e9n\u00e9rale, tentent pourtant de sensibiliser la population. La Nanc\u00e9ienne <a href=\"https:\/\/www.estrepublicain.fr\/p\/valerie-masson-delmotte\" target=\"_blank\" rel=\"noopener\">Val\u00e9rie Masson-Delmotte<\/a>, figure de la climatologie et ancienne copr\u00e9sidente du GIEC, tire m\u00eame la sonnette d\u2019alarme, estimant, dans les colonnes du Monde de ce mardi, que l\u2019\u00e9t\u00e9 \u00ab\u00a0n\u2019est plus synonyme d\u2019insouciance, mais une saison dangereuse pour les organismes vivants, les activit\u00e9s agricoles, le travail en ext\u00e9rieur\u00a0\u00bb. Un danger dont il faut percevoir la trajectoire. \u00c0 ce rythme, dans une France \u00e0 +\u00a04\u00a0\u00b0C \u00e0 la fin du si\u00e8cle, le nombre de vagues de chaleur sera multipli\u00e9 par 10\u00a0! Sa pr\u00e9occupation, notre pr\u00e9occupation \u00e0 tous, n\u2019est pas prise \u00e0 sa mesure. Au contraire, la n\u00e9gation du r\u00e9chauffement injecte un poison dans les politiques publiques dont le premier effet est la tentation de couper les vannes du financement des renouvelables.<\/p>\n","protected":false},"excerpt":{"rendered":"Aux confins du Chili, dans les r\u00e9gions les plus arides, on \u00e9duque t\u00f4t les enfants sur les dangers&hellip;\n","protected":false},"author":2,"featured_media":347181,"comment_status":"","ping_status":"","sticky":false,"template":"","format":"standard","meta":{"footnotes":""},"categories":[9635],"tags":[1111,11,2518,436,1777,674,1011,27,329,775,8423,1702,12,25],"class_list":{"0":"post-347180","1":"post","2":"type-post","3":"status-publish","4":"format-standard","5":"has-post-thumbnail","7":"category-nancy","8":"tag-actu","9":"tag-actualites","10":"tag-edito","11":"tag-environnement","12":"tag-eu","13":"tag-europe","14":"tag-fr","15":"tag-france","16":"tag-france-monde","17":"tag-grand-est","18":"tag-meteorologie-climat","19":"tag-nancy","20":"tag-news","21":"tag-republique-francaise"},"share_on_mastodon":{"url":"https:\/\/pubeurope.com\/@fr\/115099844159253644","error":""},"_links":{"self":[{"href":"https:\/\/www.europesays.com\/fr\/wp-json\/wp\/v2\/posts\/347180","targetHints":{"allow":["GET"]}}],"collection":[{"href":"https:\/\/www.europesays.com\/fr\/wp-json\/wp\/v2\/posts"}],"about":[{"href":"https:\/\/www.europesays.com\/fr\/wp-json\/wp\/v2\/types\/post"}],"author":[{"embeddable":true,"href":"https:\/\/www.europesays.com\/fr\/wp-json\/wp\/v2\/users\/2"}],"replies":[{"embeddable":true,"href":"https:\/\/www.europesays.com\/fr\/wp-json\/wp\/v2\/comments?post=347180"}],"version-history":[{"count":0,"href":"https:\/\/www.europesays.com\/fr\/wp-json\/wp\/v2\/posts\/347180\/revisions"}],"wp:featuredmedia":[{"embeddable":true,"href":"https:\/\/www.europesays.com\/fr\/wp-json\/wp\/v2\/media\/347181"}],"wp:attachment":[{"href":"https:\/\/www.europesays.com\/fr\/wp-json\/wp\/v2\/media?parent=347180"}],"wp:term":[{"taxonomy":"category","embeddable":true,"href":"https:\/\/www.europesays.com\/fr\/wp-json\/wp\/v2\/categories?post=347180"},{"taxonomy":"post_tag","embeddable":true,"href":"https:\/\/www.europesays.com\/fr\/wp-json\/wp\/v2\/tags?post=347180"}],"curies":[{"name":"wp","href":"https:\/\/api.w.org\/{rel}","templated":true}]}}