{"id":347188,"date":"2025-08-27T08:46:17","date_gmt":"2025-08-27T08:46:17","guid":{"rendered":"https:\/\/www.europesays.com\/fr\/347188\/"},"modified":"2025-08-27T08:46:17","modified_gmt":"2025-08-27T08:46:17","slug":"sous-bracelet-electronique-il-avait-frappe-et-menace-des-voisins-de-sa-residence-a-montpellier","status":"publish","type":"post","link":"https:\/\/www.europesays.com\/fr\/347188\/","title":{"rendered":"Sous bracelet \u00e9lectronique, il avait frapp\u00e9 et menac\u00e9 des voisins de sa r\u00e9sidence \u00e0 Montpellier"},"content":{"rendered":"<p>\n                                                                Les faits s\u2019\u00e9taient produits dans une r\u00e9sidence de Montpellier, les 7 et 11\u00a0ao\u00fbt, alors que l\u2019individu \u00e9tait sous bracelet \u00e9lectronique. Il a \u00e9t\u00e9 condamn\u00e9 \u00e0 18 mois de prison, dont 6 avec sursis.\n                            <\/p>\n<p>Ses dix-sept condamnations ne semblent avoir aucune prise sur Fouad. Le Montpelli\u00e9rain \u00e2g\u00e9 de 30 ans purgeait m\u00eame une peine sous bracelet \u00e9lectronique lorsqu\u2019il a p\u00e9t\u00e9 les plombs \u00e0 deux reprises en quelques jours, dans sa r\u00e9sidence de l\u2019avenue des Moulins, \u00e0 proximit\u00e9 du Petit-Bard. Il occupait depuis deux ans l\u2019appartement qui est au nom de sa s\u0153ur.<\/p>\n<p>Alors que tout se passait bien avec elle, comme l\u2019a soulign\u00e9 le pr\u00e9sident Maschio, les signalements aupr\u00e8s du syndic de la r\u00e9sidence se sont multipli\u00e9s apr\u00e8s son arriv\u00e9e.<\/p>\n<p>Dans la nuit du 6 au 7\u00a0ao\u00fbt, Fouad est arriv\u00e9 en conduisant \u00e0 vive allure sur le parking. \u00ab\u00a0Il a manqu\u00e9 de m\u2019\u00e9craser\u00a0\u00bb, a t\u00e9moign\u00e9 un homme \u00e0 la barre du tribunal. Le chauffard n\u2019a pas appr\u00e9ci\u00e9 le mauvais regard qu\u2019il lui a lanc\u00e9. Coups de t\u00eate, coups de coude, gifles\u2026 C\u2019est un d\u00e9luge de violences qui s\u2019est abattu sur la victime.<\/p>\n<p>\u00ab\u00a0Je ne l\u2019ai pas tap\u00e9\u00a0\u00bb, a pourtant affirm\u00e9 Fouad devant le tribunal. \u00ab\u00a0Comment expliquez-vous les traces de coups sur les avant-bras et la nuque, ainsi que ses douleurs aux cervicales et aux oreilles\u00a0?\u00a0\u00bb, lui a demand\u00e9 le pr\u00e9sident. \u00ab\u00a0J\u2019ai d\u00fb m\u2019embrouiller avec lui, on s\u2019est tap\u00e9s, je suis d\u00e9sol\u00e9\u00a0\u00bb. \u00ab\u00a0Pourquoi \u00e7a se reproduit sans cesse\u00a0?\u00a0\u00bb \u00ab\u00a0Ma t\u00eate elle a bugu\u00e9\u00a0\u00bb, a r\u00e9pondu Fouad, des sanglots dans la voix.<\/p>\n<p>\u00ab\u00a0Il ne contr\u00f4le pas ses \u00e9motions, il fait peur \u00e0 l\u2019ensemble de la r\u00e9sidence, au point que les gens n\u2019osent plus sortir de chez eux\u00a0\u00bb, a constat\u00e9 l\u2019avocate de la victime.<\/p>\n<p>\u00ab\u00a0Sale handicap\u00e9e, je vais te violer salope\u00a0\u00bb<\/p>\n<p>P\u00e8re de trois enfants dont il n\u2019a pas la charge, le pr\u00e9venu comparaissait aussi pour des faits commis le 11\u00a0ao\u00fbt, sur un r\u00e9sident du rez-de-chauss\u00e9e. Suite \u00e0 une embrouille, il aurait bris\u00e9 la baie vitr\u00e9e avant de p\u00e9n\u00e9trer chez le locataire. Celui-ci s\u2019est d\u00e9fendu avec une barre de fer. Fouad s\u2019est veng\u00e9 en d\u00e9gradant la porte avec un couteau.<\/p>\n<p>\u00ab\u00a0Est-ce que c\u2019\u00e9tait proportionn\u00e9 de donner un coup de barre de fer \u00e0 mon client alors que celui-ci n\u2019avait pas port\u00e9\u2005de coups\u00a0?\u00a0\u00bb, questionne l\u2019avocat du pr\u00e9venu. \u00ab\u00a0Il s\u2019est d\u00e9fendu parce que le pr\u00e9venu \u00e9tait entr\u00e9 chez lui\u00a0\u00bb, a pr\u00e9cis\u00e9\u00a0l\u2019avocate de la victime. Le pr\u00e9venu a port\u00e9 au moins un coup, sa victime pr\u00e9sentant une blessure \u00e0 l\u2019\u0153il.<\/p>\n<p>Ce jour-l\u00e0, Fouad avait aussi encha\u00een\u00e9 les menaces, enregistr\u00e9es par un t\u00e9moin. Y compris \u00e0 l\u2019encontre de la compagne du r\u00e9sident, souffrant d\u2019un handicap. \u00ab\u00a0Sale handicap\u00e9e, je vais te violer salope\u00a0\u00bb. Ce qui lui valait aussi d\u2019\u00eatre jug\u00e9 pour \u00ab\u00a0injure publique en raison du handicap\u00a0\u00bb.<\/p>\n<p>\u00ab\u00a0Il a ignor\u00e9 tous les avertissements de la justice\u00a0\u00bb<\/p>\n<p>\u00ab\u00a0Il lui reste sept mois de d\u00e9tention \u00e0 faire sous bracelet \u00e9lectronique, a soulign\u00e9 le procureur Tixier. Il a ignor\u00e9 tous les avertissements de la justice et se comporte comme le ca\u00efd de la r\u00e9sidence. Je requiers quinze mois de prison dont douze avec sursis.\u00a0\u00bb<\/p>\n<p>C\u2019est une peine plus s\u00e9v\u00e8re qui a \u00e9t\u00e9 prononc\u00e9e\u00a0: 18 mois de prison dont 6 avec sursis, avec maintien en d\u00e9tention. Fouad devra verser une somme totale de 5\u00a0600\u00a0\u20ac (pr\u00e9judices moral et mat\u00e9riel, frais d\u2019avocat) aux trois parties civiles.<\/p>\n<p>Il devra aussi soigner son addiction \u00e0 l\u2019alcool et travailler ou se former. Il lui est interdit de para\u00eetre sur les lieux de la r\u00e9sidence et d\u2019entrer en contact avec les victimes.<\/p>\n","protected":false},"excerpt":{"rendered":"Les faits s\u2019\u00e9taient produits dans une r\u00e9sidence de Montpellier, les 7 et 11\u00a0ao\u00fbt, alors que l\u2019individu \u00e9tait sous&hellip;\n","protected":false},"author":2,"featured_media":347189,"comment_status":"","ping_status":"","sticky":false,"template":"","format":"standard","meta":{"footnotes":""},"categories":[9599],"tags":[1111,11,1777,674,1011,27,2208,12,2680,25],"class_list":{"0":"post-347188","1":"post","2":"type-post","3":"status-publish","4":"format-standard","5":"has-post-thumbnail","7":"category-montpellier","8":"tag-actu","9":"tag-actualites","10":"tag-eu","11":"tag-europe","12":"tag-fr","13":"tag-france","14":"tag-montpellier","15":"tag-news","16":"tag-occitanie","17":"tag-republique-francaise"},"share_on_mastodon":{"url":"https:\/\/pubeurope.com\/@fr\/115099859950385459","error":""},"_links":{"self":[{"href":"https:\/\/www.europesays.com\/fr\/wp-json\/wp\/v2\/posts\/347188","targetHints":{"allow":["GET"]}}],"collection":[{"href":"https:\/\/www.europesays.com\/fr\/wp-json\/wp\/v2\/posts"}],"about":[{"href":"https:\/\/www.europesays.com\/fr\/wp-json\/wp\/v2\/types\/post"}],"author":[{"embeddable":true,"href":"https:\/\/www.europesays.com\/fr\/wp-json\/wp\/v2\/users\/2"}],"replies":[{"embeddable":true,"href":"https:\/\/www.europesays.com\/fr\/wp-json\/wp\/v2\/comments?post=347188"}],"version-history":[{"count":0,"href":"https:\/\/www.europesays.com\/fr\/wp-json\/wp\/v2\/posts\/347188\/revisions"}],"wp:featuredmedia":[{"embeddable":true,"href":"https:\/\/www.europesays.com\/fr\/wp-json\/wp\/v2\/media\/347189"}],"wp:attachment":[{"href":"https:\/\/www.europesays.com\/fr\/wp-json\/wp\/v2\/media?parent=347188"}],"wp:term":[{"taxonomy":"category","embeddable":true,"href":"https:\/\/www.europesays.com\/fr\/wp-json\/wp\/v2\/categories?post=347188"},{"taxonomy":"post_tag","embeddable":true,"href":"https:\/\/www.europesays.com\/fr\/wp-json\/wp\/v2\/tags?post=347188"}],"curies":[{"name":"wp","href":"https:\/\/api.w.org\/{rel}","templated":true}]}}