{"id":347190,"date":"2025-08-27T08:47:14","date_gmt":"2025-08-27T08:47:14","guid":{"rendered":"https:\/\/www.europesays.com\/fr\/347190\/"},"modified":"2025-08-27T08:47:14","modified_gmt":"2025-08-27T08:47:14","slug":"la-police-enquete-sur-un-mysterieux-enlevement-un-homme-place-en-garde-a-vue","status":"publish","type":"post","link":"https:\/\/www.europesays.com\/fr\/347190\/","title":{"rendered":"la police enqu\u00eate sur un myst\u00e9rieux enl\u00e8vement, un homme plac\u00e9 en garde \u00e0 vue"},"content":{"rendered":"<p>            Par<br \/>\n        <strong><br \/>\n            <a href=\"https:\/\/actu.fr\/auteur\/jm-aubert\" title=\"Consulter tous les articles de Jean-Marc Aubert\" target=\"_blank\" rel=\"noopener\">Jean-Marc Aubert<\/a><br \/>\n        <\/strong><\/p>\n<p>        Publi\u00e9 le<\/p>\n<p>            27 ao\u00fbt 2025 \u00e0 9h58        <\/p>\n<p>\/ INFO M\u00c9TROPOLITAIN \/<\/p>\n<p class=\" wall-content\">Branle-bas de combat au commissariat central : des t\u00e9moins ont signal\u00e9 l\u2019<strong>enl\u00e8vement<\/strong> d\u2019un homme, plac\u00e9 de force dans une voiture, ce mardi 26 ao\u00fbt, dans une rue du quartier de la Mosson, \u00e0 <strong>Montpellier.<\/strong> Un homme a \u00e9t\u00e9 interpell\u00e9. La police nationale enqu\u00eate sur cette affaire myst\u00e9rieuse.<\/p>\n<p class=\" wall-content\">Y a t-il eu vraiment eu enl\u00e8vement de force ? Car, si des t\u00e9moins ont alert\u00e9 police secours en assistant \u00e0 une sc\u00e8ne digne d\u2019un polar, au niveau de l\u2019avenue de Louisville, au coeur de la Mosson, ce mardi 26 ao\u00fbt 2025, vers 15h, aucune personne se plaignant d\u2019avoir \u00e9t\u00e9 enlev\u00e9e et s\u00e9questr\u00e9e ne s\u2019\u00e9tait encore pr\u00e9sent\u00e9e dans la soir\u00e9e au commissariat central, o\u00f9 un individu, interpell\u00e9 moins d\u2019une heure apr\u00e8s, se trouvait en garde \u00e0 vue.<\/p>\n<p>    <a href=\"https:\/\/www.google.com\/maps\/embed?pb=!1m18!1m12!1m3!1d4611.216839148779!2d3.8140454018649352!3d43.624158333855135!2m3!1f0!2f0!3f0!3m2!1i1024!2i768!4f13.1!3m3!1m2!1s0x12b6ac2526a39275%3A0xc26b87a0664f4ebd!2sAv.%20de%20Louisville%2C%2034080%20Montpellier!5e0!3m2!1sfr!2sfr!4v1756278798768!5m2!1sfr!2sfr\" title=\"Ouvrie le lien\" target=\"_blank\" rel=\"noopener\">Cliquez ici pour visualiser le contenu<\/a><\/p>\n<p class=\" wall-content\">Ce suspect \u00e9tait au volant d\u2019une Clio rouge endommag\u00e9e, aper\u00e7ue rue de Li\u00e8ge, avant d\u2019\u00eatre intercept\u00e9e rue de Leyde, non loin de l\u2019art\u00e8re o\u00f9 des t\u00e9moins ont assist\u00e9 \u00e0 l\u2019enl\u00e8vement d\u2019un pi\u00e9ton par quatre individus. Ils ont d\u00e9crit le v\u00e9hicule des jeunes auteurs agissant \u00e0 visage d\u00e9couvert comme \u00e9tant une Clio rouge endommag\u00e9e, avec ce myst\u00e8re \u00e0 \u00e9claircir : en effet, lorsqu\u2019elle a \u00e9t\u00e9 stopp\u00e9e par un \u00e9quipage de la police nationale mobilis\u00e9 avec trois autres patrouilles sur zone, il n\u2019y avait que le conducteur \u00e0 bord, un homme \u00e2g\u00e9 de 18 ans, n\u00e9 en Corse et r\u00e9sidant \u00e0<strong> Grabels<\/strong>. L\u2019exploitation des cam\u00e9ras de vid\u00e9o-protection de la Ville de Montpellier\u00a0<\/p>\n<p class=\" wall-content\">Les trois complices avaient disparu entre le lieu de l\u2019enl\u00e8vement pr\u00e9sum\u00e9 et l\u2019endroit o\u00f9 le conducteur de cette Clio a \u00e9t\u00e9 arr\u00eat\u00e9 sans opposer de r\u00e9sistance, \u00e0 15h45, c\u2019est \u00e0 dire dans un laps de temps r\u00e9duit de 45 minutes. Certes, le suspect en garde \u00e0 vue a eu largement le temps de d\u00e9poser ses trois comparses et l\u2019individu enlev\u00e9 dans le quartier de la Mosson et de repartir, si le sc\u00e9nario livr\u00e9 par les t\u00e9moins et par des cam\u00e9ras de vid\u00e9o-protection est confirm\u00e9.\u00a0<\/p>\n<p>Vid\u00e9os : en ce moment sur Actu<\/p>\n<p class=\" wall-content\">Cet habitant de Grabels va devoir s\u2019expliquer durant sa garde \u00e0 vue, dont les premi\u00e8res 24h se termineront ce mercredi apr\u00e8s-midi au <strong>Service local de police judiciaire<\/strong> -Slpj- de Montpellier.<\/p>\n<p class=\" wall-content\">Personnalisez votre actualit\u00e9 en ajoutant vos villes et m\u00e9dias en favori avec <a href=\"https:\/\/moncompte.actu.fr\" title=\"D\u00e9couvez Mon Actu\" rel=\"nofollow noopener\" data-trk=\"{&quot;cta&quot;:{&quot;action&quot;:&quot;https:\\\/\\\/moncompte.actu.fr&quot;,&quot;category&quot;:&quot;mon compte&quot;,&quot;from&quot;:&quot;article footer&quot;,&quot;name&quot;:&quot;Mon actu&quot;,&quot;type&quot;:&quot;cta&quot;}}\" target=\"_blank\">Mon Actu<\/a>.<\/p>\n","protected":false},"excerpt":{"rendered":"Par Jean-Marc Aubert Publi\u00e9 le 27 ao\u00fbt 2025 \u00e0 9h58 \/ INFO M\u00c9TROPOLITAIN \/ Branle-bas de combat au&hellip;\n","protected":false},"author":2,"featured_media":347191,"comment_status":"","ping_status":"","sticky":false,"template":"","format":"standard","meta":{"footnotes":""},"categories":[9599],"tags":[1111,11,1777,674,118,1011,27,303,2208,12,2680,1072,25],"class_list":{"0":"post-347190","1":"post","2":"type-post","3":"status-publish","4":"format-standard","5":"has-post-thumbnail","7":"category-montpellier","8":"tag-actu","9":"tag-actualites","10":"tag-eu","11":"tag-europe","12":"tag-faits-divers","13":"tag-fr","14":"tag-france","15":"tag-justice","16":"tag-montpellier","17":"tag-news","18":"tag-occitanie","19":"tag-police","20":"tag-republique-francaise"},"share_on_mastodon":{"url":"https:\/\/pubeurope.com\/@fr\/115099863899456412","error":""},"_links":{"self":[{"href":"https:\/\/www.europesays.com\/fr\/wp-json\/wp\/v2\/posts\/347190","targetHints":{"allow":["GET"]}}],"collection":[{"href":"https:\/\/www.europesays.com\/fr\/wp-json\/wp\/v2\/posts"}],"about":[{"href":"https:\/\/www.europesays.com\/fr\/wp-json\/wp\/v2\/types\/post"}],"author":[{"embeddable":true,"href":"https:\/\/www.europesays.com\/fr\/wp-json\/wp\/v2\/users\/2"}],"replies":[{"embeddable":true,"href":"https:\/\/www.europesays.com\/fr\/wp-json\/wp\/v2\/comments?post=347190"}],"version-history":[{"count":0,"href":"https:\/\/www.europesays.com\/fr\/wp-json\/wp\/v2\/posts\/347190\/revisions"}],"wp:featuredmedia":[{"embeddable":true,"href":"https:\/\/www.europesays.com\/fr\/wp-json\/wp\/v2\/media\/347191"}],"wp:attachment":[{"href":"https:\/\/www.europesays.com\/fr\/wp-json\/wp\/v2\/media?parent=347190"}],"wp:term":[{"taxonomy":"category","embeddable":true,"href":"https:\/\/www.europesays.com\/fr\/wp-json\/wp\/v2\/categories?post=347190"},{"taxonomy":"post_tag","embeddable":true,"href":"https:\/\/www.europesays.com\/fr\/wp-json\/wp\/v2\/tags?post=347190"}],"curies":[{"name":"wp","href":"https:\/\/api.w.org\/{rel}","templated":true}]}}