{"id":347198,"date":"2025-08-27T08:51:23","date_gmt":"2025-08-27T08:51:23","guid":{"rendered":"https:\/\/www.europesays.com\/fr\/347198\/"},"modified":"2025-08-27T08:51:23","modified_gmt":"2025-08-27T08:51:23","slug":"echangeur-du-rondeau-plusieurs-fermetures-de-route-ce-mercredi","status":"publish","type":"post","link":"https:\/\/www.europesays.com\/fr\/347198\/","title":{"rendered":"\u00c9changeur du Rondeau\u00a0: plusieurs fermetures de route ce mercredi"},"content":{"rendered":"<p>Plusieurs routes seront ferm\u00e9es ce mercredi 27 ao\u00fbt au soir au niveau de l&rsquo;\u00e9changeur du Rondeau, dans l&rsquo;agglom\u00e9ration grenobloise. <\/p>\n<p>Attention, la circulation sera perturb\u00e9e cette nuit de 20h30 \u00e0 5h au niveau <strong>de l&rsquo;\u00e9changeur du Rondeau<\/strong> dans l&rsquo;agglom\u00e9ration grenobloise. Dans la nuit de ce mercredi 27 ao\u00fbt au jeudi 28, plusieurs routes seront ferm\u00e9es, en direction de Lyon, de Sisteron et de Chamb\u00e9ry.<\/p>\n<p>En direction de Lyon<\/p>\n<ul>\n<li>fermeture de l&rsquo;A480 sud entre le diffuseur de Claix et celui de Pont-de-Claix<\/li>\n<li>fermeture de l&rsquo;A480 nord de l&rsquo;\u00e9changeur du Rondeau au diffuseur de Catane<\/li>\n<li>fermeture de la N87 entre Lib\u00e9ration et le Rondeau<\/li>\n<li>la bretelle d&rsquo;entr\u00e9e vers l&rsquo;A480 nord sera \u00e9galement ferm\u00e9e<\/li>\n<li>la bretelle d&rsquo;insertion de l&rsquo;\u00e9changeur Etats g\u00e9n\u00e9raux sera ferm\u00e9e<\/li>\n<\/ul>\n<p>En direction de Sisteron<\/p>\n<ul>\n<li>depuis Chamb\u00e9ry, la bretelle d&rsquo;entr\u00e9e vers l&rsquo;A480 sud depuis la nationale 87 sera ferm\u00e9e<\/li>\n<\/ul>\n<p>En direction de Chamb\u00e9ry<\/p>\n<ul>\n<li>depuis l\u2019autoroute A480 nord, la bretelle de sortie en direction de Chamb\u00e9ry de l\u2019\u00e9changeur du Rondeau sera ferm\u00e9e<\/li>\n<\/ul>\n","protected":false},"excerpt":{"rendered":"Plusieurs routes seront ferm\u00e9es ce mercredi 27 ao\u00fbt au soir au niveau de l&rsquo;\u00e9changeur du Rondeau, dans l&rsquo;agglom\u00e9ration&hellip;\n","protected":false},"author":2,"featured_media":347199,"comment_status":"","ping_status":"","sticky":false,"template":"","format":"standard","meta":{"footnotes":""},"categories":[9566],"tags":[1111,11,2430,1777,674,1011,27,2731,12,25],"class_list":{"0":"post-347198","1":"post","2":"type-post","3":"status-publish","4":"format-standard","5":"has-post-thumbnail","7":"category-grenoble","8":"tag-actu","9":"tag-actualites","10":"tag-auvergne-rhone-alpes","11":"tag-eu","12":"tag-europe","13":"tag-fr","14":"tag-france","15":"tag-grenoble","16":"tag-news","17":"tag-republique-francaise"},"share_on_mastodon":{"url":"https:\/\/pubeurope.com\/@fr\/115099879681193279","error":""},"_links":{"self":[{"href":"https:\/\/www.europesays.com\/fr\/wp-json\/wp\/v2\/posts\/347198","targetHints":{"allow":["GET"]}}],"collection":[{"href":"https:\/\/www.europesays.com\/fr\/wp-json\/wp\/v2\/posts"}],"about":[{"href":"https:\/\/www.europesays.com\/fr\/wp-json\/wp\/v2\/types\/post"}],"author":[{"embeddable":true,"href":"https:\/\/www.europesays.com\/fr\/wp-json\/wp\/v2\/users\/2"}],"replies":[{"embeddable":true,"href":"https:\/\/www.europesays.com\/fr\/wp-json\/wp\/v2\/comments?post=347198"}],"version-history":[{"count":0,"href":"https:\/\/www.europesays.com\/fr\/wp-json\/wp\/v2\/posts\/347198\/revisions"}],"wp:featuredmedia":[{"embeddable":true,"href":"https:\/\/www.europesays.com\/fr\/wp-json\/wp\/v2\/media\/347199"}],"wp:attachment":[{"href":"https:\/\/www.europesays.com\/fr\/wp-json\/wp\/v2\/media?parent=347198"}],"wp:term":[{"taxonomy":"category","embeddable":true,"href":"https:\/\/www.europesays.com\/fr\/wp-json\/wp\/v2\/categories?post=347198"},{"taxonomy":"post_tag","embeddable":true,"href":"https:\/\/www.europesays.com\/fr\/wp-json\/wp\/v2\/tags?post=347198"}],"curies":[{"name":"wp","href":"https:\/\/api.w.org\/{rel}","templated":true}]}}