{"id":347204,"date":"2025-08-27T08:55:10","date_gmt":"2025-08-27T08:55:10","guid":{"rendered":"https:\/\/www.europesays.com\/fr\/347204\/"},"modified":"2025-08-27T08:55:10","modified_gmt":"2025-08-27T08:55:10","slug":"abandonne-par-ses-maitres-partis-en-vacances-un-chien-retrouve-considerablement-amaigri","status":"publish","type":"post","link":"https:\/\/www.europesays.com\/fr\/347204\/","title":{"rendered":"abandonn\u00e9 par ses ma\u00eetres partis en vacances, un chien retrouv\u00e9 \u00ab\u00a0consid\u00e9rablement amaigri\u00a0\u00bb"},"content":{"rendered":"<p>            Par<br \/>\n        <strong><br \/>\n            <a href=\"https:\/\/actu.fr\/auteur\/ivan-capecchi\" title=\"Consulter tous les articles de Ivan CAPECCHI\" target=\"_blank\" rel=\"noopener\">Ivan CAPECCHI<\/a><br \/>\n        <\/strong><\/p>\n<p>        Publi\u00e9 le<\/p>\n<p>            27 ao\u00fbt 2025 \u00e0 10h47        <\/p>\n<p>Dans un tweet publi\u00e9 ce mercredi,<strong> la police du Bas-Rhin<\/strong> annonce qu\u2019une enqu\u00eate est en cours s\u2019agissant <strong>d\u2019un cas de maltraitance animale.<\/strong><\/p>\n<p class=\" wall-content\">Cela fait suite \u00e0 un \u00ab<strong>\u2009signalement<\/strong> de la <a href=\"https:\/\/actu.fr\/grand-est\/strasbourg_67482\/j-ai-la-boule-au-ventre-a-la-spa-de-strasbourg-les-salaries-denoncent-un-climat-de-peur_62843840.html\" target=\"_blank\" rel=\"noopener\">SPA de Strasbourg, <\/a>faisant \u00e9tat de <strong>la pr\u00e9sence dans une cour, d\u2019un chien attach\u00e9, consid\u00e9rablement amaigri<\/strong> et dont<strong> les ma\u00eetres sont partis en vacances<\/strong>\u2009\u00bb, indiquent les forces de l\u2019ordre.<\/p>\n<p>\u00ab\u2009L\u2019animal semble \u00eatre expos\u00e9 aux caprices du temps 24h\/24 depuis plusieurs mois\u2009\u00bb<\/p>\n<p class=\" wall-content\">Jointe par nos soins, la police donne plus de d\u00e9tails\u2009:<\/p>\n<blockquote class=\"ac-article-quote wall-content\">\n<p>La race du chien est inconnue. Son \u00e2ge \u00e9galement. C&rsquo;est un chien de grande taille. L&rsquo;animal semble \u00eatre expos\u00e9 aux caprices du temps 24h\/24 depuis plusieurs mois (l&rsquo;enqu\u00eate doit encore le d\u00e9terminer).<\/p>\n<p>    <strong>Police du Bas-Rhin<\/strong>\n            <\/p><\/blockquote>\n<p class=\" wall-content\">Le chien <strong>a \u00e9t\u00e9 recueilli par la fourri\u00e8re animale<\/strong> et \u00ab\u00a0l\u2019enqu\u00eate se poursuit notamment pour tenter d\u2019\u00e9valuer l\u2019ampleur de cette situation (dur\u00e9e de l\u2019absence du propri\u00e9taire, apport en nourriture\u00a0etc.).<\/p>\n<p>Le dossier entre les mains d\u2019une enqu\u00eatrice sp\u00e9cialis\u00e9e dans les cas de maltraitance animale<\/p>\n<p class=\" wall-content\">La police pr\u00e9cise que<strong> le \u00ab\u2009dossier est actuellement entre les mains d\u2019une enqu\u00eatrice sp\u00e9cialement form\u00e9e<\/strong> pour la gestion des dossiers portant sur la maltraitance animale\u2009\u00bb.<\/p>\n<p>Votre r\u00e9gion, votre actu !<\/p>\n<p>Recevez chaque jour les infos qui comptent pour vous.<\/p>\n<p>\t<a href=\"https:\/\/actu.fr\/newsletter\" class=\"ac-btn ac-btn--corner ac-btn--medium ac-btn--blue800\" target=\"_blank\" rel=\"noopener\">S&rsquo;incrire<\/a><\/p>\n<p class=\" wall-content\">Cette derni\u00e8re \u00ab\u2009dispose d\u2019\u00e9l\u00e9ments concrets permettant d\u2019attester de la r\u00e9alit\u00e9 de l\u2019infraction\u2009\u00bb.<\/p>\n<p class=\" wall-content\">Personnalisez votre actualit\u00e9 en ajoutant vos villes et m\u00e9dias en favori avec <a href=\"https:\/\/moncompte.actu.fr\" title=\"D\u00e9couvez Mon Actu\" rel=\"nofollow noopener\" data-trk=\"{&quot;cta&quot;:{&quot;action&quot;:&quot;https:\\\/\\\/moncompte.actu.fr&quot;,&quot;category&quot;:&quot;mon compte&quot;,&quot;from&quot;:&quot;article footer&quot;,&quot;name&quot;:&quot;Mon actu&quot;,&quot;type&quot;:&quot;cta&quot;}}\" target=\"_blank\">Mon Actu<\/a>.<\/p>\n","protected":false},"excerpt":{"rendered":"Par Ivan CAPECCHI Publi\u00e9 le 27 ao\u00fbt 2025 \u00e0 10h47 Dans un tweet publi\u00e9 ce mercredi, la police&hellip;\n","protected":false},"author":2,"featured_media":347205,"comment_status":"","ping_status":"","sticky":false,"template":"","format":"standard","meta":{"footnotes":""},"categories":[2820],"tags":[1111,11,1867,4850,1777,674,118,1011,27,775,12,1072,25,640],"class_list":{"0":"post-347204","1":"post","2":"type-post","3":"status-publish","4":"format-standard","5":"has-post-thumbnail","7":"category-strasbourg","8":"tag-actu","9":"tag-actualites","10":"tag-animaux","11":"tag-chien","12":"tag-eu","13":"tag-europe","14":"tag-faits-divers","15":"tag-fr","16":"tag-france","17":"tag-grand-est","18":"tag-news","19":"tag-police","20":"tag-republique-francaise","21":"tag-strasbourg"},"share_on_mastodon":{"url":"https:\/\/pubeurope.com\/@fr\/115099895371169763","error":""},"_links":{"self":[{"href":"https:\/\/www.europesays.com\/fr\/wp-json\/wp\/v2\/posts\/347204","targetHints":{"allow":["GET"]}}],"collection":[{"href":"https:\/\/www.europesays.com\/fr\/wp-json\/wp\/v2\/posts"}],"about":[{"href":"https:\/\/www.europesays.com\/fr\/wp-json\/wp\/v2\/types\/post"}],"author":[{"embeddable":true,"href":"https:\/\/www.europesays.com\/fr\/wp-json\/wp\/v2\/users\/2"}],"replies":[{"embeddable":true,"href":"https:\/\/www.europesays.com\/fr\/wp-json\/wp\/v2\/comments?post=347204"}],"version-history":[{"count":0,"href":"https:\/\/www.europesays.com\/fr\/wp-json\/wp\/v2\/posts\/347204\/revisions"}],"wp:featuredmedia":[{"embeddable":true,"href":"https:\/\/www.europesays.com\/fr\/wp-json\/wp\/v2\/media\/347205"}],"wp:attachment":[{"href":"https:\/\/www.europesays.com\/fr\/wp-json\/wp\/v2\/media?parent=347204"}],"wp:term":[{"taxonomy":"category","embeddable":true,"href":"https:\/\/www.europesays.com\/fr\/wp-json\/wp\/v2\/categories?post=347204"},{"taxonomy":"post_tag","embeddable":true,"href":"https:\/\/www.europesays.com\/fr\/wp-json\/wp\/v2\/tags?post=347204"}],"curies":[{"name":"wp","href":"https:\/\/api.w.org\/{rel}","templated":true}]}}