{"id":347206,"date":"2025-08-27T08:56:09","date_gmt":"2025-08-27T08:56:09","guid":{"rendered":"https:\/\/www.europesays.com\/fr\/347206\/"},"modified":"2025-08-27T08:56:09","modified_gmt":"2025-08-27T08:56:09","slug":"strasbourg-un-camion-poubelle-heurte-un-pont-trois-blesses-legers","status":"publish","type":"post","link":"https:\/\/www.europesays.com\/fr\/347206\/","title":{"rendered":"Strasbourg. Un camion poubelle heurte un pont, trois bless\u00e9s l\u00e9gers"},"content":{"rendered":"<p>            Par<br \/>\n        <strong><br \/>\n            <a href=\"https:\/\/actu.fr\/auteur\/redaction-strasbourg\" title=\"Consulter tous les articles de R\u00e9daction Strasbourg\" rel=\"nofollow noopener\" target=\"_blank\">R\u00e9daction Strasbourg<\/a><br \/>\n        <\/strong><\/p>\n<p>        Publi\u00e9 le<\/p>\n<p>            27 ao\u00fbt 2025 \u00e0 10h29        <\/p>\n<p>Les<strong> sapeurs-pompiers<\/strong> du Bas-Rhin sont intervenus ce mercredi 27 ao\u00fbt peu avant 7h dans le secteur de Koenigshoffen \u00e0 <a href=\"https:\/\/actu.fr\/strasbourg\/\" rel=\"nofollow noopener\" target=\"_blank\">Strasbourg<\/a> apr\u00e8s qu\u2019un<strong> camion poubelle a percut\u00e9 un pont de la SNCF<\/strong>, confirme le SDIS \u00e0 la suite d\u2019une information relay\u00e9e par les <a href=\"https:\/\/c.dna.fr\/transport\/2025\/08\/27\/la-circulation-des-trains-fortement-perturbee-entre-strasbourg-et-molsheim\" rel=\"nofollow noopener\" target=\"_blank\">Derni\u00e8res Nouvelles d\u2019Alsace<\/a>.<\/p>\n<p>Trois bless\u00e9s l\u00e9gers<\/p>\n<p class=\" wall-content\"><strong>Trois passagers du camion ont \u00e9t\u00e9 bless\u00e9s<\/strong> dans le choc et ont \u00e9t\u00e9 pris en charge par les pompiers en <strong>\u00e9tat d\u2019urgence relative.<\/strong> Ils ont \u00e9t\u00e9 transport\u00e9s \u00e0 l\u2019h\u00f4pital de Hautepierre.<\/p>\n<p class=\" wall-content\">\n<p class=\" wall-content\">Cet accident <strong>a entra\u00een\u00e9 des perturbations sur la ligne de TER<\/strong> entre Strasbourg et S\u00e9lestat et entre Strasbourg et Molsheim jusqu\u2019\u00e0 environ 10h.<\/p>\n<p class=\" wall-content\">Personnalisez votre actualit\u00e9 en ajoutant vos villes et m\u00e9dias en favori avec <a href=\"https:\/\/moncompte.actu.fr\" title=\"D\u00e9couvez Mon Actu\" rel=\"nofollow noopener\" data-trk=\"{&quot;cta&quot;:{&quot;action&quot;:&quot;https:\\\/\\\/moncompte.actu.fr&quot;,&quot;category&quot;:&quot;mon compte&quot;,&quot;from&quot;:&quot;article footer&quot;,&quot;name&quot;:&quot;Mon actu&quot;,&quot;type&quot;:&quot;cta&quot;}}\" target=\"_blank\">Mon Actu<\/a>.<\/p>\n","protected":false},"excerpt":{"rendered":"Par R\u00e9daction Strasbourg Publi\u00e9 le 27 ao\u00fbt 2025 \u00e0 10h29 Les sapeurs-pompiers du Bas-Rhin sont intervenus ce mercredi&hellip;\n","protected":false},"author":2,"featured_media":270432,"comment_status":"","ping_status":"","sticky":false,"template":"","format":"standard","meta":{"footnotes":""},"categories":[2820],"tags":[1111,11,1777,674,1011,27,775,12,1311,25,104,640],"class_list":{"0":"post-347206","1":"post","2":"type-post","3":"status-publish","4":"format-standard","5":"has-post-thumbnail","7":"category-strasbourg","8":"tag-actu","9":"tag-actualites","10":"tag-eu","11":"tag-europe","12":"tag-fr","13":"tag-france","14":"tag-grand-est","15":"tag-news","16":"tag-pompiers","17":"tag-republique-francaise","18":"tag-societe","19":"tag-strasbourg"},"share_on_mastodon":{"url":"https:\/\/pubeurope.com\/@fr\/115099899251148678","error":""},"_links":{"self":[{"href":"https:\/\/www.europesays.com\/fr\/wp-json\/wp\/v2\/posts\/347206","targetHints":{"allow":["GET"]}}],"collection":[{"href":"https:\/\/www.europesays.com\/fr\/wp-json\/wp\/v2\/posts"}],"about":[{"href":"https:\/\/www.europesays.com\/fr\/wp-json\/wp\/v2\/types\/post"}],"author":[{"embeddable":true,"href":"https:\/\/www.europesays.com\/fr\/wp-json\/wp\/v2\/users\/2"}],"replies":[{"embeddable":true,"href":"https:\/\/www.europesays.com\/fr\/wp-json\/wp\/v2\/comments?post=347206"}],"version-history":[{"count":0,"href":"https:\/\/www.europesays.com\/fr\/wp-json\/wp\/v2\/posts\/347206\/revisions"}],"wp:featuredmedia":[{"embeddable":true,"href":"https:\/\/www.europesays.com\/fr\/wp-json\/wp\/v2\/media\/270432"}],"wp:attachment":[{"href":"https:\/\/www.europesays.com\/fr\/wp-json\/wp\/v2\/media?parent=347206"}],"wp:term":[{"taxonomy":"category","embeddable":true,"href":"https:\/\/www.europesays.com\/fr\/wp-json\/wp\/v2\/categories?post=347206"},{"taxonomy":"post_tag","embeddable":true,"href":"https:\/\/www.europesays.com\/fr\/wp-json\/wp\/v2\/tags?post=347206"}],"curies":[{"name":"wp","href":"https:\/\/api.w.org\/{rel}","templated":true}]}}