{"id":347216,"date":"2025-08-27T09:04:08","date_gmt":"2025-08-27T09:04:08","guid":{"rendered":"https:\/\/www.europesays.com\/fr\/347216\/"},"modified":"2025-08-27T09:04:08","modified_gmt":"2025-08-27T09:04:08","slug":"lusine-de-charbon-vegetal-de-miraia-lorgne-les-forets-du-sud-ouest","status":"publish","type":"post","link":"https:\/\/www.europesays.com\/fr\/347216\/","title":{"rendered":"L&rsquo;usine de charbon v\u00e9g\u00e9tal de Mira\u00efa lorgne les for\u00eats du Sud-Ouest"},"content":{"rendered":"<p>Mis en avant pour s\u00e9questrer du carbone sur le long terme, limiter les engrais chimiques et produire des \u00e9nergies renouvelables, le biochar, ou charbon v\u00e9g\u00e9tal suscite l&rsquo;int\u00e9r\u00eat croissant des industriels. Dans le Sud-Ouest, la start-up toulousaine Mira\u00efa a pour projet d&rsquo;implanter une premi\u00e8re usine sur la commune de Garlin dans les Pyr\u00e9n\u00e9es-Atlantiques. Elle d\u00e9posera une demande d&rsquo;autorisation environnementale \u00e0 l&rsquo;automne, et envisage, apr\u00e8s un an d&rsquo;instruction puis un an de construction, si tout va bien, la mise en service pour fin 2027.<\/p>\n<p>Selon ses pr\u00e9visions, Mira\u00efa utilisera 120 000 tonnes de biomasse fra\u00eeche pour produire 20.000 tonnes de biochar par an selon le processus de pyrolyse qui consiste \u00e0 chauffer la mati\u00e8re dans un environnement sans oxyg\u00e8ne. Mira\u00efa cible trois march\u00e9s : l&rsquo;agriculture pour amender le sol, la construction et la m\u00e9tallurgie pour proposer un substitut au charbon fossile.<\/p>\n<p>\u00ab\u00a0En Europe, 51 millions de tonnes de charbon fossile sont encore utilis\u00e9es chaque ann\u00e9e pour la m\u00e9tallurgie. Or d&rsquo;ici \u00e0 2030, il faudra diminuer cette consommation de moiti\u00e9\u00a0\u00bb, explique Jean Marchal, en charge du d\u00e9veloppement commercial chez Mira\u00efa. De la bio-huile, alternative aux carburants fossiles, sera \u00e9galement produite \u00e0 partir des gaz et vapeurs g\u00e9n\u00e9r\u00e9s pendant la pyrolyse. \u00ab\u00a0Nous essayons de ne rien g\u00e2cher\u00a0\u00bb, pr\u00e9cise Jean Marchal.<\/p>\n<p> Explosion de la demande en bois <\/p>\n<p>Sur le papier, les ambitions sont louables, mais des voix s&rsquo;\u00e9l\u00e8vent pour alerter sur la menace qui p\u00e8se sur la\u00a0for\u00eat des Landes de Gascogne. \u00ab\u00a0On estime qu&rsquo;il n&rsquo;y aura pas suffisamment de bois pour tout le monde !\u00a0\u00bb, d\u00e9clarait en juillet\u00a0<a href=\"https:\/\/objectifaquitaine.latribune.fr\/business\/industrie\/2025-07-23\/l-avenir-de-la-foret-des-landes-de-gascogne-menace-par-l-explosion-de-la-demande-en-bois-1030112.html\" rel=\"nofollow noopener\" target=\"_blank\">\u00e0 La Tribune Anne Guivarc&rsquo;h,<\/a> la directrice de la F\u00e9d\u00e9ration des industries du bois de Nouvelle-Aquitaine. Car ce projet n&rsquo;est pas le seul projet industriel dans les cartons.<\/p>\n<p>Quatre nouvelles usines, annonc\u00e9es entre 2027 et 2030, vont solliciter la fili\u00e8re locale, dont <a href=\"https:\/\/objectifaquitaine.latribune.fr\/business\/2025-06-12\/e-carburants-le-projet-e-cho-e-carburants-le-projet-e-cho-face-aux-exigences-de-tracabilite-de-sa-biomasse-1026517.html\" rel=\"nofollow noopener\" target=\"_blank\">le projet XXL d&rsquo;Elyse Energy \u00e0 Lacq<\/a> et <a href=\"https:\/\/objectifaquitaine.latribune.fr\/business\/aeronautique-et-defense\/2025-03-31\/carburants-aeriens-durables-verso-energy-mise-3-6-milliards-d-euros-en-nouvelle-aquitaine-1021122.html\" rel=\"nofollow noopener\" target=\"_blank\">celui de Verso Energy \u00e0 Tartas<\/a>. Concernant le projet de Garlin, le Collectif For\u00eats Vivantes Pyr\u00e9n\u00e9es, qui regroupe 73 associations, a d\u00e9pos\u00e9 un recours en contentieux contre la modification de PLU r\u00e9alis\u00e9e pour cette future implantation. \u00ab Dans un contexte de changement climatique qui a un impact sur la sant\u00e9 des for\u00eats, ce projet est d\u00e9ment. Le probl\u00e8me, c&rsquo;est le niveau industriel\u00a0\u00bb, s&rsquo;exclame Agn\u00e8s Lafaye, membre du collectif qui dit\u00a0guetter les arbitrages de la cellule r\u00e9gionale biomasse.<\/p>\n<p><a href=\"https:\/\/objectifaquitaine.latribune.fr\/business\/2024-10-23\/les-carburants-aeriens-durables-au-defi-de-s-industrialiser-1009255.html\" rel=\"nofollow noopener\" target=\"_blank\">Les carburants a\u00e9riens durables au d\u00e9fi de s&rsquo;industrialiser<\/a><\/p>\n<p>  <strong>50 % de r\u00e9sidus d&rsquo;exploitation foresti\u00e8re<\/strong> <\/p>\n<p>Consciente de la probl\u00e9matique autour de la ressource bois, l&rsquo;entreprise Mira\u00efa reconnait qu&rsquo;il va falloir se poser des questions sur les usages actuels de la biomasse. L&rsquo;entreprise s&rsquo;appuie pour cela sur l&rsquo;\u00e9chelle r\u00e9alis\u00e9e sur la hi\u00e9rarchie des usages de la biomasse \u00e0 l&rsquo;occasion du Grenelle de l&rsquo;environnement en 2007. \u00ab\u00a0Si l&rsquo;alimentation est la priorit\u00e9 num\u00e9ro une, les biofertilisants et les mat\u00e9riaux sont les usages class\u00e9s 2 et 3 en termes de priorit\u00e9 d&rsquo;utilisation devant la chaleur et l&rsquo;\u00e9lectricit\u00e9. Or aujourd&rsquo;hui, 60 % du bois r\u00e9colt\u00e9 en France part en combustion\u00a0\u00bb, explique Jean Marchal qui pr\u00e9cise par ailleurs que Mira\u00efa a fait \u00e9voluer sa technologie qui lui permet d&rsquo;\u00eatre tr\u00e8s flexible au niveau des intrants. \u00ab\u00a0Nous pourrons utiliser des plaquettes foresti\u00e8res, du broyat mais aussi certains d\u00e9chets agricoles. \u00bb<\/p>\n<p>L&rsquo;outil pilote en cours d&rsquo;installation dans la r\u00e9gion toulousaine sera l&rsquo;occasion de tester ces mati\u00e8res. \u00c0 ce stade, le plan d&rsquo;approvisionnement de Mira\u00efa pr\u00e9voit d&rsquo;utiliser 50 % de r\u00e9sidus d&rsquo;exploitation foresti\u00e8re et 50 %\u00a0de d\u00e9chets de revalorisation, type chutes en scierie et d\u00e9chets verts. \u00ab\u00a0Avec 60.000 tonnes de r\u00e9sidus, nous serons un petit acteur\u00a0par rapport \u00e0 une grosse papeterie qui consomme deux millions de tonnes de bois par an \u00bb, souligne Julien Marchal.<\/p>\n<p>Pas de quoi convaincre le collectif : \u00ab La fili\u00e8re des r\u00e9sidus est d\u00e9j\u00e0 utilis\u00e9e !\u00a0\u00bb,\u00a0rebondit Agn\u00e8s Lafaye favorable au d\u00e9veloppement de projets de territoire sur ces terres \u00ab qui ont \u00e9t\u00e9 vendues par des agriculteurs \u00e0 la communaut\u00e9 de communes\u00a0\u00bb.\u00a0Et d&rsquo;ajouter : \u00ab Quel agriculteur local va acheter du biochar \u00e0 800 ou 1.000 euros la tonne ?\u00a0\u00bb Sur la question du prix, 700 euros la tonne c\u00f4t\u00e9 Mira\u00efa, le biochar ne doit pas \u00eatre compar\u00e9 \u00e0 de l&rsquo;engrais. \u00ab\u00a0On en met une fois, il reste dans le sol\u00a0\u00bb, explique Julien Marchal qui entend r\u00e9pondre \u00e0 une demande de la viticulture. \u00ab\u00a0C&rsquo;est un produit qui permet la r\u00e9tention d&rsquo;eau.\u00a0\u00bb Le d\u00e9bat s&rsquo;annonce encore long et anim\u00e9.<\/p>\n<p><a href=\"https:\/\/objectifaquitaine.latribune.fr\/business\/industrie\/2025-07-23\/l-avenir-de-la-foret-des-landes-de-gascogne-menace-par-l-explosion-de-la-demande-en-bois-1030112.html\" rel=\"nofollow noopener\" target=\"_blank\">L&rsquo;avenir de la for\u00eat des Landes de Gascogne menac\u00e9 par l&rsquo;explosion de la demande en bois<\/a><\/p>\n","protected":false},"excerpt":{"rendered":"Mis en avant pour s\u00e9questrer du carbone sur le long terme, limiter les engrais chimiques et produire des&hellip;\n","protected":false},"author":2,"featured_media":347217,"comment_status":"","ping_status":"","sticky":false,"template":"","format":"standard","meta":{"footnotes":""},"categories":[2816],"tags":[1111,11,1777,674,1011,27,12,2680,25,2312],"class_list":{"0":"post-347216","1":"post","2":"type-post","3":"status-publish","4":"format-standard","5":"has-post-thumbnail","7":"category-toulouse","8":"tag-actu","9":"tag-actualites","10":"tag-eu","11":"tag-europe","12":"tag-fr","13":"tag-france","14":"tag-news","15":"tag-occitanie","16":"tag-republique-francaise","17":"tag-toulouse"},"share_on_mastodon":{"url":"https:\/\/pubeurope.com\/@fr\/115099930734612434","error":""},"_links":{"self":[{"href":"https:\/\/www.europesays.com\/fr\/wp-json\/wp\/v2\/posts\/347216","targetHints":{"allow":["GET"]}}],"collection":[{"href":"https:\/\/www.europesays.com\/fr\/wp-json\/wp\/v2\/posts"}],"about":[{"href":"https:\/\/www.europesays.com\/fr\/wp-json\/wp\/v2\/types\/post"}],"author":[{"embeddable":true,"href":"https:\/\/www.europesays.com\/fr\/wp-json\/wp\/v2\/users\/2"}],"replies":[{"embeddable":true,"href":"https:\/\/www.europesays.com\/fr\/wp-json\/wp\/v2\/comments?post=347216"}],"version-history":[{"count":0,"href":"https:\/\/www.europesays.com\/fr\/wp-json\/wp\/v2\/posts\/347216\/revisions"}],"wp:featuredmedia":[{"embeddable":true,"href":"https:\/\/www.europesays.com\/fr\/wp-json\/wp\/v2\/media\/347217"}],"wp:attachment":[{"href":"https:\/\/www.europesays.com\/fr\/wp-json\/wp\/v2\/media?parent=347216"}],"wp:term":[{"taxonomy":"category","embeddable":true,"href":"https:\/\/www.europesays.com\/fr\/wp-json\/wp\/v2\/categories?post=347216"},{"taxonomy":"post_tag","embeddable":true,"href":"https:\/\/www.europesays.com\/fr\/wp-json\/wp\/v2\/tags?post=347216"}],"curies":[{"name":"wp","href":"https:\/\/api.w.org\/{rel}","templated":true}]}}