{"id":347222,"date":"2025-08-27T09:08:10","date_gmt":"2025-08-27T09:08:10","guid":{"rendered":"https:\/\/www.europesays.com\/fr\/347222\/"},"modified":"2025-08-27T09:08:10","modified_gmt":"2025-08-27T09:08:10","slug":"alerte-meteo-a-marseille-et-dans-les-bouches-du-rhone-un-phenomene-rare","status":"publish","type":"post","link":"https:\/\/www.europesays.com\/fr\/347222\/","title":{"rendered":"Alerte m\u00e9t\u00e9o \u00e0 Marseille et dans les Bouches-du-Rh\u00f4ne : \u00ab\u00a0Un ph\u00e9nom\u00e8ne rare\u00a0\u00bb"},"content":{"rendered":"<p>            Par<br \/>\n        <strong><br \/>\n            <a href=\"https:\/\/actu.fr\/auteur\/thomas-blanc\" title=\"Consulter tous les articles de Thomas Blanc\" target=\"_blank\" rel=\"noopener\">Thomas Blanc<\/a><br \/>\n        <\/strong><\/p>\n<p>        Publi\u00e9 le<\/p>\n<p>            27 ao\u00fbt 2025 \u00e0 10h42<br \/>\n        ; mis \u00e0 jour le 27 ao\u00fbt 2025 \u00e0 10h43    <\/p>\n<p>C\u2019est un \u00e9pisode peu fr\u00e9quent que va conna\u00eetre <a href=\"https:\/\/actu.fr\/marseille\/\" target=\"_blank\" rel=\"noopener\">Marseille<\/a> ces prochaines heures. En effet, la mer <a href=\"https:\/\/actu.fr\/tag\/mediterranee\" target=\"_blank\" rel=\"noopener\">M\u00e9diterran\u00e9e<\/a> va fortement <strong>s\u2019agiter<\/strong> sur les c\u00f4tes des <a href=\"https:\/\/actu.fr\/provence-alpes-cote-d-azur\/bouches-du-rhone_13\" target=\"_blank\" rel=\"noopener\">Bouches-du-Rh\u00f4ne<\/a> \u00e0 partir du d\u00e9but d\u2019apr\u00e8s-midi ce mercredi\u00a027 et ce jeudi 28\u00a0ao\u00fbt.<\/p>\n<p class=\" wall-content\"><a href=\"https:\/\/actu.fr\/tag\/meteo-france\" target=\"_blank\" rel=\"noopener\">M\u00e9t\u00e9o France<\/a> a annonc\u00e9 \u00e0 la pr\u00e9fecture des Bouches-du-Rh\u00f4ne que la houle pourra atteindre <strong>1,5 m\u00e8tre<\/strong>, rendant la mer particuli\u00e8rement agit\u00e9e et dangereuse. \u00ab\u2009Un ph\u00e9nom\u00e8ne tr\u00e8s rare\u2009\u00bb, pr\u00e9cisent les autorit\u00e9s.<\/p>\n<p>Une grande vigilance demand\u00e9e<\/p>\n<p class=\" wall-content\">Les autorit\u00e9s appellent \u00e0 la plus <strong>grande prudence<\/strong>.<\/p>\n<p class=\" wall-content\">Les d\u00e9placements \u00e0 pied ou en voiture en bord de mer sont \u00ab\u2009\u00e0 \u00e9viter\u2009\u00bb, tout comme l\u2019emprunt de routes expos\u00e9es aux embruns ou \u00ab\u2009d\u00e9j\u00e0 inond\u00e9es.\u2009\u00bb<\/p>\n<p class=\" wall-content\">\n<p class=\" wall-content\">Les promeneurs et riverains doivent rester \u00e9loign\u00e9s des zones c\u00f4ti\u00e8res les plus expos\u00e9es o\u00f9 une \u00e9l\u00e9vation temporaire du niveau de la mer pourrait provoquer des <strong>envahissements localis\u00e9s<\/strong>.<\/p>\n<p class=\" wall-content\">Sur les plages, il est vivement recommand\u00e9 de privil\u00e9gier les zones surveill\u00e9es et de \u00ab\u2009respecter les couleurs des drapeaux\u2009\u00bb indiquant le degr\u00e9 de danger. Les loisirs nautiques (baignade, paddle, voile, plong\u00e9e\u2026) sont \u00e0 \u00e9viter en raison des risques importants li\u00e9s aux <strong>fortes vagues<\/strong>. Enfin, les sorties en mer sont fortement d\u00e9conseill\u00e9es.<\/p>\n<p>Un ph\u00e9nom\u00e8ne dans toute la France<\/p>\n<p class=\" wall-content\">M\u00e9t\u00e9o France annonce sur son compte <a href=\"https:\/\/www.facebook.com\/MeteoFrance\" target=\"_blank\" rel=\"noopener\">Facebook<\/a> que de fortes vagues sont \u00e9galement attendues dans l\u2019ouest de la France.<\/p>\n<p>Votre r\u00e9gion, votre actu !<\/p>\n<p>Recevez chaque jour les infos qui comptent pour vous.<\/p>\n<p>\t<a href=\"https:\/\/actu.fr\/newsletter\" class=\"ac-btn ac-btn--corner ac-btn--medium ac-btn--blue800\" target=\"_blank\" rel=\"noopener\">S&rsquo;incrire<\/a><\/p>\n<p>    <a href=\"https:\/\/www.facebook.com\/plugins\/post.php?href=https%3A%2F%2Fwww.facebook.com%2FMeteoFrance%2Fposts%2Fpfbid02NemjJnea4jf4xBRmjeZgrAaLahPiWvv2To6RuMMFs4HhyrkLGGpUiiXdXXRLUFcwl&amp;show_text=true&amp;width=350\" title=\"Ouvrie le lien\" target=\"_blank\" rel=\"noopener\">Cliquez ici pour visualiser le contenu<\/a><\/p>\n<p class=\" wall-content\">\u00ab\u2009La d\u00e9pression li\u00e9e \u00e0 l\u2019ex-cyclone Erin, g\u00e9n\u00e8re une <strong>houle \u00e9nerg\u00e9tique<\/strong> depuis lundi soir sur les c\u00f4tes bretonnes et en entr\u00e9e de Manche\u2009\u00bb, \u00e9crit le service officiel de la m\u00e9t\u00e9orologie et de la climatologie dans l\u2019Hexagone. Le ph\u00e9nom\u00e8ne \u00ab\u2009se propage dans le golfe de Gascogne.\u2009\u00bb<\/p>\n<p class=\" wall-content\">Il conclut son annonce avec cette mise en garde\u2009: \u00ab\u2009soyez <strong>prudents aux abords des plages<\/strong> et sur le littoral et suivez les recommandations des autorit\u00e9s locales\u2009!\u2009\u00bb<\/p>\n<p class=\" wall-content\">Dans cette zone, les vagues atteindront jusqu\u2019\u00e0 <strong>cinq m\u00e8tres de haut<\/strong>, Marseille ne s\u2019en sort finalement pas si mal\u2026<\/p>\n<p class=\" wall-content\">Personnalisez votre actualit\u00e9 en ajoutant vos villes et m\u00e9dias en favori avec <a href=\"https:\/\/moncompte.actu.fr\" title=\"D\u00e9couvez Mon Actu\" rel=\"nofollow noopener\" data-trk=\"{&quot;cta&quot;:{&quot;action&quot;:&quot;https:\\\/\\\/moncompte.actu.fr&quot;,&quot;category&quot;:&quot;mon compte&quot;,&quot;from&quot;:&quot;article footer&quot;,&quot;name&quot;:&quot;Mon actu&quot;,&quot;type&quot;:&quot;cta&quot;}}\" target=\"_blank\">Mon Actu<\/a>.<\/p>\n","protected":false},"excerpt":{"rendered":"Par Thomas Blanc Publi\u00e9 le 27 ao\u00fbt 2025 \u00e0 10h42 ; mis \u00e0 jour le 27 ao\u00fbt 2025&hellip;\n","protected":false},"author":2,"featured_media":71474,"comment_status":"","ping_status":"","sticky":false,"template":"","format":"standard","meta":{"footnotes":""},"categories":[2814],"tags":[1111,11,1777,674,1011,27,884,1252,2487,2357,12,882,25],"class_list":{"0":"post-347222","1":"post","2":"type-post","3":"status-publish","4":"format-standard","5":"has-post-thumbnail","7":"category-marseille","8":"tag-actu","9":"tag-actualites","10":"tag-eu","11":"tag-europe","12":"tag-fr","13":"tag-france","14":"tag-marseille","15":"tag-mediterranee","16":"tag-meteo","17":"tag-meteo-france","18":"tag-news","19":"tag-provence-alpes-cote-dazur","20":"tag-republique-francaise"},"share_on_mastodon":{"url":"https:\/\/pubeurope.com\/@fr\/115099946400804110","error":""},"_links":{"self":[{"href":"https:\/\/www.europesays.com\/fr\/wp-json\/wp\/v2\/posts\/347222","targetHints":{"allow":["GET"]}}],"collection":[{"href":"https:\/\/www.europesays.com\/fr\/wp-json\/wp\/v2\/posts"}],"about":[{"href":"https:\/\/www.europesays.com\/fr\/wp-json\/wp\/v2\/types\/post"}],"author":[{"embeddable":true,"href":"https:\/\/www.europesays.com\/fr\/wp-json\/wp\/v2\/users\/2"}],"replies":[{"embeddable":true,"href":"https:\/\/www.europesays.com\/fr\/wp-json\/wp\/v2\/comments?post=347222"}],"version-history":[{"count":0,"href":"https:\/\/www.europesays.com\/fr\/wp-json\/wp\/v2\/posts\/347222\/revisions"}],"wp:featuredmedia":[{"embeddable":true,"href":"https:\/\/www.europesays.com\/fr\/wp-json\/wp\/v2\/media\/71474"}],"wp:attachment":[{"href":"https:\/\/www.europesays.com\/fr\/wp-json\/wp\/v2\/media?parent=347222"}],"wp:term":[{"taxonomy":"category","embeddable":true,"href":"https:\/\/www.europesays.com\/fr\/wp-json\/wp\/v2\/categories?post=347222"},{"taxonomy":"post_tag","embeddable":true,"href":"https:\/\/www.europesays.com\/fr\/wp-json\/wp\/v2\/tags?post=347222"}],"curies":[{"name":"wp","href":"https:\/\/api.w.org\/{rel}","templated":true}]}}