{"id":347225,"date":"2025-08-27T09:10:09","date_gmt":"2025-08-27T09:10:09","guid":{"rendered":"https:\/\/www.europesays.com\/fr\/347225\/"},"modified":"2025-08-27T09:10:09","modified_gmt":"2025-08-27T09:10:09","slug":"trenitalia-double-sa-capacite-le-30-et-31-aout","status":"publish","type":"post","link":"https:\/\/www.europesays.com\/fr\/347225\/","title":{"rendered":"Trenitalia double sa capacit\u00e9 le 30 et 31 ao\u00fbt"},"content":{"rendered":"<p>La compagnie ferroviaire Trenitalia d\u00e9cide de doubler les places disponibles dans les trains Paris-Marseille &#8211; via Lyon -, afin de g\u00e9rer au mieux le retour des vacanciers et la forte affluence pr\u00e9vue pour le dernier week-end d\u2019ao\u00fbt.\u00a0<\/p>\n<p>Le dernier week-end d\u2019ao\u00fbt est traditionnellement synonyme de fin des vacances et de retour \u00e0 la maison. Pour anticiper la forte demande sur les billets de train, la compagnie ferroviaire Trenitalia a annonc\u00e9 augmenter sa capacit\u00e9 d\u2019accueil sur les trains \u00e0 grande vitesse reliant Paris et Marseille et passant par Lyon.\u00a0<\/p>\n<p>Gr\u00e2ce au syst\u00e8me des \u201cunit\u00e9s multiples\u201d, qui consiste \u00e0 accoler deux rames pour ne former qu\u2019un seul train, la compagnie italienne entend doubler les places disponibles (de 462 \u00e0 924 si\u00e8ges par train). Cette configuration sera appliqu\u00e9e pour la premi\u00e8re fois sur la ligne Paris-Marseille, apr\u00e8s plusieurs succ\u00e8s sur les trains entre Paris et Lyon.\u00a0<\/p>\n<p>Ainsi, pr\u00e9sente en France depuis 2021 et \u00e9lue premi\u00e8re compagnie ferroviaire europ\u00e9enne en 2024, Trenitalia s\u2019impose peu \u00e0 peu comme un concurrent de la SNCF sur le territoire fran\u00e7ais.\u00a0<\/p>\n","protected":false},"excerpt":{"rendered":"La compagnie ferroviaire Trenitalia d\u00e9cide de doubler les places disponibles dans les trains Paris-Marseille &#8211; via Lyon -,&hellip;\n","protected":false},"author":2,"featured_media":235430,"comment_status":"","ping_status":"","sticky":false,"template":"","format":"standard","meta":{"footnotes":""},"categories":[1889],"tags":[1111,11,2430,1777,674,1011,27,2428,12,25],"class_list":{"0":"post-347225","1":"post","2":"type-post","3":"status-publish","4":"format-standard","5":"has-post-thumbnail","7":"category-lyon","8":"tag-actu","9":"tag-actualites","10":"tag-auvergne-rhone-alpes","11":"tag-eu","12":"tag-europe","13":"tag-fr","14":"tag-france","15":"tag-lyon","16":"tag-news","17":"tag-republique-francaise"},"share_on_mastodon":{"url":"https:\/\/pubeurope.com\/@fr\/115099954360697286","error":""},"_links":{"self":[{"href":"https:\/\/www.europesays.com\/fr\/wp-json\/wp\/v2\/posts\/347225","targetHints":{"allow":["GET"]}}],"collection":[{"href":"https:\/\/www.europesays.com\/fr\/wp-json\/wp\/v2\/posts"}],"about":[{"href":"https:\/\/www.europesays.com\/fr\/wp-json\/wp\/v2\/types\/post"}],"author":[{"embeddable":true,"href":"https:\/\/www.europesays.com\/fr\/wp-json\/wp\/v2\/users\/2"}],"replies":[{"embeddable":true,"href":"https:\/\/www.europesays.com\/fr\/wp-json\/wp\/v2\/comments?post=347225"}],"version-history":[{"count":0,"href":"https:\/\/www.europesays.com\/fr\/wp-json\/wp\/v2\/posts\/347225\/revisions"}],"wp:featuredmedia":[{"embeddable":true,"href":"https:\/\/www.europesays.com\/fr\/wp-json\/wp\/v2\/media\/235430"}],"wp:attachment":[{"href":"https:\/\/www.europesays.com\/fr\/wp-json\/wp\/v2\/media?parent=347225"}],"wp:term":[{"taxonomy":"category","embeddable":true,"href":"https:\/\/www.europesays.com\/fr\/wp-json\/wp\/v2\/categories?post=347225"},{"taxonomy":"post_tag","embeddable":true,"href":"https:\/\/www.europesays.com\/fr\/wp-json\/wp\/v2\/tags?post=347225"}],"curies":[{"name":"wp","href":"https:\/\/api.w.org\/{rel}","templated":true}]}}