{"id":347226,"date":"2025-08-27T09:11:10","date_gmt":"2025-08-27T09:11:10","guid":{"rendered":"https:\/\/www.europesays.com\/fr\/347226\/"},"modified":"2025-08-27T09:11:10","modified_gmt":"2025-08-27T09:11:10","slug":"lyon-meteo-france-active-lalerte-orange-aux-orages-voici-les-secteurs-concernes","status":"publish","type":"post","link":"https:\/\/www.europesays.com\/fr\/347226\/","title":{"rendered":"Lyon. M\u00e9t\u00e9o-France active l&rsquo;alerte orange aux orages, voici les secteurs concern\u00e9s"},"content":{"rendered":"<p>            Par<br \/>\n        <strong><br \/>\n            <a href=\"https:\/\/actu.fr\/auteur\/theo-zuili\" title=\"Consulter tous les articles de Th\u00e9o Zuili\" target=\"_blank\" rel=\"noopener\">Th\u00e9o Zuili<\/a><br \/>\n        <\/strong><\/p>\n<p>        Publi\u00e9 le<\/p>\n<p>            27 ao\u00fbt 2025 \u00e0 11h04        <\/p>\n<p>La vigilance jaune va laisser place \u00e0 l\u2019<strong>alerte orange<\/strong> dans le Rh\u00f4ne ce mercredi 27 ao\u00fbt 2025 : M\u00e9t\u00e9o-France pr\u00e9voit <a href=\"https:\/\/actu.fr\/meteo\/des-orages-violents-frappent-la-france-ce-mercredi-la-vigilance-orange-activee-dans-dizaine-de-departements_63079475.html\" target=\"_blank\" rel=\"noopener\">un risque d\u2019orages violents dans 28 d\u00e9partements<\/a> alors qu\u2019une d\u00e9gradation pluvio-orageuse \u00ab\u00a0marqu\u00e9e\u00a0\u00bb menace une partie de la France.<\/p>\n<p class=\" wall-content\">\n<p class=\" wall-content\"><a href=\"https:\/\/actu.fr\/tag\/meteo-france\" target=\"_blank\" rel=\"noopener\">M\u00e9t\u00e9o-France<\/a> met en garde la population alors que des orages violents et de forts cumuls sont possibles ce mercredi. Voici \u00e0 quoi s\u2019attendre.<\/p>\n<p>Une \u00ab\u00a0vague orageuse importante\u00a0\u00bb<\/p>\n<p class=\" wall-content\">Cet \u00e9pisode qualifi\u00e9 de \u00ab\u00a0vague orageuse importante\u00a0\u00bb va d\u00e9buter d\u00e8s l\u2019apr\u00e8s-midi, balayant la France des Pyr\u00e9n\u00e9es \u00e0 la Franche-Comt\u00e9. Lyon et le Rh\u00f4ne ne devraient pas \u00eatre \u00e9pargn\u00e9s.<\/p>\n<p class=\" wall-content\">Une large partie nord du d\u00e9partement, de Neuville-sur-Sa\u00f4ne \u00e0 Trades, est particuli\u00e8rement \u00e0 risque. M\u00e9t\u00e9o-France s\u2019attend \u00e0 un <strong>impact moindre du c\u00f4t\u00e9 de Lyon<\/strong> et du sud du Rh\u00f4ne, avec de plus faibles pr\u00e9cipitations mais toujours un risque d\u2019orages.<\/p>\n<p class=\" wall-content\">L\u2019alerte jaune aux orages bascule en alerte orange d\u00e8s 14h. M\u00e9t\u00e9o-France pr\u00e9voit \u00e9galement d\u2019activer la <strong>vigilance jaune pluie-inondation<\/strong> d\u00e8s cet horaire et jusqu\u2019\u00e0 4h du matin jeudi.<\/p>\n<p>Activit\u00e9 \u00e9lectrique \u00ab\u00a0intense\u00a0\u00bb et fortes pluies<\/p>\n<p class=\" wall-content\">De fortes pr\u00e9cipitations doivent accompagner l\u2019activit\u00e9 \u00e9lectrique \u00ab\u00a0intense\u00a0\u00bb attendue sur cet axe orageux. <strong>Entre 50 et 80 mm de pluie<\/strong> risquent de tomber en moins de 12h. Des pointes \u00e0 100 mm sont possibles localement, avec un risque d\u2019inondation.<\/p>\n<p>Votre r\u00e9gion, votre actu !<\/p>\n<p>Recevez chaque jour les infos qui comptent pour vous.<\/p>\n<p>\t<a href=\"https:\/\/actu.fr\/newsletter\" class=\"ac-btn ac-btn--corner ac-btn--medium ac-btn--blue800\" target=\"_blank\" rel=\"noopener\">S&rsquo;incrire<\/a><\/p>\n<p class=\" wall-content\">La journ\u00e9e de jeudi devrait rester tr\u00e8s humide avec des pluies faibles, des averses et une <strong>maximale \u00e0 21\u00b0C<\/strong>. L\u2019est du Rh\u00f4ne sera \u00e0 nouveau concern\u00e9 par un risque d\u2019orage plus faible, du c\u00f4t\u00e9 de Pusignan.<\/p>\n<p class=\" wall-content\">Le retour au calme n\u2019est pas pr\u00e9vu de sit\u00f4t : M\u00e9t\u00e9o-France pr\u00e9voit \u00e0 nouveau des risques d\u2019orages sur l\u2019ensemble du Rh\u00f4ne d\u00e8s vendredi.<\/p>\n<p class=\" wall-content\">Personnalisez votre actualit\u00e9 en ajoutant vos villes et m\u00e9dias en favori avec <a href=\"https:\/\/moncompte.actu.fr\" title=\"D\u00e9couvez Mon Actu\" rel=\"nofollow noopener\" data-trk=\"{&quot;cta&quot;:{&quot;action&quot;:&quot;https:\\\/\\\/moncompte.actu.fr&quot;,&quot;category&quot;:&quot;mon compte&quot;,&quot;from&quot;:&quot;article footer&quot;,&quot;name&quot;:&quot;Mon actu&quot;,&quot;type&quot;:&quot;cta&quot;}}\" target=\"_blank\">Mon Actu<\/a>.<\/p>\n","protected":false},"excerpt":{"rendered":"Par Th\u00e9o Zuili Publi\u00e9 le 27 ao\u00fbt 2025 \u00e0 11h04 La vigilance jaune va laisser place \u00e0 l\u2019alerte&hellip;\n","protected":false},"author":2,"featured_media":347227,"comment_status":"","ping_status":"","sticky":false,"template":"","format":"standard","meta":{"footnotes":""},"categories":[1889],"tags":[1111,11,2430,1777,674,1011,27,2428,2487,2357,12,4594,25],"class_list":{"0":"post-347226","1":"post","2":"type-post","3":"status-publish","4":"format-standard","5":"has-post-thumbnail","7":"category-lyon","8":"tag-actu","9":"tag-actualites","10":"tag-auvergne-rhone-alpes","11":"tag-eu","12":"tag-europe","13":"tag-fr","14":"tag-france","15":"tag-lyon","16":"tag-meteo","17":"tag-meteo-france","18":"tag-news","19":"tag-orages","20":"tag-republique-francaise"},"share_on_mastodon":{"url":"https:\/\/pubeurope.com\/@fr\/115099958212145133","error":""},"_links":{"self":[{"href":"https:\/\/www.europesays.com\/fr\/wp-json\/wp\/v2\/posts\/347226","targetHints":{"allow":["GET"]}}],"collection":[{"href":"https:\/\/www.europesays.com\/fr\/wp-json\/wp\/v2\/posts"}],"about":[{"href":"https:\/\/www.europesays.com\/fr\/wp-json\/wp\/v2\/types\/post"}],"author":[{"embeddable":true,"href":"https:\/\/www.europesays.com\/fr\/wp-json\/wp\/v2\/users\/2"}],"replies":[{"embeddable":true,"href":"https:\/\/www.europesays.com\/fr\/wp-json\/wp\/v2\/comments?post=347226"}],"version-history":[{"count":0,"href":"https:\/\/www.europesays.com\/fr\/wp-json\/wp\/v2\/posts\/347226\/revisions"}],"wp:featuredmedia":[{"embeddable":true,"href":"https:\/\/www.europesays.com\/fr\/wp-json\/wp\/v2\/media\/347227"}],"wp:attachment":[{"href":"https:\/\/www.europesays.com\/fr\/wp-json\/wp\/v2\/media?parent=347226"}],"wp:term":[{"taxonomy":"category","embeddable":true,"href":"https:\/\/www.europesays.com\/fr\/wp-json\/wp\/v2\/categories?post=347226"},{"taxonomy":"post_tag","embeddable":true,"href":"https:\/\/www.europesays.com\/fr\/wp-json\/wp\/v2\/tags?post=347226"}],"curies":[{"name":"wp","href":"https:\/\/api.w.org\/{rel}","templated":true}]}}