{"id":347238,"date":"2025-08-27T09:18:11","date_gmt":"2025-08-27T09:18:11","guid":{"rendered":"https:\/\/www.europesays.com\/fr\/347238\/"},"modified":"2025-08-27T09:18:11","modified_gmt":"2025-08-27T09:18:11","slug":"la-russie-envoie-des-signaux-negatifs-juge-volodymyr-zelensky-lexpress","status":"publish","type":"post","link":"https:\/\/www.europesays.com\/fr\/347238\/","title":{"rendered":"la Russie envoie \u00ab\u00a0des signaux n\u00e9gatifs\u00a0\u00bb, juge Volodymyr Zelensky \u2013 L&rsquo;Express"},"content":{"rendered":"<p class=\"paragraph article-body-paragraph article__item article-body-paragraph--live  \">Plus d\u2019une semaine apr\u00e8s <a href=\"https:\/\/www.lexpress.fr\/monde\/europe\/ukraine-sommet-trilateral-a-venir-garanties-de-securite-ce-quil-faut-retenir-de-la-reunion-a-SGLI56GI6VDFBOMFISGJZXKNXY\/\" target=\"_self\" rel=\"nofollow noopener\" title=\"https:\/\/www.lexpress.fr\/monde\/europe\/ukraine-sommet-trilateral-a-venir-garanties-de-securite-ce-quil-faut-retenir-de-la-reunion-a-SGLI56GI6VDFBOMFISGJZXKNXY\/\">une r\u00e9union \u00e0 la Maison-Blanche<\/a>, \u00e0 l\u2019issue de laquelle Donald Trump a annonc\u00e9 une rencontre prochaine entre <a href=\"https:\/\/www.lexpress.fr\/monde\/vladimir-poutine-est-il-le-maitre-des-horloges-ce-defi-que-doivent-relever-les-europeens-6P4RYZ72FRBXXBGBQADTYS7HBI\/\" target=\"_self\" rel=\"nofollow noopener\" title=\"https:\/\/www.lexpress.fr\/monde\/vladimir-poutine-est-il-le-maitre-des-horloges-ce-defi-que-doivent-relever-les-europeens-6P4RYZ72FRBXXBGBQADTYS7HBI\/\">Vladimir Poutine<\/a> et Volodymyr Zelensky, les discussions pour mettre un terme \u00e0 <a href=\"https:\/\/www.lexpress.fr\/monde\/europe\/l-ukraine-hesite-entre-est-et-ouest_1302698.html\" target=\"_self\" rel=\"nofollow noopener\" title=\"https:\/\/www.lexpress.fr\/monde\/europe\/l-ukraine-hesite-entre-est-et-ouest_1302698.html\">la guerre qui dure depuis plus de trois ans<\/a> pi\u00e9tinent. Mardi, le pr\u00e9sident ukrainien n\u2019en a pas moins appel\u00e9 \u00e0 acc\u00e9l\u00e9rer les efforts pour \u00e9laborer les futures garanties de s\u00e9curit\u00e9 en cas d\u2019accord. \u00ab\u00a0Commandants militaires, ministres de la D\u00e9fense et conseillers \u00e0 la s\u00e9curit\u00e9 \u2013 \u00e0 diff\u00e9rents niveaux, nous pr\u00e9parons les \u00e9l\u00e9ments constitutifs de la s\u00e9curit\u00e9 future\u00a0\u00bb, a-t-il ajout\u00e9 ce mercredi 27 ao\u00fbt, quelques heures apr\u00e8s que le pr\u00e9sident am\u00e9ricain a dit envisager encore d\u2019imposer des sanctions \u00e9conomiques \u00ab\u00a0tr\u00e8s s\u00e9rieuses\u00a0\u00bb \u00e0 la Russie si Moscou n\u2019accepte pas un cessez-le-feu.<\/p>\n<p class=\"paragraph article-body-paragraph article__item article-body-paragraph--live  \"><b>Les infos \u00e0 retenir<\/b><\/p>\n<p class=\"paragraph article-body-paragraph article__item article-body-paragraph--live  \">\u21d2 La Russie envoie \u00ab\u00a0des signaux n\u00e9gatifs\u00a0\u00bb, juge Volodymyr Zelensky<\/p>\n<p class=\"paragraph article-body-paragraph article__item article-body-paragraph--live  \">\u21d2 es attaques russes font trois morts<\/p>\n<p class=\"paragraph article-body-paragraph article__item article-body-paragraph--live  \">\u21d2 Donald Trump envisage encore d\u2019imposer des sanctions \u00e9conomiques \u00ab\u00a0tr\u00e8s s\u00e9rieuses\u00a0\u00bb \u00e0 la Russie<\/p>\n<p>La Russie envoie \u00ab\u00a0des signaux n\u00e9gatifs\u00a0\u00bb, juge Volodymyr Zelensky<\/p>\n<p class=\"paragraph article-body-paragraph article__item article-body-paragraph--live  \">\u00ab\u00a0Les Russes envoient actuellement des signaux n\u00e9gatifs concernant les r\u00e9unions et les d\u00e9veloppements futurs\u00a0\u00bb, a estim\u00e9 sur X ce mercredi Volodymyr Zelensky, soulignant que \u00ab\u00a0les frappes sur nos villes et nos villages se poursuivent\u00a0\u00bb. \u00ab\u00a0Chaque jour, il y a de nouvelles victimes. Seule une pression r\u00e9elle permettra d\u2019obtenir une r\u00e9action des Russes face \u00e0 tout cela\u00a0\u00bb, ajoute le pr\u00e9sident ukrainien, selon qui \u00ab\u00a0des mesures concr\u00e8tes sont n\u00e9cessaires de la part de la Russie, des mesures allant dans le sens d\u2019une v\u00e9ritable diplomatie.\u00a0\u00bb<\/p>\n<p><strong class=\"article-body-link-list__item text-gray-800 article-body-link-list__item--one-item\">LIRE AUSSI : <a class=\"article-body-link-list__item-link\" href=\"https:\/\/www.lexpress.fr\/monde\/europe\/camille-grand-la-russie-ne-doit-pas-avoir-son-mot-a-dire-sur-les-garanties-de-securite-de-lukraine-CFNB4ACOHZAD7M7F4HFV3IFL6A\/\" target=\"_blank\" rel=\"noreferrer nofollow noopener\">Camille Grand : \u00ab\u00a0La Russie ne doit pas avoir son mot \u00e0 dire sur les garanties de s\u00e9curit\u00e9 de l\u2019Ukraine\u00a0\u00bb<\/a><\/strong>La Russie poursuit ses frappes en Ukraine<\/p>\n<p class=\"paragraph article-body-paragraph article__item article-body-paragraph--live  \">Des attaques russes ont fait trois morts dans le sud de <a href=\"https:\/\/www.lexpress.fr\/monde\/europe\/en-allemagne-lidee-denvoyer-des-troupes-en-ukraine-divise-XVRT6PLAFZG5ZJPTE4452BR3GI\/\" target=\"_self\" rel=\"nofollow noopener\" title=\"https:\/\/www.lexpress.fr\/monde\/europe\/en-allemagne-lidee-denvoyer-des-troupes-en-ukraine-divise-XVRT6PLAFZG5ZJPTE4452BR3GI\/\">l\u2019Ukraine<\/a>, ont annonc\u00e9 mercredi des responsables de la r\u00e9gion de Kherson, des frappes nocturnes ayant \u00e9galement endommag\u00e9 des infrastructures \u00e9nerg\u00e9tiques du pays.<\/p>\n<p class=\"paragraph article-body-paragraph article__item article-body-paragraph--live  \">Un tir d\u2019artillerie russe a tu\u00e9 dans la matin\u00e9e deux employ\u00e9s d\u2019une ferme \u00e0 Novovorontsovka, village de la r\u00e9gion de Kherson, a d\u00e9clar\u00e9 son gouverneur Oleksandre Prokoudine. Cette localit\u00e9 est situ\u00e9e sur les rives du fleuve Dniepr, qui fait office de ligne de front dans cette partie de l\u2019Ukraine. Dans la nuit, d\u2019autres attaques russes ont fait un mort et des bless\u00e9s dans la capitale r\u00e9gionale, \u00e9galement nomm\u00e9e Kherson, selon le procureur local.<\/p>\n<p><strong class=\"article-body-link-list__item text-gray-800 article-body-link-list__item--one-item\">LIRE AUSSI : <a class=\"article-body-link-list__item-link\" href=\"https:\/\/www.lexpress.fr\/idees-et-debats\/toma-istomina-journaliste-ukrainienne-poutine-na-jamais-ete-dans-une-situation-aussi-favorable-KZMBQISU3ZFI7DWYD6CPV22HXM\/\" target=\"_blank\" rel=\"noreferrer nofollow noopener\">Toma Istomina, journaliste ukrainienne : \u00ab\u00a0Poutine n\u2019a jamais \u00e9t\u00e9 dans une situation aussi favorable\u00a0\u00bb<\/a><\/strong><\/p>\n<p class=\"paragraph article-body-paragraph article__item article-body-paragraph--live  \"><a href=\"https:\/\/www.lexpress.fr\/monde\/europe\/vols-perturbes-gps-brouilles-face-a-la-guerre-des-ondes-lancee-par-la-russie-la-strategie-des-pays-I4V4ZA3J7BH5ZI4HCZ7KMWN3TM\/\" target=\"_self\" rel=\"nofollow noopener\" title=\"https:\/\/www.lexpress.fr\/monde\/europe\/vols-perturbes-gps-brouilles-face-a-la-guerre-des-ondes-lancee-par-la-russie-la-strategie-des-pays-I4V4ZA3J7BH5ZI4HCZ7KMWN3TM\/\">La Russie<\/a> a \u00e9galement lanc\u00e9 dans la nuit une attaque de drone qui a endommag\u00e9 une installation \u00e9lectrique dans la r\u00e9gion ukrainienne centrale de Poltava, a d\u00e9clar\u00e9 le gouverneur r\u00e9gional. L\u2019attaque a entra\u00een\u00e9 une coupure \u00e9lectrique temporaire, a indiqu\u00e9 le gouverneur Volodymyr Kohout sur l\u2019application de messagerie Telegram.<\/p>\n<p class=\"paragraph article-body-paragraph article__item article-body-paragraph--live  \">D\u2019autres attaques contre des infrastructures essentielles ont \u00e9galement entra\u00een\u00e9 des coupures d\u2019\u00e9lectricit\u00e9 dans certaines parties de la ville de Soumy, dans le nord-est du pays, ont indiqu\u00e9 des responsables locaux.<\/p>\n<p>Donald Trump envisage encore d\u2019imposer des sanctions \u00e9conomiques \u00ab\u00a0tr\u00e8s s\u00e9rieuses\u00a0\u00bb \u00e0 la Russie<\/p>\n<p class=\"paragraph article-body-paragraph article__item article-body-paragraph--live  \">Le pr\u00e9sident am\u00e9ricain <a href=\"https:\/\/www.lexpress.fr\/monde\/europe\/guerre-en-ukraine-la-russie-poursuit-sa-progression-a-lest-du-pays-RUIWTGILEJEKBMZLYPGCZVHDQI\/\" target=\"_self\" rel=\"nofollow noopener\" title=\"https:\/\/www.lexpress.fr\/monde\/europe\/guerre-en-ukraine-la-russie-poursuit-sa-progression-a-lest-du-pays-RUIWTGILEJEKBMZLYPGCZVHDQI\/\">Donald Trump<\/a> a dit mardi \u00eatre pr\u00eat \u00e0 imposer des sanctions \u00e9conomiques \u00e0 la Russie si son pr\u00e9sident, Vladimir Poutine, ne donnait pas son accord \u00e0 un cessez-le-feu.<\/p>\n<p class=\"paragraph article-body-paragraph article__item article-body-paragraph--live  \">\u00ab\u00a0Ce que j\u2019envisage est tr\u00e8s, tr\u00e8s s\u00e9rieux, s\u2019il faut que je le fasse, mais je veux voir cela se terminer\u00a0\u00bb, a d\u00e9clar\u00e9 Donald Trump \u00e0 un journaliste. \u00ab\u00a0Nous avons les sanctions \u00e9conomiques. Je parle de (sanctions) \u00e9conomiques car nous n\u2019allons pas nous engager dans une guerre mondiale.\u00a0\u00bb \u00ab\u00a0Il ne s\u2019agira pas d\u2019une guerre mondiale mais d\u2019une guerre \u00e9conomique\u00a0\u00bb, a dit le locataire de la Maison-Blanche lors d\u2019une r\u00e9union de son cabinet. \u00ab\u00a0Une guerre \u00e9conomique sera dure, et ce sera dur pour la Russie, et ce n\u2019est pas quelque chose que je souhaite.\u00a0\u00bb<\/p>\n<p class=\"paragraph article-body-paragraph article__item article-body-paragraph--live  \">Ajoutant que \u00ab\u00a0Zelensky n\u2019est pas non plus exactement innocent\u00a0\u00bb, le pr\u00e9sident am\u00e9ricain a laiss\u00e9 entendre qu\u2019il \u00e9tait pr\u00eat \u00e0 \u00ab\u00a0recourir \u00e0 un syst\u00e8me de tr\u00e8s importants droits de douane qui serait tr\u00e8s co\u00fbteux pour la Russie ou l\u2019Ukraine\u00a0\u00bb afin de parvenir \u00e0 la paix.<\/p>\n<p><strong class=\"article-body-link-list__item text-gray-800 article-body-link-list__item--one-item\">LIRE AUSSI : <a class=\"article-body-link-list__item-link\" href=\"https:\/\/www.lexpress.fr\/monde\/guerre-en-ukraine-ces-trois-visions-du-mondes-qui-saffrontent-par-frederic-encel-GGIYEFKE6FEETNNTSZDLNUA55E\/\" target=\"_blank\" rel=\"noreferrer nofollow noopener\">Guerre en Ukraine : ces trois visions du monde qui s\u2019affrontent, par Fr\u00e9d\u00e9ric Encel<\/a><\/strong><\/p>\n<p class=\"paragraph article-body-paragraph article__item article-body-paragraph--live  \">Ce mercredi, la <a href=\"https:\/\/www.lexpress.fr\/economie\/la-guerre-commerciale-de-donald-trump-tous-nos-contenus-6TPG36NWQJFYRGYDS32QFDNUYQ\/\" target=\"_self\" rel=\"nofollow noopener\" title=\"https:\/\/www.lexpress.fr\/economie\/la-guerre-commerciale-de-donald-trump-tous-nos-contenus-6TPG36NWQJFYRGYDS32QFDNUYQ\/\">surtaxe douani\u00e8re<\/a> des Etats-Unis sur les produits indiens, de 25 % depuis le d\u00e9but du mois, est d\u00e9j\u00e0 pass\u00e9e \u00e0 50 %, une mani\u00e8re pour Donald Trump de sanctionner l\u2019importation de p\u00e9trole russe par l\u2019Inde. L\u2019Inde est parmi les principaux importateurs de p\u00e9trole russe, apr\u00e8s la Chine, et le pr\u00e9sident am\u00e9ricain accuse New Delhi d\u2019aider ainsi Moscou \u00e0 financer sa guerre en Ukraine. Le nouveau taux ne concernera cependant pas un certain nombre de produits, ce qui en r\u00e9duit sensiblement la port\u00e9e.<\/p>\n<p>Ukraine : les hommes de 18 \u00e0 22 ans autoris\u00e9s \u00e0 se rendre \u00e0 l\u2019\u00e9tranger<\/p>\n<p class=\"paragraph article-body-paragraph article__item article-body-paragraph--live  \">Les autorit\u00e9s ukrainiennes ont annonc\u00e9 mardi permettre aux hommes \u00e2g\u00e9s de 18 \u00e0 22 ans de quitter leur pays pour se rendre \u00e0 l\u2019\u00e9tranger, un assouplissement de la loi martiale en vigueur \u00e0 cause de l\u2019invasion russe. Jusque-l\u00e0, depuis le d\u00e9but de la guerre en f\u00e9vrier 2022, les hommes \u00e2g\u00e9s de 18 \u00e0 60 ans avaient interdiction de quitter l\u2019Ukraine, sauf exceptions. Des milliers d\u2019entre eux tentent de le faire ill\u00e9galement chaque ann\u00e9e, parfois au p\u00e9ril de leur vie.<\/p>\n<p class=\"paragraph article-body-paragraph article__item article-body-paragraph--live   article__text__endpicto\">\u00ab\u00a0Le gouvernement a mis \u00e0 jour la proc\u00e9dure de franchissement de la fronti\u00e8re nationale. Les hommes \u00e2g\u00e9s de 18 \u00e0 22 ans pourront franchir la fronti\u00e8re sans entrave pendant la loi martiale\u00a0\u00bb, a annonc\u00e9 sur Telegram <a href=\"https:\/\/www.lexpress.fr\/monde\/europe\/ukraine-qui-est-ioulia-svyrydenko-choisie-par-volodymyr-zelensky-pour-diriger-le-gouvernement-RXJW7ZXKEBEGTKW77473C3GMWU\/\" target=\"_self\" rel=\"nofollow noopener\" title=\"https:\/\/www.lexpress.fr\/monde\/europe\/ukraine-qui-est-ioulia-svyrydenko-choisie-par-volodymyr-zelensky-pour-diriger-le-gouvernement-RXJW7ZXKEBEGTKW77473C3GMWU\/\">la Premi\u00e8re ministre Ioulia Svyrydenko<\/a>. Selon elle, cette d\u00e9cision s\u2019applique \u00e0 \u00ab\u00a0tous les citoyens des \u00e2ges concern\u00e9s\u00a0\u00bb, y compris \u00e0 ceux \u00ab\u00a0qui se trouvent actuellement \u00e0 l\u2019\u00e9tranger\u00a0\u00bb et qui peuvent donc retourner en Ukraine et en repartir librement. \u00ab\u00a0Nous voulons que les Ukrainiens maintiennent autant que possible leurs liens avec l\u2019Ukraine\u00a0\u00bb, a expliqu\u00e9 la Premi\u00e8re ministre.<\/p>\n","protected":false},"excerpt":{"rendered":"Plus d\u2019une semaine apr\u00e8s une r\u00e9union \u00e0 la Maison-Blanche, \u00e0 l\u2019issue de laquelle Donald Trump a annonc\u00e9 une&hellip;\n","protected":false},"author":2,"featured_media":347239,"comment_status":"","ping_status":"","sticky":false,"template":"","format":"standard","meta":{"footnotes":""},"categories":[1591],"tags":[11,674,1887,74,12,1885,1886,132],"class_list":{"0":"post-347238","1":"post","2":"type-post","3":"status-publish","4":"format-standard","5":"has-post-thumbnail","7":"category-russie","8":"tag-actualites","9":"tag-europe","10":"tag-federation-de-russie","11":"tag-monde","12":"tag-news","13":"tag-russia","14":"tag-russian-federation","15":"tag-russie"},"share_on_mastodon":{"url":"https:\/\/pubeurope.com\/@fr\/115099985725897231","error":""},"_links":{"self":[{"href":"https:\/\/www.europesays.com\/fr\/wp-json\/wp\/v2\/posts\/347238","targetHints":{"allow":["GET"]}}],"collection":[{"href":"https:\/\/www.europesays.com\/fr\/wp-json\/wp\/v2\/posts"}],"about":[{"href":"https:\/\/www.europesays.com\/fr\/wp-json\/wp\/v2\/types\/post"}],"author":[{"embeddable":true,"href":"https:\/\/www.europesays.com\/fr\/wp-json\/wp\/v2\/users\/2"}],"replies":[{"embeddable":true,"href":"https:\/\/www.europesays.com\/fr\/wp-json\/wp\/v2\/comments?post=347238"}],"version-history":[{"count":0,"href":"https:\/\/www.europesays.com\/fr\/wp-json\/wp\/v2\/posts\/347238\/revisions"}],"wp:featuredmedia":[{"embeddable":true,"href":"https:\/\/www.europesays.com\/fr\/wp-json\/wp\/v2\/media\/347239"}],"wp:attachment":[{"href":"https:\/\/www.europesays.com\/fr\/wp-json\/wp\/v2\/media?parent=347238"}],"wp:term":[{"taxonomy":"category","embeddable":true,"href":"https:\/\/www.europesays.com\/fr\/wp-json\/wp\/v2\/categories?post=347238"},{"taxonomy":"post_tag","embeddable":true,"href":"https:\/\/www.europesays.com\/fr\/wp-json\/wp\/v2\/tags?post=347238"}],"curies":[{"name":"wp","href":"https:\/\/api.w.org\/{rel}","templated":true}]}}