{"id":347242,"date":"2025-08-27T09:20:12","date_gmt":"2025-08-27T09:20:12","guid":{"rendered":"https:\/\/www.europesays.com\/fr\/347242\/"},"modified":"2025-08-27T09:20:12","modified_gmt":"2025-08-27T09:20:12","slug":"etats-unis-des-fonctionnaires-mis-a-la-porte-apres-une-lettre-critiquant-donald-trump","status":"publish","type":"post","link":"https:\/\/www.europesays.com\/fr\/347242\/","title":{"rendered":"\u00c9tats-Unis. Des fonctionnaires mis \u00e0 la porte apr\u00e8s une lettre critiquant Donald Trump"},"content":{"rendered":"<p>Dans une lettre ouverte au Congr\u00e8s envoy\u00e9e lundi, 20 ans apr\u00e8s le passage d\u00e9vastateur de l&rsquo;ouragan Katrina, pr\u00e8s de 200 employ\u00e9s, actuels ou anciens, ont notamment d\u00e9nonc\u00e9 \u00ab la r\u00e9duction des capacit\u00e9s de la Fema \u00e0 effectuer ses missions \u00bb aupr\u00e8s des populations affect\u00e9es, avec le gel d\u00e9cid\u00e9 par la ministre de tutelle, Kristi Noem, sur les principales d\u00e9penses de l&rsquo;agence. <\/p>\n<p>Depuis son retour \u00e0 la Maison Blanche en janvier, <a href=\"https:\/\/www.ledauphine.com\/p\/donald-trump\" target=\"_blank\" rel=\"nofollow noopener\">Donald Trump<\/a> a affirm\u00e9 \u00e0 plusieurs reprises vouloir supprimer la Fema, disant pr\u00e9f\u00e9rer voir les \u00c9tats am\u00e9ricains \u00ab s&rsquo;occuper de leurs propres probl\u00e8mes \u00bb. Mercredi matin, 191 personnes avaient sign\u00e9 cette lettre ouverte, mais seule une trentaine d&rsquo;elles avait accept\u00e9 de laisser leur nom figurer. \u00ab Environ 30 \u00bb employ\u00e9s ont \u00e9t\u00e9 suspendus, affirmait le New York Times mardi soir. <\/p>\n<p>\u00ab Abandon de populations am\u00e9ricaines\u00a0\u00bb<\/p>\n<p>Selon le Washington Post, plusieurs employ\u00e9s ont re\u00e7u des courriels les informant de leur placement imm\u00e9diat en cong\u00e9 administratif, \u00ab tout en continuant \u00e0 \u00eatre pay\u00e9 et \u00e0 recevoir les avantages \u00bb. Virginia Case, employ\u00e9e de la Fema, a racont\u00e9 \u00e0 CNN avoir re\u00e7u un email l&rsquo;informant de la nouvelle. \u00ab Je suis d\u00e9\u00e7ue mais pas surprise \u00bb, a-t-elle confi\u00e9. \u00ab Je suis \u00e9galement fi\u00e8re de ceux qui ont pris position, sans se soucier des cons\u00e9quences pour nos emplois. Le public m\u00e9rite de savoir ce qu&rsquo;il se passe car si cela continue, des vies et des communaut\u00e9s vont en souffrir \u00bb, a averti Virginia Case. <\/p>\n<p class=\"insetTitle\">Trump veut limoger une gouverneure de la Fed<\/p>\n<p>Donald Trump a accentu\u00e9 sa campagne de reprise en main de la banque centrale des \u00c9tats-Unis (Fed) en voulant limoger une gouverneure, augurant un conflit juridique et jetant le doute sur la cr\u00e9dibilit\u00e9 future de cette institution centrale pour l&rsquo;\u00e9conomie am\u00e9ricaine. Lundi soir, dans une lettre sign\u00e9e de sa main publi\u00e9e sur son r\u00e9seau Truth Social, le pr\u00e9sident des \u00c9tats-Unis a \u00e9crit \u00e0 Lisa Cook qu&rsquo;elle \u00e9tait \u00ab limog\u00e9e avec effet imm\u00e9diat \u00bb.<\/p>\n<p>Son avocat Abbe Lowell a annonc\u00e9 mardi que l&rsquo;initiative de Donald Trump sera contest\u00e9e en justice.<br \/>\u00ab Le pr\u00e9sident n&rsquo;a pas le pouvoir de r\u00e9voquer la gouverneure de la R\u00e9serve f\u00e9d\u00e9rale Lisa Cook. Sa tentative pour la limoger, bas\u00e9e uniquement sur un courrier, est d\u00e9pourvue de fondement que ce soit en fait ou en droit \u00bb, a-t-il \u00e9crit dans un bref communiqu\u00e9. Lisa Cook a affirm\u00e9 dans un communiqu\u00e9 s\u00e9par\u00e9 qu&rsquo;elle ne d\u00e9missionnerait pas et continuerait \u00ab \u00e0 exercer (s)es fonctions pour aider l&rsquo;\u00e9conomie am\u00e9ricaine \u00bb.<\/p>\n<p>Ce courrier, intitul\u00e9 \u00ab D\u00e9claration de Katrina \u00bb, a \u00e9t\u00e9 envoy\u00e9 20 ans apr\u00e8s l&rsquo;ouragan qui a d\u00e9vast\u00e9 le sud des \u00c9tats-Unis &#8211; en particulier la Louisiane &#8211; en ao\u00fbt 2005, et fait plus de 1 800 morts.\u00a0 La r\u00e9ponse imm\u00e9diate des autorit\u00e9s f\u00e9d\u00e9rales avait provoqu\u00e9 une vive pol\u00e9mique, notamment en raison d&rsquo;une communication confuse et des retards pris dans la fourniture d&rsquo;aide aux populations d\u00e9plac\u00e9es par les inondations. L&rsquo;ann\u00e9e suivante, le Congr\u00e8s avait adopt\u00e9 une loi, baptis\u00e9e \u00ab PKEMRA \u00bb, pour am\u00e9liorer la gestion des catastrophes naturelles.<\/p>\n<p>Les signataires esp\u00e8rent que leur lettre \u00ab arrive \u00e0 temps pour pr\u00e9venir non seulement une autre catastrophe nationale comme l&rsquo;ouragan Katrina, mais aussi la dissolution effective de la Fema elle-m\u00eame et l&rsquo;abandon de populations am\u00e9ricaines qu&rsquo;un tel \u00e9v\u00e9nement repr\u00e9senterait \u00bb. Ils soulignent en outre qu&rsquo;un tiers des effectifs de la Fema ont quitt\u00e9 l&rsquo;agence cette ann\u00e9e, en raison notamment des coupes budg\u00e9taires ordonn\u00e9es sous l&rsquo;\u00e9gide de la commission Doge d&rsquo;Elon Musk.<\/p>\n","protected":false},"excerpt":{"rendered":"Dans une lettre ouverte au Congr\u00e8s envoy\u00e9e lundi, 20 ans apr\u00e8s le passage d\u00e9vastateur de l&rsquo;ouragan Katrina, pr\u00e8s&hellip;\n","protected":false},"author":2,"featured_media":347243,"comment_status":"","ping_status":"","sticky":false,"template":"","format":"standard","meta":{"footnotes":""},"categories":[1589],"tags":[11,73,1866,107,329,12,316,1864,1865,1863,308],"class_list":{"0":"post-347242","1":"post","2":"type-post","3":"status-publish","4":"format-standard","5":"has-post-thumbnail","7":"category-etats-unis","8":"tag-actualites","9":"tag-etats-unis","10":"tag-etats-unis-damerique","11":"tag-fil-info","12":"tag-france-monde","13":"tag-news","14":"tag-politique","15":"tag-united-states","16":"tag-united-states-of-america","17":"tag-us","18":"tag-usa"},"share_on_mastodon":{"url":"https:\/\/pubeurope.com\/@fr\/115099993770897650","error":""},"_links":{"self":[{"href":"https:\/\/www.europesays.com\/fr\/wp-json\/wp\/v2\/posts\/347242","targetHints":{"allow":["GET"]}}],"collection":[{"href":"https:\/\/www.europesays.com\/fr\/wp-json\/wp\/v2\/posts"}],"about":[{"href":"https:\/\/www.europesays.com\/fr\/wp-json\/wp\/v2\/types\/post"}],"author":[{"embeddable":true,"href":"https:\/\/www.europesays.com\/fr\/wp-json\/wp\/v2\/users\/2"}],"replies":[{"embeddable":true,"href":"https:\/\/www.europesays.com\/fr\/wp-json\/wp\/v2\/comments?post=347242"}],"version-history":[{"count":0,"href":"https:\/\/www.europesays.com\/fr\/wp-json\/wp\/v2\/posts\/347242\/revisions"}],"wp:featuredmedia":[{"embeddable":true,"href":"https:\/\/www.europesays.com\/fr\/wp-json\/wp\/v2\/media\/347243"}],"wp:attachment":[{"href":"https:\/\/www.europesays.com\/fr\/wp-json\/wp\/v2\/media?parent=347242"}],"wp:term":[{"taxonomy":"category","embeddable":true,"href":"https:\/\/www.europesays.com\/fr\/wp-json\/wp\/v2\/categories?post=347242"},{"taxonomy":"post_tag","embeddable":true,"href":"https:\/\/www.europesays.com\/fr\/wp-json\/wp\/v2\/tags?post=347242"}],"curies":[{"name":"wp","href":"https:\/\/api.w.org\/{rel}","templated":true}]}}