{"id":34725,"date":"2025-04-18T19:10:25","date_gmt":"2025-04-18T19:10:25","guid":{"rendered":"https:\/\/www.europesays.com\/fr\/34725\/"},"modified":"2025-04-18T19:10:25","modified_gmt":"2025-04-18T19:10:25","slug":"pourquoi-la-bourse-de-paris-ferme-t-elle-pour-le-vendredi-saint","status":"publish","type":"post","link":"https:\/\/www.europesays.com\/fr\/34725\/","title":{"rendered":"Pourquoi la Bourse de Paris ferme-t-elle pour le Vendredi Saint ?"},"content":{"rendered":"<p>    La Bourse de Paris ne ferme que huit jours de mani\u00e8re compl\u00e8te ou partielle tout au long de l\u2019ann\u00e9e.<br \/>\n                Jean-Luc Ichard \/ JeanLuc Ichard &#8211; stock.adobe.com<\/p>\n<p>Le Vendredi Saint est historiquement un jour de fermeture pour la plupart des Bourses mondiales, mais ce jour particulier dans la religion chr\u00e9tienne n\u2019est pourtant pas un jour f\u00e9ri\u00e9 en France.<\/p>\n<p class=\"fig-paragraph\">Ce vendredi, ceux qui scrutent le monde boursier pour piloter leur portefeuille n\u2019auront pas besoin de surveiller fr\u00e9n\u00e9tiquement\u00a0<a href=\"https:\/\/bourse.lefigaro.fr\/actu-conseils\/analyse-graphique-le-regain-d-optimisme-des-marches-pourrait-encore-faire-prendre-pres-de-1-000-points-au-cac-40-20250417\" target=\"_blank\" data-fig-type=\"Article\" rel=\"noopener nofollow\" data-gtm-custom-categorie=\"navigation\" data-gtm-custom-action=\"crossclick\" data-gtm-custom-label=\"Contextuel\" data-gtm-event=\"customEventSPE\" data-fig-domain=\"BOURSE\">les variations de cours<\/a>\u00a0de leur action pr\u00e9f\u00e9r\u00e9e. Comme une grande partie des places boursi\u00e8res du globe, \u00e0 l\u2019exception de l\u2019Asie, la Bourse de Paris n\u2019ouvrira pas ses portes \u00e0 l\u2019occasion du Vendredi Saint.<\/p>\n<p class=\"fig-paragraph\">Cette journ\u00e9e est une comm\u00e9moration religieuse c\u00e9l\u00e9br\u00e9e par les Chr\u00e9tiens. Elle fait partie des c\u00e9l\u00e9brations du triduum pascal. Elle marque le jour de la crucifixion et la mort de J\u00e9sus-Christ. Si ce vendredi est bien f\u00e9ri\u00e9 dans de nombreux pays comme le Canada, une partie des \u00c9tats-Unis (12 \u00c9tats sur 50), l\u2019Allemagne, le Royaume-Uni, le Portugal ou encore la Suisse, ce n\u2019est pas le cas en France. Seuls les d\u00e9partements du Bas-Rhin, du Haut-Rhin et de la Moselle profitent de ce jour f\u00e9ri\u00e9 dans l\u2019Hexagone.<\/p>\n<p class=\"fig-paragraph\">Habituellement, la Bourse de Paris a tendance \u00e0 nous surprendre en continuant ses transactions quotidiennes lors de\u00a0<a href=\"https:\/\/bourse.lefigaro.fr\/actu-conseils\/bourse-le-calendrier-des-jours-des-fermetures-des-marches-en-2025-20241231\" target=\"_blank\" data-fig-type=\"Article\" rel=\"noopener nofollow\" data-gtm-custom-categorie=\"navigation\" data-gtm-custom-action=\"crossclick\" data-gtm-custom-label=\"Contextuel\" data-gtm-event=\"customEventSPE\" data-fig-domain=\"BOURSE\">nombreux jours f\u00e9ri\u00e9s<\/a>\u00a0comme le 8 mai (armistice de la Seconde Guerre mondiale), le jeudi de l\u2019Ascension (29 mai 2025), le lundi de Pentec\u00f4te (9 juin 2025), le 15 ao\u00fbt (Assomption) et le 11 novembre (armistice de la Premi\u00e8re Guerre mondiale).<\/p>\n<p class=\"fig-paragraph\">Pourtant, cette fois-ci, les march\u00e9s financiers s\u2019arr\u00eatent lors d\u2019un jour qui n\u2019est pas f\u00e9ri\u00e9. Une raret\u00e9 dans le calendrier puisque cela n\u2019arrive que le jour du Vendredi Saint et le 26 d\u00e9cembre. Si la Bourse de Paris poursuit les festivit\u00e9s de No\u00ebl pour se caler sur les pays anglophones qui profitent du Boxing Day, une autre raison explique la fermeture le jour du Vendredi Saint.<\/p>\n<p><strong>Une tradition religieuse \u00e0 l\u2019origine de cette fermeture<\/strong><\/p>\n<p class=\"fig-paragraph\">Pendant des d\u00e9cennies, les boursicoteurs ont us\u00e9 d\u2019imagination pour tenter d\u2019expliquer cette pause \u00e0 la veille du week-end pascal. Certains ont suppos\u00e9 un potentiel krach pendant cette journ\u00e9e, pendant que d\u2019autres \u00e9voquaient un contrat de location de la Bourse de New York qui l\u2019obligeait \u00e0 fermer lors des principales f\u00eates religieuses. Pourtant, l\u2019explication est bien plus simple.<\/p>\n<p class=\"fig-paragraph\">Pour les Chr\u00e9tiens, il est consid\u00e9r\u00e9 comme amoral d\u2019effectuer des transactions financi\u00e8res lors du jour qui comm\u00e9more la mort du Christ, c\u2019est-\u00e0-dire le Vendredi Saint. Une version confirm\u00e9e par Euronext, le gestionnaire de plusieurs march\u00e9s europ\u00e9ens dont la Bourse de Paris\u00a0: \u00abHistoriquement, si l\u2019on remonte au Moyen-\u00c2ge, cette coutume concernait l\u2019ensemble des activit\u00e9s marchandes, souvent regroup\u00e9es proches des lieux de culte. Le clerg\u00e9 interdisait alors ces activit\u00e9s pour permettre aux fid\u00e8les de se rassembler et de c\u00e9l\u00e9brer l\u2019\u00e9v\u00e9nement liturgique. A l\u2019aspect \u00ab\u00a0pratique\u00a0\u00bb de cette coutume se couplent des consid\u00e9rations morales, le Vendredi Saint \u00e9tant bien entendu, dans la liturgie, le jour de la mort du Christ.\u00bb<\/p>\n<p class=\"fig-paragraph\">Au 19e si\u00e8cle, les Bourses ont commenc\u00e9 \u00e0 s\u2019installer dans des b\u00e2timents d\u00e9di\u00e9s, mais le Vendredi Saint est tout de m\u00eame rest\u00e9 ch\u00f4m\u00e9\u00a0: \u00abLa tradition a donc perdur\u00e9, plus sur la base de ces consid\u00e9rations morales que sur l\u2019aspect pratique\u00bb, rappelle Euronext. Les boursicoteurs et les traders pourront donc profiter d\u2019un grand week-end puisque la Bourse de Paris sera \u00e9galement ferm\u00e9e \u00e0 l\u2019occasion du lundi de P\u00e2ques, qui est un jour f\u00e9ri\u00e9 en France.<\/p>\n<p class=\"fig-paragraph\"><a href=\"http:\/\/www.lefigaro.fr\/conjoncture\/les-virements-bancaires-suspendus-pendant-quatre-jours-durant-le-week-end-de-paques-20250410\" target=\"_blank\" data-fig-type=\"NewsFlash\" rel=\"noopener nofollow\" data-gtm-custom-categorie=\"navigation\" data-gtm-custom-action=\"crossclick\" data-gtm-custom-label=\"Contextuel\" data-gtm-event=\"customEventSPE\" data-fig-domain=\"LEFIGARO\">Comme les virements entre diff\u00e9rentes banques<\/a>, aucune transaction boursi\u00e8re ne sera effectu\u00e9e avant mardi matin. La m\u00eame situation se reproduira le 1er mai pour la journ\u00e9e internationale de lutte des travailleurs et des travailleuses puisque la Bourse fermera \u00e9galement ses portes. En revanche, pour les investisseurs les plus impatients, ils pourront suivre la r\u00e9ouverture de Wall Street d\u00e8s lundi.<\/p>\n","protected":false},"excerpt":{"rendered":"La Bourse de Paris ne ferme que huit jours de mani\u00e8re compl\u00e8te ou partielle tout au long de&hellip;\n","protected":false},"author":2,"featured_media":34726,"comment_status":"","ping_status":"","sticky":false,"template":"","format":"standard","meta":{"footnotes":""},"categories":[1888],"tags":[2469,630,11,398,1777,674,2472,2471,1011,27,2470,2805,2473,12,626,25],"class_list":{"0":"post-34725","1":"post","2":"type-post","3":"status-publish","4":"format-standard","5":"has-post-thumbnail","7":"category-paris","8":"tag-actu-bourse","9":"tag-actualite-bourse","10":"tag-actualites","11":"tag-bourse-de-paris","12":"tag-eu","13":"tag-europe","14":"tag-evolution-bourse","15":"tag-figaro-bourse","16":"tag-fr","17":"tag-france","18":"tag-info-bourse","19":"tag-investisseurs","20":"tag-marche-financier","21":"tag-news","22":"tag-paris","23":"tag-republique-francaise"},"share_on_mastodon":{"url":"https:\/\/pubeurope.com\/@fr\/114360550940156867","error":""},"_links":{"self":[{"href":"https:\/\/www.europesays.com\/fr\/wp-json\/wp\/v2\/posts\/34725","targetHints":{"allow":["GET"]}}],"collection":[{"href":"https:\/\/www.europesays.com\/fr\/wp-json\/wp\/v2\/posts"}],"about":[{"href":"https:\/\/www.europesays.com\/fr\/wp-json\/wp\/v2\/types\/post"}],"author":[{"embeddable":true,"href":"https:\/\/www.europesays.com\/fr\/wp-json\/wp\/v2\/users\/2"}],"replies":[{"embeddable":true,"href":"https:\/\/www.europesays.com\/fr\/wp-json\/wp\/v2\/comments?post=34725"}],"version-history":[{"count":0,"href":"https:\/\/www.europesays.com\/fr\/wp-json\/wp\/v2\/posts\/34725\/revisions"}],"wp:featuredmedia":[{"embeddable":true,"href":"https:\/\/www.europesays.com\/fr\/wp-json\/wp\/v2\/media\/34726"}],"wp:attachment":[{"href":"https:\/\/www.europesays.com\/fr\/wp-json\/wp\/v2\/media?parent=34725"}],"wp:term":[{"taxonomy":"category","embeddable":true,"href":"https:\/\/www.europesays.com\/fr\/wp-json\/wp\/v2\/categories?post=34725"},{"taxonomy":"post_tag","embeddable":true,"href":"https:\/\/www.europesays.com\/fr\/wp-json\/wp\/v2\/tags?post=34725"}],"curies":[{"name":"wp","href":"https:\/\/api.w.org\/{rel}","templated":true}]}}