{"id":347250,"date":"2025-08-27T09:24:13","date_gmt":"2025-08-27T09:24:13","guid":{"rendered":"https:\/\/www.europesays.com\/fr\/347250\/"},"modified":"2025-08-27T09:24:13","modified_gmt":"2025-08-27T09:24:13","slug":"un-espoir-pour-la-biodiversite","status":"publish","type":"post","link":"https:\/\/www.europesays.com\/fr\/347250\/","title":{"rendered":"un espoir pour la biodiversit\u00e9"},"content":{"rendered":"<p class=\"article__intro\">Les 7 et 25 ao\u00fbt 2025, deux groupes de visons d\u2019Europe ont \u00e9t\u00e9 rel\u00e2ch\u00e9s, en secret, dans la vall\u00e9e de la Charente, entre Angoul\u00eame et Saintes. Ces l\u00e2chers sont une premi\u00e8re en France et marquent un tournant pour le Plan national d\u2019action (PNA) en faveur du vison d\u2019Europe.<\/p>\n<p>\n      L\u2019actu des r\u00e9gions\n    <\/p>\n<p>\n      Chaque jour, un tour d\u2019horizon des principales infos de toutes les r\u00e9gions.\n    <\/p>\n<p>    France T\u00e9l\u00e9visions utilise votre adresse e-mail afin de vous envoyer la newsletter \u00ab\u00a0L\u2019actu des r\u00e9gions\u00a0\u00bb. Vous pouvez vous d\u00e9sinscrire \u00e0 tout moment via le lien en bas de cette newsletter. <a target=\"_blank\" href=\"https:\/\/www.francetelevisions.fr\/groupe\/confidentialite\/politique-de-confidentialite\/politique-de-confidentialite-de-france-televisions-6503\" rel=\"nofollow noopener\">Notre politique de confidentialit\u00e9<\/a><\/p>\n<p>Cet apr\u00e8s-midi-l\u00e0, les visons du parc animalier Zoodyss\u00e9e, dans les Deux-S\u00e8vres, jouent \u00e0 cache-cache dans leurs enclos respectifs. Au bruit de l\u2019appareil photo, Snow, une femelle, pointe son museau, l\u2019air intrigu\u00e9. Faire la mise au point sur elle n\u2019est pas une mince affaire, ce petit animal, solitaire et craintif, est aussi tr\u00e8s rapide.<\/p>\n<p>Peu de monde est autoris\u00e9 \u00e0 s\u2019approcher de ces enclos, mais Mathilde Picard, elle, les conna\u00eet par c\u0153ur. \u00ab\u00a0Coucou Madame\u00a0\u00bb, \u00ab\u00a0Coucou louloute\u00a0\u00bb, lance la soigneuse animali\u00e8re en ouvrant, une \u00e0 une, les bo\u00eetes nichoirs des enclos pour nourrir cette esp\u00e8ce menac\u00e9e qui b\u00e9n\u00e9ficie d&rsquo;un programme de protection et de r\u00e9introduction.<\/p>\n<p><a data-article-figure=\"\" href=\"https:\/\/france3-regions.franceinfo.fr\/image\/eRe3Fy0PGcg64-C37vjtoPUeSX4\/1616x1080\/regions\/2025\/08\/26\/dsc04421-68ade54e8dab6094367814.jpg\" data-pswp-width=\"1616\" data-pswp-height=\"1080\" target=\"_blank\" rel=\"nofollow noopener\"><\/p>\n<p>          <img width=\"600\" height=\"400\" class=\"article-image lazy\" data-src=\"https:\/\/www.europesays.com\/fr\/wp-content\/uploads\/2025\/08\/dsc04421-68ade54e8dab6094367814.jpg\" alt=\"Mathilde Picard, soigneuse animali\u00e8re, nourrit les visons d'Europe au parc animalier Zoodyss\u00e9e.\" fetchpriority=\"high\" as=\"image\"\/><\/p>\n<p>\n            Mathilde Picard, soigneuse animali\u00e8re, nourrit les visons d&rsquo;Europe au parc animalier Zoodyss\u00e9e.<br \/>\n                           \u2022<br \/>\n                                      \u00a9 Rachel Ferro &#8211; France T\u00e9l\u00e9visions\n                      <\/p>\n<p><\/a><\/p>\n<p>Cette ann\u00e9e, 14 visons sont n\u00e9s au sein de cet \u00e9levage conservatoire du parc animalier Zoodyss\u00e9e. Au total, dix jeunes ont \u00e9t\u00e9 rel\u00e2ch\u00e9s les 7 et 25 ao\u00fbt 2025, \u00e0 l&rsquo;occasion de deux l\u00e2chers de cinq visons chacun, dans la vall\u00e9e de la Charente, entre Angoul\u00eame et Saintes. La zone n\u2019a \u00e9t\u00e9 choisie par hasard\u00a0: elle se situe entre deux territoires sur lesquels vivent les derni\u00e8res populations sauvages de visons d\u2019Europe. Ces deux l\u00e2chers sont une premi\u00e8re pour la France qui s\u2019est engag\u00e9e dans un Plan national d\u2019action (PNA) en faveur de l&rsquo;esp\u00e8ce. Les quatre autres visons n\u00e9s cette ann\u00e9e sont gard\u00e9s en captivit\u00e9 pour maintenir l&rsquo;\u00e9levage et augmenter le nombre de naissances \u00e0 l&rsquo;ann\u00e9e.<\/p>\n<p>Ce type de l\u00e2chers est entour\u00e9 d&rsquo;un grand nombre de pr\u00e9cautions. Ils sont effectu\u00e9s avec des \u00e9quipes en effectif r\u00e9duit. Au moment du l\u00e2cher, le silence r\u00e8gne et le stress se fait ressentir au sein de l&rsquo;\u00e9quipe. Un peu de nourriture a \u00e9t\u00e9 d\u00e9pos\u00e9e \u00e0 l\u2019ext\u00e9rieur. Tout est pr\u00eat pour le grand d\u00e9part. La petite trappe s\u2019ouvre pour laisser les visons sortir. Certains prennent leur envol rapidement, tandis que d\u2019autres h\u00e9sitent \u00e0 quitter le petit nid familial.<\/p>\n<\/p>\n<p>Apr\u00e8s la r\u00e9insertion des individus en milieu naturel, un suivi par \u00e9missions radio est \u00e9tabli par l\u2019Office fran\u00e7ais de la biodiversit\u00e9 (OFB). Des syst\u00e8mes de pi\u00e8ges inoffensifs sont aussi install\u00e9s pour v\u00e9rifier la bonne acclimatation des animaux. Les \u00e9missions radio du premier groupe rel\u00e2ch\u00e9 connaissent des probl\u00e8mes techniques, mais le deuxi\u00e8me groupe semble bien se porter. \u00ab\u00a0Ils ont r\u00e9ussi \u00e0 trouver des \u00e9l\u00e9ments du territoire pour se cacher, pour g\u00eeter (\u2026) sous des racines au bord de l\u2019eau, sous des terriers qui ont d\u00e9j\u00e0 \u00e9t\u00e9 creus\u00e9s par des animaux, explique Christelle Boulanger, cheffe de projet pour l\u2019OFB. Ils ont les deux \u00e9l\u00e9ments essentiels pour survivre\u00a0: se cacher, se nourrir, c\u2019est vraiment tr\u00e8s encourageant\u00a0\u00bb. <\/p>\n<p>Le parc animalier Zoodyss\u00e9e s\u2019est engag\u00e9 d\u00e8s 2015 dans la r\u00e9introduction du vison d\u2019Europe et avait alors accueilli un premier couple de visons. C\u2019est finalement en 2019, que les \u00e9quipes ont eu la joie d\u2019accueillir quatre b\u00e9b\u00e9s. Depuis, 62 visons ont vu le jour dans le calme de ce parc des Deux-S\u00e8vres.<\/p>\n<p>Mathilde Picard souligne la \u00ab\u00a0reproduction compliqu\u00e9e\u00a0\u00bb de cette esp\u00e8ce qui ne se reproduit qu\u2019une seule fois par an, et sur une p\u00e9riode de trois jours.\u00a0\u00ab\u00a0La femelle est en chaleur que quelques jours par an, et ensuite elle fait sa difficile. Il faut lui pr\u00e9senter diff\u00e9rents m\u00e2les pendant la saison de reproduction\u00a0\u00bb, explique-t-elle. Les \u00e9quipes pr\u00e9parent donc trois m\u00e2les par femelle, dont ils ont \u00e9tudi\u00e9 le comportement et \u00e9valu\u00e9 les similarit\u00e9s avec les femelles. L\u2019esp\u00e8ce est sous la surveillance et l\u2019observation des plus grands sp\u00e9cialistes de visons, ce qui a permis au parc de conna\u00eetre et comprendre l\u2019esp\u00e8ce sur le bout des doigts.<\/p>\n<p><a data-article-figure=\"\" href=\"https:\/\/france3-regions.franceinfo.fr\/image\/lQdIlIfakIalDh6aiLXNCOrrdAI\/1616x1080\/regions\/2025\/08\/26\/dsc04424-68ade4f6566c0023374425.jpg\" data-pswp-width=\"1616\" data-pswp-height=\"1080\" target=\"_blank\" rel=\"nofollow noopener\"><\/p>\n<p>          <img width=\"600\" height=\"400\" class=\"article-image lazy\" data-src=\"https:\/\/www.europesays.com\/fr\/wp-content\/uploads\/2025\/08\/dsc04424-68ade4f6566c0023374425.jpg\" alt=\"L'\u00e9levage des visons d'Europe est sous surveillance vid\u00e9o pour \u00e9tudier leur comportement. \" fetchpriority=\"high\" as=\"image\"\/><\/p>\n<p>\n            L&rsquo;\u00e9levage des visons d&rsquo;Europe est sous surveillance vid\u00e9o pour \u00e9tudier leur comportement.<br \/>\n                           \u2022<br \/>\n                                      \u00a9 Rachel Ferro &#8211; France T\u00e9l\u00e9visions\n                      <\/p>\n<p><\/a><\/p>\n<p>Au moment des naissances, le calme est prescrit. \u00ab\u00a0On a le droit de rentrer dans l\u2019enclos quand les petits ont quinze jours, on ne rentre pas avant pour \u00eatre s\u00fbrs que la m\u00e8re ne tue pas ses petits par peur\u00a0\u00bb, pr\u00e9cise la soigneuse. Les premi\u00e8res observations des port\u00e9es d\u00e9butent donc \u00e0 j+15 afin de compter le nombre de petits et de les peser. \u00c0 j+30, les \u00e9quipes v\u00e9rifient que le sevrage se passe bien et identifient les nouveau-n\u00e9s. Entre j+30 et j+70, l\u2019\u00e9mancipation d\u00e9bute et les visons les plus autonomes sont s\u00e9lectionn\u00e9s pour d\u00e9couvrir le monde ext\u00e9rieur. Parce qu&rsquo;ils auront peu v\u00e9cu en captivit\u00e9, ils pourront plus ais\u00e9ment s&rsquo;acclimater au milieu naturel, via une transition dans un enclos d\u2019acclimatation. Les autres sont relog\u00e9s dans le couloir de travail o\u00f9 se trouvent les reproducteurs. Des enclos de 12m2 ont \u00e9t\u00e9 mis en place avec l\u2019aide de confr\u00e8res estoniens, devenus experts en la mati\u00e8re. Un \u00e9chantillon de l\u2019\u00e9cosyst\u00e8me n\u00e9cessaire \u00e0 cette esp\u00e8ce semi-aquatique est recr\u00e9\u00e9\u00a0: bassin d\u2019eau, branches et feuillages les entourent.<\/p>\n<p>De la famille des must\u00e9lid\u00e9s, le vison d\u2019Europe se distingue par un pelage brun fonc\u00e9 et une \u00e0 deux taches blanches sur le museau. Ce petit carnivore semi-aquatique n\u2019est pas aussi bon nageur que la loutre mais sa survie d\u00e9pend, tout de m\u00eame, des zones humides.<\/p>\n<blockquote class=\"ftvi_content_quote\">\n<p class=\"ftvi_citation_quote\">Si nous ne faisons rien, cette esp\u00e8ce va dispara\u00eetre, donc on a quand m\u00eame une responsabilit\u00e9 morale<\/p>\n<p>Olivier Thibault <\/p>\n<p class=\"ftvi_citation_source\">Directeur g\u00e9n\u00e9ral de l&rsquo;OFB (Office fran\u00e7ais de la biodiversit\u00e9)<\/p>\n<\/blockquote>\n<p>Guillaume Romano, directeur du parc animalier Zoodyss\u00e9e, explique que le vison est une \u00ab\u00a0esp\u00e8ce parapluie\u00a0\u00bb et que \u00ab\u00a0mettre des efforts sur la conservation du vison, c\u2019est aussi conserver les zones humides et la qualit\u00e9 des eaux\u00a0\u00bb. \u00c0 l\u2019inverse, Olivier Thibault, directeur g\u00e9n\u00e9ral de l\u2019OFB, pr\u00e9cise que la survie du vison d\u2019Europe n\u00e9cessite de \u00ab\u00a0penser l\u2019\u00e9cosyst\u00e8me\u00a0\u00bb, \u00ab\u00a0de g\u00e9rer le cycle de l\u2019eau et des zones humides\u00a0\u00bb. Au cours du XXe si\u00e8cle, l\u2019esp\u00e8ce a perdu 90\u00a0% de ses effectifs et la population fran\u00e7aise est estim\u00e9e \u00e0 moins de 250 individus, principalement pr\u00e9sents en r\u00e9gion Nouvelle-Aquitaine. En cause, la destruction des habitats, les collisions routi\u00e8res et la comp\u00e9tition avec le vison d\u2019Am\u00e9rique, \u00ab\u00a0qui s\u2019est \u00e9vad\u00e9 des \u00e9levages pour les manteaux et la fourrure\u00a0\u00bb, explique Guillaume Romano.<\/p>\n<p>La France est l\u2019un des six derniers pays \u00e0 abriter une population sauvage de visons d\u2019Europe avec l\u2019Espagne, la Roumanie, l\u2019Estonie, l\u2019Ukraine et la Russie. Selon Olivier Thibault, \u00ab\u00a0Si nous ne faisons rien, cette esp\u00e8ce va dispara\u00eetre, donc on a quand m\u00eame une responsabilit\u00e9 morale\u00a0\u00bb. \u00c0 Calviac, en Dordogne, un autre \u00e9levage se d\u00e9veloppe et la r\u00e9serve zoologique poss\u00e8de d\u00e9j\u00e0 6 visons d\u2019Europe.<\/p>\n<p>D\u2019ici 2031, le PNA pr\u00e9voit de rel\u00e2cher 100 visons en Nouvelle-Aquitaine. L\u2019objectif est de faire se retrouver les diff\u00e9rentes communaut\u00e9s de visons afin qu\u2019ils puissent vivre ensemble, se reproduire et recoloniser les territoires perdus dont le Marais poitevin. <\/p>\n<p>(R\u00e9cit de Rachel Ferro, journaliste stagiaire)<\/p>\n","protected":false},"excerpt":{"rendered":"Les 7 et 25 ao\u00fbt 2025, deux groupes de visons d\u2019Europe ont \u00e9t\u00e9 rel\u00e2ch\u00e9s, en secret, dans la&hellip;\n","protected":false},"author":2,"featured_media":347251,"comment_status":"","ping_status":"","sticky":false,"template":"","format":"standard","meta":{"footnotes":""},"categories":[1586],"tags":[11,1777,674,1779,1011,27,12,25,1778,364],"class_list":{"0":"post-347250","1":"post","2":"type-post","3":"status-publish","4":"format-standard","5":"has-post-thumbnail","7":"category-europe","8":"tag-actualites","9":"tag-eu","10":"tag-europe","11":"tag-european-union","12":"tag-fr","13":"tag-france","14":"tag-news","15":"tag-republique-francaise","16":"tag-ue","17":"tag-union-europeenne"},"share_on_mastodon":{"url":"https:\/\/pubeurope.com\/@fr\/115100009405557087","error":""},"_links":{"self":[{"href":"https:\/\/www.europesays.com\/fr\/wp-json\/wp\/v2\/posts\/347250","targetHints":{"allow":["GET"]}}],"collection":[{"href":"https:\/\/www.europesays.com\/fr\/wp-json\/wp\/v2\/posts"}],"about":[{"href":"https:\/\/www.europesays.com\/fr\/wp-json\/wp\/v2\/types\/post"}],"author":[{"embeddable":true,"href":"https:\/\/www.europesays.com\/fr\/wp-json\/wp\/v2\/users\/2"}],"replies":[{"embeddable":true,"href":"https:\/\/www.europesays.com\/fr\/wp-json\/wp\/v2\/comments?post=347250"}],"version-history":[{"count":0,"href":"https:\/\/www.europesays.com\/fr\/wp-json\/wp\/v2\/posts\/347250\/revisions"}],"wp:featuredmedia":[{"embeddable":true,"href":"https:\/\/www.europesays.com\/fr\/wp-json\/wp\/v2\/media\/347251"}],"wp:attachment":[{"href":"https:\/\/www.europesays.com\/fr\/wp-json\/wp\/v2\/media?parent=347250"}],"wp:term":[{"taxonomy":"category","embeddable":true,"href":"https:\/\/www.europesays.com\/fr\/wp-json\/wp\/v2\/categories?post=347250"},{"taxonomy":"post_tag","embeddable":true,"href":"https:\/\/www.europesays.com\/fr\/wp-json\/wp\/v2\/tags?post=347250"}],"curies":[{"name":"wp","href":"https:\/\/api.w.org\/{rel}","templated":true}]}}