{"id":347254,"date":"2025-08-27T09:26:12","date_gmt":"2025-08-27T09:26:12","guid":{"rendered":"https:\/\/www.europesays.com\/fr\/347254\/"},"modified":"2025-08-27T09:26:12","modified_gmt":"2025-08-27T09:26:12","slug":"jean-imbert-pervers-narcissique-champagne-baignoire-gifles-caprice-sur-top-chef-la-plainte-de-lila-salet-laisse-sans-voix","status":"publish","type":"post","link":"https:\/\/www.europesays.com\/fr\/347254\/","title":{"rendered":"Jean Imbert \u00ab pervers narcissique \u00bb ? Champagne, baignoire, gifles, caprice sur Top Chef\u2026 la plainte de Lila Salet laisse sans voix"},"content":{"rendered":"<p data-start=\"136\" data-end=\"569\">Jean Imbert est au c\u0153ur d\u00a0\u00bbune<br \/>\npol\u00e9mique. Ce lundi 25 ao\u00fbt, son ex-compagne et ancienne actrice<br \/>\n<a href=\"https:\/\/www.closermag.fr\/people\/jean-imbert-qui-est-lila-salet-la-comedienne-qui-laccuse-de-violences-conjugales-et-de-sequestration-3573044\" target=\"_blank\" rel=\"noopener\"><br \/>\nLila Salet<\/a> a d\u00e9pos\u00e9 plainte contre lui pour <strong>violences<br \/>\nconjugales<\/strong>. D&rsquo;apr\u00e8s les informations de BFMTV, une enqu\u00eate<br \/>\na \u00e9t\u00e9 ouverte. Et ce n&rsquo;est pas la seule \u00e0 avoir d\u00e9nonc\u00e9 l&rsquo;ancien<br \/>\nvainqueur de Top Chef&#8230;<br \/>\n<a href=\"https:\/\/www.closermag.fr\/people\/jean-imbert-accuse-de-violences-alexandra-rosenfeld-sest-fait-peter-le-nez-et-ca-a-glace-une-plaignante-3573397\" target=\"_blank\" rel=\"noopener\"><br \/>\nAlexandra Rosenfeld<\/a>, ancienne Miss France, a elle aussi affirm\u00e9<br \/>\navoir \u00e9t\u00e9 victime de violences durant leur relation de 2013 \u00e0<br \/>\n2014.<\/p>\n<p data-start=\"571\" data-end=\"888\">Lila Salet \u00e9voque \u00ab\u00a0des faits<br \/>\nde violences dans le cadre conjugal\u00a0\u00bb commis \u00ab\u00a0entre 2012 et<br \/>\n2013\u00a0\u00bb. \u00ab\u00a0Je suis bien consciente que la prescription peut<br \/>\ns&rsquo;appliquer sur ces faits mais l&rsquo;actualit\u00e9 et certaines \u00e9ch\u00e9ances<br \/>\nm&rsquo;am\u00e8nent \u00e0 devoir r\u00e9agir et exprimer certains faits\u00a0\u00bb,<br \/>\na-t-elle d\u00e9clar\u00e9. Des propos rapport\u00e9s par BFMTV.<\/p>\n<p>Jean Imbert : son ex-compagne<br \/>\nsous \u00ab\u00a0emprise\u00a0\u00bb<\/p>\n<p data-start=\"941\" data-end=\"1281\">Leur histoire d&rsquo;amour a<br \/>\ncommenc\u00e9 en septembre 2012 et s\u2019est termin\u00e9e en mars 2013. C&rsquo;est<br \/>\nlors d&rsquo;une f\u00eate c\u00e9l\u00e9brant la fin du tournage de l&rsquo;un de ses films<br \/>\nqu&rsquo;ils se sont rencontr\u00e9s. Tr\u00e8s vite, ils se sont mis en couple et<br \/>\nont v\u00e9cu une relation de sept mois. Mais pour la jeune femme de 33<br \/>\nans, l&rsquo;idylle se serait transform\u00e9e en cauchemar.<\/p>\n<p data-start=\"1283\" data-end=\"1697\">Dans sa plainte, Lila Salet<br \/>\nexplique que <a href=\"https:\/\/www.closermag.fr\/people\/jean-imbert-accuse-de-violences-conjugales-une-plaignante-hurle-sa-douleur-prendre-ton-courage-3573359\" target=\"_blank\" rel=\"noopener\"><br \/>\nJean Imbert<\/a> aurait \u00ab\u00a0accapar\u00e9\u00a0\u00bb sa vie, l\u2019aurait<br \/>\n<strong>isol\u00e9e de ses amis<\/strong> et lui aurait demand\u00e9 de<br \/>\ntravailler pour lui. Selon elle, elle \u00e9tait sous une<br \/>\n\u00ab\u00a0emprise\u00a0\u00bb qu&rsquo;elle n&rsquo;avait pas anticip\u00e9e. \u00ab\u00a0Tous les<br \/>\nmatins, je devais me lever en m\u00eame temps que lui et je devais<br \/>\nl\u2019\u00e9couter parler de lui dans sa baignoire (&#8230;). Il ne supportait<br \/>\npas que j\u2019aille seule ailleurs\u00a0\u00bb, pr\u00e9cise-t-elle.<\/p>\n<p>Lila<br \/>\nSalet : \u00ab\u00a0J&rsquo;ai \u00e9t\u00e9 s\u00e9questr\u00e9e&#8230;\u00a0\u00bb<\/p>\n<p data-start=\"1743\" data-end=\"2189\">Plus encore : \u00ab\u00a0Si je ne<br \/>\nd\u00e9crochais pas \u00e0 ses appels, <strong>il mena\u00e7ait de se<br \/>\nsuicider.<\/strong> Il me rendait responsable de son \u00e9tat de<br \/>\nfaiblesse si je ne r\u00e9pondais pas \u00e0 ses sollicitations\u00a0\u00bb,<br \/>\najoute-t-elle. D&rsquo;apr\u00e8s ses dires, <a href=\"https:\/\/www.closermag.fr\/people\/lila-salet-giflee-et-sequestree-par-jean-imbert-ces-photos-qui-sement-la-zizanie-3573284\" target=\"_blank\" rel=\"noopener\"><br \/>\nle chef cuisinier<\/a> lui aurait port\u00e9 \u00ab\u00a0une \u00e9norme gifle au<br \/>\nvisage\u00a0\u00bb quelques mois apr\u00e8s le d\u00e9but de leur relation. \u00ab\u00a0Il<br \/>\na recommenc\u00e9 ce geste plusieurs fois par la suite, toujours dans un<br \/>\ncadre intime donc sans t\u00e9moins\u00a0\u00bb, a-t-elle confi\u00e9.<\/p>\n<p data-start=\"2191\" data-end=\"2938\">En janvier 2013, lors d&rsquo;un<br \/>\nvoyage \u00e0 Florence, Lila Salet raconte avoir \u00ab\u00a0re\u00e7u un SMS d&rsquo;un<br \/>\nami\u00a0\u00bb, ce qui aurait provoqu\u00e9 une col\u00e8re noire. Jean Imbert<br \/>\nl&rsquo;aurait frapp\u00e9e \u00ab\u00a0plusieurs fois au visage\u00a0\u00bb avant de lui<br \/>\nverser \u00ab\u00a0du champagne dans les yeux\u00a0\u00bb. \u00ab\u00a0Il n&rsquo;avait pas voulu que<br \/>\nje sorte de la chambre d&rsquo;h\u00f4tel. J&rsquo;ai donc \u00e9t\u00e9 s\u00e9questr\u00e9e pendant<br \/>\nplusieurs heures\u00a0\u00bb, glisse-t-elle. Au moment de leur<br \/>\ns\u00e9paration, le cuisinier de 44 ans aurait \u00ab\u00a0enfonc\u00e9 deux portes<br \/>\net arrach\u00e9 des fils \u00e9lectriques\u00a0\u00bb. Son ex-compagne le qualifie<br \/>\nde <strong>\u00ab\u00a0pervers narcissique\u00a0\u00bb<\/strong>, avant d\u2019ajouter<br \/>\n: \u00ab\u00a0Il m&rsquo;obligeait \u00e0 visionner tous les soirs sa victoire dans<br \/>\nl&rsquo;\u00e9mission Top Chef\u00a0\u00bb. \u00ab\u00a0Ma d\u00e9marche peut soutenir celles des autres<br \/>\nfemmes ayant \u00e9t\u00e9 victimes de cette personne\u00a0\u00bb, a-t-elle<br \/>\nconclu.<\/p>\n","protected":false},"excerpt":{"rendered":"Jean Imbert est au c\u0153ur d\u00a0\u00bbune pol\u00e9mique. Ce lundi 25 ao\u00fbt, son ex-compagne et ancienne actrice Lila Salet&hellip;\n","protected":false},"author":2,"featured_media":347255,"comment_status":"","ping_status":"","sticky":false,"template":"","format":"standard","meta":{"footnotes":""},"categories":[2],"tags":[11,548,1011,27,13518,12,25],"class_list":{"0":"post-347254","1":"post","2":"type-post","3":"status-publish","4":"format-standard","5":"has-post-thumbnail","7":"category-actualites","8":"tag-actualites","9":"tag-article-simple","10":"tag-fr","11":"tag-france","12":"tag-jean-imbert","13":"tag-news","14":"tag-republique-francaise"},"share_on_mastodon":{"url":"https:\/\/pubeurope.com\/@fr\/115100017225353771","error":""},"_links":{"self":[{"href":"https:\/\/www.europesays.com\/fr\/wp-json\/wp\/v2\/posts\/347254","targetHints":{"allow":["GET"]}}],"collection":[{"href":"https:\/\/www.europesays.com\/fr\/wp-json\/wp\/v2\/posts"}],"about":[{"href":"https:\/\/www.europesays.com\/fr\/wp-json\/wp\/v2\/types\/post"}],"author":[{"embeddable":true,"href":"https:\/\/www.europesays.com\/fr\/wp-json\/wp\/v2\/users\/2"}],"replies":[{"embeddable":true,"href":"https:\/\/www.europesays.com\/fr\/wp-json\/wp\/v2\/comments?post=347254"}],"version-history":[{"count":0,"href":"https:\/\/www.europesays.com\/fr\/wp-json\/wp\/v2\/posts\/347254\/revisions"}],"wp:featuredmedia":[{"embeddable":true,"href":"https:\/\/www.europesays.com\/fr\/wp-json\/wp\/v2\/media\/347255"}],"wp:attachment":[{"href":"https:\/\/www.europesays.com\/fr\/wp-json\/wp\/v2\/media?parent=347254"}],"wp:term":[{"taxonomy":"category","embeddable":true,"href":"https:\/\/www.europesays.com\/fr\/wp-json\/wp\/v2\/categories?post=347254"},{"taxonomy":"post_tag","embeddable":true,"href":"https:\/\/www.europesays.com\/fr\/wp-json\/wp\/v2\/tags?post=347254"}],"curies":[{"name":"wp","href":"https:\/\/api.w.org\/{rel}","templated":true}]}}