{"id":347260,"date":"2025-08-27T09:31:16","date_gmt":"2025-08-27T09:31:16","guid":{"rendered":"https:\/\/www.europesays.com\/fr\/347260\/"},"modified":"2025-08-27T09:31:16","modified_gmt":"2025-08-27T09:31:16","slug":"mon-dernier-objectif-cest-de-jouer-au-moins-jusqua-quarante-piges-espere-gael-monfils","status":"publish","type":"post","link":"https:\/\/www.europesays.com\/fr\/347260\/","title":{"rendered":"\u00ab\u00a0Mon dernier objectif, c&rsquo;est de jouer au moins jusqu&rsquo;\u00e0 quarante piges\u00a0\u00bb, esp\u00e8re Ga\u00ebl Monfils"},"content":{"rendered":"\n<p class=\"c-chapo \">\n  Apr\u00e8s son \u00e9limination au premier tour de l&rsquo;US Open, mardi, Ga\u00ebl Monfils a explique esp\u00e9rer jouer encore au moins un an.\n<\/p>\n<p>            lire plus tard<\/p>\n<p id=\"dialog__title\" class=\"dialog__title\">Pour sauvegarder cet article, connectez-vous ou cr\u00e9ez un compte franceinfo<\/p>\n<p class=\"dialog__description\">Sans paiement. Sans abonnement.<\/p>\n<p>        Fermer la fen\u00eatre d\u2019activation des notifications France Info<\/p>\n<p>            cr\u00e9er votre compte<\/p>\n<p>            se connecter<\/p>\n<p>        Fermer la fen\u00eatre de pr\u00e9sentation<\/p>\n<p>    <img loading=\"lazy\" decoding=\"async\" class=\"signature__image lazyload\" width=\"100\" height=\"100\" data- alt=\"\" src=\"https:\/\/www.europesays.com\/fr\/wp-content\/uploads\/2025\/07\/logosport-fond-blanc-68664bf99f8a0368288482.jpg\"\/><\/p>\n<p>          France T\u00e9l\u00e9visions &#8211; R\u00e9daction Sport<\/p>\n<p>    Publi\u00e9 le 27\/08\/2025 08:43<\/p>\n<p>        Temps de lecture : 2min<\/p>\n<p>    <img decoding=\"async\"  alt=\"Ga\u00ebl Monfils lors de son premier tour \u00e0 l'US Open, le 26 ao\u00fbt 2025, \u00e0 Flushing Meadows (Etats-Unis). (AFP)\" width=\"432\" height=\"243\" src=\"https:\/\/www.europesays.com\/fr\/wp-content\/uploads\/2025\/08\/000-72jh2kp-68aea8e2ba616180100836.jpg\" fetchpriority=\"high\"\/><\/p>\n<p>      Ga\u00ebl Monfils lors de son premier tour \u00e0 l&rsquo;US Open, le 26 ao\u00fbt 2025, \u00e0 Flushing Meadows (Etats-Unis). (AFP)<\/p>\n<p>A six jours de ses 39 printemps, le v\u00e9t\u00e9ran du tennis fran\u00e7ais Ga\u00ebl Monfils a affirm\u00e9, mardi 26 ao\u00fbt, <a href=\"https:\/\/www.franceinfo.fr\/sports\/tennis\/us-open\/us-open-2025-lois-boisson-deja-eliminee-coco-gauff-bousculee-jannik-sinner-et-iga-swiatek-dominateurs-ce-qu-il-faut-retenir-de-la-3e-journee_7457206.html\" target=\"_blank\" rel=\"noopener\">apr\u00e8s sa d\u00e9faite au premier tour de l&rsquo;US Open<\/a>, que son \u00ab\u00a0dernier objectif\u00a0\u00bb \u00e9tait de pousser sa carri\u00e8re professionnelle jusqu&rsquo;\u00e0 40 ans. \u00ab\u00a0Il y a de plus en plus d&rsquo;athl\u00e8tes qui arrivent \u00e0 performer \u00e0 un bon niveau \u00e0 40 ans. Et j&rsquo;aimerais bien \u00eatre un de ces athl\u00e8tes-l\u00e0\u00a0\u00bb, a affirm\u00e9 le Parisien en conf\u00e9rence de presse \u00e0 New York.<\/p>\n<p>\u00ab\u00a0Mon dernier objectif, c&rsquo;est de jouer au moins jusqu&rsquo;\u00e0 quarante piges\u00a0\u00bb, a insist\u00e9 l&rsquo;ex-N.6 mondial. M\u00eame \u00e0 cet \u00e2ge avanc\u00e9 pour un joueur de tennis professionnel, \u00ab\u00a0j&rsquo;aimerais \u00eatre comp\u00e9titif comme je l&rsquo;\u00e9tais en d\u00e9but d&rsquo;ann\u00e9e\u00a0\u00bb, a d\u00e9velopp\u00e9 celui qui est devenu en janvier \u00e0 Auckland le vainqueur de tournoi le plus \u00e2g\u00e9 depuis pr\u00e8s de 50 ans sur le circuit principal, avant de se hisser en huiti\u00e8mes de finale de l&rsquo;Open d&rsquo;Australie.<\/p>\n<p>Apr\u00e8s une tourn\u00e9e am\u00e9ricaine \u00ab\u00a0vraiment longue\u00a0\u00bb ponctu\u00e9e de trois d\u00e9faites d\u00e8s son entr\u00e9e en lice \u00e0 l&rsquo;ATP 500 de Washington, au Masters 1000 de Toronto et \u00e0 l&rsquo;US Open, Monfils pr\u00e9voit de revenir sur le circuit pour la tourn\u00e9e asiatique, qui commencera la semaine du 15 septembre. Inscrit \u00e0 l&rsquo;ATP 250 de Chengdu en Chine (17-23 septembre), le Fran\u00e7ais a affirm\u00e9 mardi avoir \u00ab\u00a0vraiment envie d&rsquo;y aller, parce que j&rsquo;ai envie de montrer quand m\u00eame un autre visage et essayer de faire une fin d&rsquo;ann\u00e9e un peu plus costaude que cette p\u00e9riode compliqu\u00e9e pour moi\u00a0\u00bb.<\/p>\n<p>Ga\u00ebl Monfils devrait \u00eatre accompagn\u00e9 en Asie par son nouvel entra\u00eeneur Dorian Descloix, arriv\u00e9 dans son \u00e9quipe juste avant Wimbledon mais qui ne s&rsquo;\u00e9tait engag\u00e9 dans un premier temps que jusqu&rsquo;\u00e0 la tourn\u00e9e am\u00e9ricaine sur dur. \u00ab\u00a0Je pense que c&rsquo;est un super entra\u00eeneur\u00a0\u00bb mais \u00ab\u00a0je n&rsquo;ai pas envie de lui faire perdre son temps\u00a0\u00bb, a d\u00e9clar\u00e9 \u00ab\u00a0La Monf\u00a0\u00bb.<\/p>\n<p>\u00ab\u00a0Il arrive dans une p\u00e9riode o\u00f9 je suis un peu moins bien. J&rsquo;aurais forc\u00e9ment pr\u00e9f\u00e9r\u00e9 beaucoup mieux jouer pour lui, parce qu&rsquo;il le m\u00e9rite, parce qu&rsquo;il est bon, c&rsquo;est juste moi qui suis mauvais. On doit parler mais s&rsquo;il est partant &#8211; il me l&rsquo;a dit dit \u00e0 demi-mot &#8211; je pense que j&rsquo;irai avec lui sur la tourn\u00e9e asiatique\u00a0\u00bb, a conclu le Fran\u00e7ais.<\/p>\n","protected":false},"excerpt":{"rendered":"Apr\u00e8s son \u00e9limination au premier tour de l&rsquo;US Open, mardi, Ga\u00ebl Monfils a explique esp\u00e9rer jouer encore au&hellip;\n","protected":false},"author":2,"featured_media":347261,"comment_status":"","ping_status":"","sticky":false,"template":"","format":"standard","meta":{"footnotes":""},"categories":[1415],"tags":[1011,27,60,1467],"class_list":{"0":"post-347260","1":"post","2":"type-post","3":"status-publish","4":"format-standard","5":"has-post-thumbnail","7":"category-tennis","8":"tag-fr","9":"tag-france","10":"tag-sports","11":"tag-tennis"},"share_on_mastodon":{"url":"https:\/\/pubeurope.com\/@fr\/115100037296806684","error":""},"_links":{"self":[{"href":"https:\/\/www.europesays.com\/fr\/wp-json\/wp\/v2\/posts\/347260","targetHints":{"allow":["GET"]}}],"collection":[{"href":"https:\/\/www.europesays.com\/fr\/wp-json\/wp\/v2\/posts"}],"about":[{"href":"https:\/\/www.europesays.com\/fr\/wp-json\/wp\/v2\/types\/post"}],"author":[{"embeddable":true,"href":"https:\/\/www.europesays.com\/fr\/wp-json\/wp\/v2\/users\/2"}],"replies":[{"embeddable":true,"href":"https:\/\/www.europesays.com\/fr\/wp-json\/wp\/v2\/comments?post=347260"}],"version-history":[{"count":0,"href":"https:\/\/www.europesays.com\/fr\/wp-json\/wp\/v2\/posts\/347260\/revisions"}],"wp:featuredmedia":[{"embeddable":true,"href":"https:\/\/www.europesays.com\/fr\/wp-json\/wp\/v2\/media\/347261"}],"wp:attachment":[{"href":"https:\/\/www.europesays.com\/fr\/wp-json\/wp\/v2\/media?parent=347260"}],"wp:term":[{"taxonomy":"category","embeddable":true,"href":"https:\/\/www.europesays.com\/fr\/wp-json\/wp\/v2\/categories?post=347260"},{"taxonomy":"post_tag","embeddable":true,"href":"https:\/\/www.europesays.com\/fr\/wp-json\/wp\/v2\/tags?post=347260"}],"curies":[{"name":"wp","href":"https:\/\/api.w.org\/{rel}","templated":true}]}}