{"id":347268,"date":"2025-08-27T09:36:11","date_gmt":"2025-08-27T09:36:11","guid":{"rendered":"https:\/\/www.europesays.com\/fr\/347268\/"},"modified":"2025-08-27T09:36:11","modified_gmt":"2025-08-27T09:36:11","slug":"deja-plus-de-30-000-spectateurs-annonces-pour-asse-gf38-ce-samedi","status":"publish","type":"post","link":"https:\/\/www.europesays.com\/fr\/347268\/","title":{"rendered":"D\u00e9j\u00e0 plus de 30 000 spectateurs annonc\u00e9s pour ASSE &#8211; GF38 ce samedi"},"content":{"rendered":"<p style=\"font-size:20px\"><strong>Nos confr\u00e8res d\u2019<a href=\"https:\/\/www.envertetcontretous.fr\/articles\/asse-deja-30-000-supporters-pour-la-venue-de-grenoble-record-en-vue-69901-1.html\" target=\"_blank\" rel=\"noreferrer noopener nofollow\">EVECT<\/a> ont annonc\u00e9 que la barre des 30 000 spectateurs \u00e9tait d\u00e9j\u00e0 franchie pour la rencontre de la 4\u00e8me journ\u00e9e de Ligue 2 qui opposera l\u2019AS Saint-Etienne au GF38 ce samedi 30 ao\u00fbt.<\/strong><\/p>\n<p>L\u2019ASSE esp\u00e8re d\u00e9passer la barre des 35 000 spectateurs, battant ainsi le \u00ab\u00a0record\u00a0\u00bb de la saison puisque le premier match \u00e0 domicile s\u2019\u00e9tait d\u00e9roul\u00e9 devant 33 051 personnes. Pour rappel, le parcage visiteurs est limit\u00e9 \u00e0 450 Grenoblois. <\/p>\n","protected":false},"excerpt":{"rendered":"Nos confr\u00e8res d\u2019EVECT ont annonc\u00e9 que la barre des 30 000 spectateurs \u00e9tait d\u00e9j\u00e0 franchie pour la rencontre&hellip;\n","protected":false},"author":2,"featured_media":256017,"comment_status":"","ping_status":"","sticky":false,"template":"","format":"standard","meta":{"footnotes":""},"categories":[1410],"tags":[63,1011,27,60],"class_list":{"0":"post-347268","1":"post","2":"type-post","3":"status-publish","4":"format-standard","5":"has-post-thumbnail","7":"category-football","8":"tag-football","9":"tag-fr","10":"tag-france","11":"tag-sports"},"share_on_mastodon":{"url":"https:\/\/pubeurope.com\/@fr\/115100056576470083","error":""},"_links":{"self":[{"href":"https:\/\/www.europesays.com\/fr\/wp-json\/wp\/v2\/posts\/347268","targetHints":{"allow":["GET"]}}],"collection":[{"href":"https:\/\/www.europesays.com\/fr\/wp-json\/wp\/v2\/posts"}],"about":[{"href":"https:\/\/www.europesays.com\/fr\/wp-json\/wp\/v2\/types\/post"}],"author":[{"embeddable":true,"href":"https:\/\/www.europesays.com\/fr\/wp-json\/wp\/v2\/users\/2"}],"replies":[{"embeddable":true,"href":"https:\/\/www.europesays.com\/fr\/wp-json\/wp\/v2\/comments?post=347268"}],"version-history":[{"count":0,"href":"https:\/\/www.europesays.com\/fr\/wp-json\/wp\/v2\/posts\/347268\/revisions"}],"wp:featuredmedia":[{"embeddable":true,"href":"https:\/\/www.europesays.com\/fr\/wp-json\/wp\/v2\/media\/256017"}],"wp:attachment":[{"href":"https:\/\/www.europesays.com\/fr\/wp-json\/wp\/v2\/media?parent=347268"}],"wp:term":[{"taxonomy":"category","embeddable":true,"href":"https:\/\/www.europesays.com\/fr\/wp-json\/wp\/v2\/categories?post=347268"},{"taxonomy":"post_tag","embeddable":true,"href":"https:\/\/www.europesays.com\/fr\/wp-json\/wp\/v2\/tags?post=347268"}],"curies":[{"name":"wp","href":"https:\/\/api.w.org\/{rel}","templated":true}]}}