{"id":347269,"date":"2025-08-27T09:37:16","date_gmt":"2025-08-27T09:37:16","guid":{"rendered":"https:\/\/www.europesays.com\/fr\/347269\/"},"modified":"2025-08-27T09:37:16","modified_gmt":"2025-08-27T09:37:16","slug":"serieusement-blesse-a-la-main-mohamed-bouhafsi-admis-aux-urgences-a-quelques-jours-de-son-retour-dans-c-a-vous","status":"publish","type":"post","link":"https:\/\/www.europesays.com\/fr\/347269\/","title":{"rendered":"S\u00e9rieusement bless\u00e9 \u00e0 la main, Mohamed Bouhafsi admis aux urgences \u00e0 quelques jours de son retour dans C \u00e0 vous"},"content":{"rendered":"<p>\u00c0 quelques jours de sa rentr\u00e9e \u00e0 la pr\u00e9sentation de C \u00e0 vous, une \u00e9volution prestigieuse de sa carri\u00e8re, Mohamed Bouhafsi a v\u00e9cu une belle m\u00e9saventure, comme il l&rsquo;a r\u00e9v\u00e9l\u00e9 ce mardi 26 ao\u00fbt 2025 sur Instagram. Alors qu&rsquo;il reprendra les r\u00eanes du talk-show de France 5 le vendredi et le samedi, le journaliste de 33 ans a d\u00fb faire un passage aux urgences pour une vilaine blessure\u2026<\/p>\n<p>La rentr\u00e9e de la bande de C \u00e0 vous approche \u00e0 grand pas. \u00c0 compter du lundi 1er\u00a0septembre 2025, <a href=\"https:\/\/www.programme-tv.net\/biographie\/40799-lemoine-anne-elisabeth\/\" data-link-people=\"c4d3afa1-63f5-4b73-bd3a-75c74edbba6d\" target=\"_blank\" rel=\"noopener\">Anne-Elisabeth Lemoine<\/a> et ses chroniqueurs sont de retour en plateau pour d\u00e9crypter l&rsquo;actualit\u00e9 avec des invit\u00e9s, une 17e saison plac\u00e9e sous le signe de la nouveaut\u00e9\u00a0: l&rsquo;\u00e9mission a d\u00e9croch\u00e9 un num\u00e9ro suppl\u00e9mentaire, et <a href=\"https:\/\/www.programme-tv.net\/news\/tv\/383499-merci-a-aurelie-casse-pour-ses-mots-mohamed-bouhafsi-reagit-pour-la-premiere-fois-a-son-arrivee-a-lanimation-de-c-a-vous\/\" data-api-deeplink=\"teleloisirs:\/\/news\/383499\" target=\"_blank\" rel=\"noopener\">c&rsquo;est Mohamed Bouhafsi qui reprendra les r\u00eanes de la pr\u00e9sentation le vendredi et donc le samedi<\/a>. \u00ab\u00a0Avec deux heures de direct quotidiennement, C \u00e0 vous demande une pr\u00e9paration et une exigence importantes. Cette formule me permettra de prendre plus de temps notamment pour des projets compatibles avec l\u2019\u00e9mission, m\u00eame si ma priorit\u00e9 va toujours \u00e0 C \u00e0 vous\u00a0\u00bb, avait expliqu\u00e9 <a href=\"https:\/\/www.programme-tv.net\/news\/tv\/339133-avec-plaisir-babeth-elise-lucet-usurpe-lidentite-danne-elisabeth-lemoine-dans-c-a-vous-provoquant-les-rires-et-la-surprise-des-chroniqueurs\/\" data-api-deeplink=\"teleloisirs:\/\/news\/339133\" target=\"_blank\" rel=\"noopener\">celle que l&rsquo;on surnomme Babeth<\/a>, qui c\u00e9dera donc sa place de chef de file au journaliste sportif en fin de semaine. Ce dernier, qui a \u00e9t\u00e9 promu directeur g\u00e9n\u00e9ral de 3e \u0152il Productions, a toutefois v\u00e9cu une belle m\u00e9saventure qui intervient au pire moment\u2026<\/p>\n<p>                        Mohamed Bouhafsi bless\u00e9\u00a0: il remercie les soignants des urgences qui l&rsquo;ont pris en charge<\/p>\n<p>Comme il l&rsquo;a r\u00e9v\u00e9l\u00e9 dans une story sur Instagram ce mardi 26\u00a0ao\u00fbt 2025, Mohamed Bouhafsi a d\u00fb \u00eatre admis \u00e0 l&rsquo;h\u00f4pital apr\u00e8s une blessure \u00e0 la main. \u00ab\u00a0On a quand m\u00eame les meilleurs soignants du monde. Merci \u00e0 tous les soignants de la clinique des Peupliers pour leur bienveillance ce matin aux urgences\u00a0\u00bb, peut-on lire dans la l\u00e9gende o\u00f9 le journaliste de 33 ans appara\u00eet avec une charlotte sur la t\u00eate et le majeur de la main gauche enrubann\u00e9 en \u00e9charpe. L&rsquo;occasion pour <a href=\"https:\/\/www.programme-tv.net\/news\/tv\/382735-c-est-assez-emouvant-pour-moi-mohamed-bouhafsi-fait-ses-adieux-a-rtl-apres-plus-de-trois-a-la-tete-de-focus-dimanche\/\" data-api-deeplink=\"teleloisirs:\/\/news\/382735\" target=\"_blank\" rel=\"noopener\">l&rsquo;ex-pr\u00e9sentateur de RTL<\/a>, souriant sur le selfie malgr\u00e9 les circonstances, de remercier le m\u00e9decin qui l&rsquo;a pris en charge et qui est \u00ab\u00a0fan de C \u00e0 vous\u00a0\u00bb\u00a0! Esp\u00e9rons que l&rsquo;ancien sp\u00e9cialiste du foot \u00e0 RMC se r\u00e9tablisse rapidement avant de retrouver le chemin des plateaux sur France 5, dans quelques jours.<\/p>\n<p>            Mohamed Bouhafsi aux commandes de C \u00e0 vous, \u00ab\u00a0un immense honneur\u00a0\u00bb<\/p>\n<p>Mohamed Bouhafsi, <a href=\"https:\/\/www.programme-tv.net\/news\/tv\/371618-anne-elisabeth-lemoine-c-est-ma-patronne-mohamed-bouhafsi-dement-fermement-les-rumeurs-de-tensions-dans-c-a-vous\/\" data-api-deeplink=\"teleloisirs:\/\/news\/371618\" target=\"_blank\" rel=\"noopener\">qui a rejoint C \u00e0 vous en 2021<\/a>, a confirm\u00e9 sa nouvelle fonction de pr\u00e9sentateur du talk-show dans un post sur Instagram, o\u00f9 il soulignait un \u00ab\u00a0immense honneur\u00a0\u00bb. \u00ab\u00a0Depuis plus de 4 ans et demi, je grandis dans cette maison aux c\u00f4t\u00e9s d&rsquo;une r\u00e9daction brillante, bienveillante, exigeante. Et c&rsquo;est avec la m\u00eame \u00e9nergie, la m\u00eame envie, que je rel\u00e8verai ce d\u00e9fi exaltant au sein de ce service public si important et cher \u00e0 mon c\u0153ur\u00a0\u00bb, avait-il comment\u00e9 avec fiert\u00e9.<\/p>\n","protected":false},"excerpt":{"rendered":"\u00c0 quelques jours de sa rentr\u00e9e \u00e0 la pr\u00e9sentation de C \u00e0 vous, une \u00e9volution prestigieuse de sa&hellip;\n","protected":false},"author":2,"featured_media":347270,"comment_status":"","ping_status":"","sticky":false,"template":"","format":"standard","meta":{"footnotes":""},"categories":[1359],"tags":[119,4470,244,58,59,1011,27,24618,973,1421],"class_list":{"0":"post-347269","1":"post","2":"type-post","3":"status-publish","4":"format-standard","5":"has-post-thumbnail","7":"category-people","8":"tag-accident","9":"tag-c-u00e0-vous","10":"tag-commentaire","11":"tag-divertissement","12":"tag-entertainment","13":"tag-fr","14":"tag-france","15":"tag-mohamed-bouhafsi","16":"tag-people","17":"tag-zap"},"share_on_mastodon":{"url":"https:\/\/pubeurope.com\/@fr\/115100060461479921","error":""},"_links":{"self":[{"href":"https:\/\/www.europesays.com\/fr\/wp-json\/wp\/v2\/posts\/347269","targetHints":{"allow":["GET"]}}],"collection":[{"href":"https:\/\/www.europesays.com\/fr\/wp-json\/wp\/v2\/posts"}],"about":[{"href":"https:\/\/www.europesays.com\/fr\/wp-json\/wp\/v2\/types\/post"}],"author":[{"embeddable":true,"href":"https:\/\/www.europesays.com\/fr\/wp-json\/wp\/v2\/users\/2"}],"replies":[{"embeddable":true,"href":"https:\/\/www.europesays.com\/fr\/wp-json\/wp\/v2\/comments?post=347269"}],"version-history":[{"count":0,"href":"https:\/\/www.europesays.com\/fr\/wp-json\/wp\/v2\/posts\/347269\/revisions"}],"wp:featuredmedia":[{"embeddable":true,"href":"https:\/\/www.europesays.com\/fr\/wp-json\/wp\/v2\/media\/347270"}],"wp:attachment":[{"href":"https:\/\/www.europesays.com\/fr\/wp-json\/wp\/v2\/media?parent=347269"}],"wp:term":[{"taxonomy":"category","embeddable":true,"href":"https:\/\/www.europesays.com\/fr\/wp-json\/wp\/v2\/categories?post=347269"},{"taxonomy":"post_tag","embeddable":true,"href":"https:\/\/www.europesays.com\/fr\/wp-json\/wp\/v2\/tags?post=347269"}],"curies":[{"name":"wp","href":"https:\/\/api.w.org\/{rel}","templated":true}]}}