{"id":34727,"date":"2025-04-18T19:11:09","date_gmt":"2025-04-18T19:11:09","guid":{"rendered":"https:\/\/www.europesays.com\/fr\/34727\/"},"modified":"2025-04-18T19:11:09","modified_gmt":"2025-04-18T19:11:09","slug":"la-maree-noire-pollue-les-plages-et-perturbe-la-saison-touristique-en-mer-noire","status":"publish","type":"post","link":"https:\/\/www.europesays.com\/fr\/34727\/","title":{"rendered":"la mar\u00e9e noire pollue les plages et perturbe la saison touristique en mer Noire"},"content":{"rendered":"<p>Deux p\u00e9troliers russes vieillissants se sont \u00e9chou\u00e9s pendant une temp\u00eate dans le d\u00e9troit de Kertch le 15 d\u00e9cembre 2024, d\u00e9versant leur cargaison et causant une pollution massive en mer Noire.<\/p>\n<p class=\"fig-paragraph\">Les autorit\u00e9s russes ont adress\u00e9 un avertissement vendredi concernant la pollution des plages de la populaire station baln\u00e9aire d&rsquo;Anapa sur la mer Noire, avant la saison touristique estivale, en raison de la mar\u00e9e noire provoqu\u00e9e par le naufrage de deux p\u00e9troliers en d\u00e9cembre dernier. L&rsquo;agence sanitaire russe Rospotrebnadzor a constat\u00e9 \u00abla non-conformit\u00e9 aux normes sanitaires et hygi\u00e9niques des \u00e9chantillons de sable et d&rsquo;eau de mer\u00bb \u00e0 Anapa et dans d&rsquo;autres zones\u00a0<a href=\"http:\/\/www.lefigaro.fr\/sports\/football\/guerre-en-ukraine-le-club-russe-de-krasnodar-suspend-le-contrat-de-cabella-et-plusieurs-joueurs-etrangers-20220303\" target=\"_blank\" data-fig-type=\"NewsFlash\" rel=\"noopener nofollow\" data-gtm-custom-categorie=\"navigation\" data-gtm-custom-action=\"crossclick\" data-gtm-custom-label=\"Contextuel\" data-gtm-event=\"customEventSPE\" data-fig-domain=\"LEFIGARO\">de la r\u00e9gion de Krasnodar (sud-ouest)<\/a>, tr\u00e8s pris\u00e9e pour les vacances d&rsquo;\u00e9t\u00e9 en Russie.<\/p>\n<p class=\"fig-paragraph\">Cette recommandation pourrait avoir de graves cons\u00e9quences sur Anapa, qui accueille un nombre croissant de touristes, les Russes \u00e9tant confront\u00e9s \u00e0 des restrictions de voyage vers l&rsquo;Union europ\u00e9enne depuis le d\u00e9but de l&rsquo;offensive en Ukraine. Cette station baln\u00e9aire avait re\u00e7u 5,5 millions de visiteurs l&rsquo;ann\u00e9e derni\u00e8re. Le 15 d\u00e9cembre 2024, deux p\u00e9troliers russes vieillissants se sont \u00e9chou\u00e9s pendant une temp\u00eate dans le d\u00e9troit de Kertch, situ\u00e9 entre la Russie et la Crim\u00e9e annex\u00e9e, d\u00e9versant leur cargaison et causant une pollution massive en mer Noire.<\/p>\n<p class=\"fig-paragraph\">Le\u00a0<a href=\"http:\/\/www.lefigaro.fr\/international\/une-personne-rare-vladimir-poutine-salue-les-ambitions-spatiales-de-elon-musk-20250416\" target=\"_blank\" data-fig-type=\"NewsFlash\" rel=\"noopener nofollow\" data-gtm-custom-categorie=\"navigation\" data-gtm-custom-action=\"crossclick\" data-gtm-custom-label=\"Contextuel\" data-gtm-event=\"customEventSPE\" data-fig-domain=\"LEFIGARO\">pr\u00e9sident Vladimir Poutine<\/a>\u00a0avait admis en d\u00e9cembre qu&rsquo;il s&rsquo;agissait d&rsquo;\u00abun d\u00e9sastre \u00e9cologique\u00bb et critiqu\u00e9 la r\u00e9ponse selon lui insuffisante des autorit\u00e9s locales. L&rsquo;accident a provoqu\u00e9 le d\u00e9versement d&rsquo;\u00e9paisses couches de fioul toxique sur les plages russes, obligeant les autorit\u00e9s et des b\u00e9n\u00e9voles \u00e0 collecter des dizaines de milliers de tonnes de sable contamin\u00e9 et \u00e0 pomper le mazout dans l&rsquo;un des p\u00e9troliers \u00e9chou\u00e9s.<\/p>\n<p class=\"fig-paragraph\">La pollution a \u00e9galement atteint la p\u00e9ninsule ukrainienne de Crim\u00e9e, annex\u00e9e par Moscou en 2014, notamment le port de S\u00e9bastopol, \u00e0 environ 250 kilom\u00e8tres du lieu du sinistre. Les autorit\u00e9s russes ont \u00e9valu\u00e9 d\u00e9but avril \u00e0 environ 900 millions d&rsquo;euros les d\u00e9g\u00e2ts engendr\u00e9s par cette mar\u00e9e noire.<\/p>\n","protected":false},"excerpt":{"rendered":"Deux p\u00e9troliers russes vieillissants se sont \u00e9chou\u00e9s pendant une temp\u00eate dans le d\u00e9troit de Kertch le 15 d\u00e9cembre&hellip;\n","protected":false},"author":2,"featured_media":34728,"comment_status":"","ping_status":"","sticky":false,"template":"","format":"standard","meta":{"footnotes":""},"categories":[1591],"tags":[259,11,260,1887,14,11339,261,12,262,1885,1886,132],"class_list":{"0":"post-34727","1":"post","2":"type-post","3":"status-publish","4":"format-standard","5":"has-post-thumbnail","7":"category-russie","8":"tag-actualite-internationale","9":"tag-actualites","10":"tag-affaires-etrangeres","11":"tag-federation-de-russie","12":"tag-international","13":"tag-maree-noire","14":"tag-ministere-des-affaires-etrangeres","15":"tag-news","16":"tag-politique-etrangere","17":"tag-russia","18":"tag-russian-federation","19":"tag-russie"},"share_on_mastodon":{"url":"https:\/\/pubeurope.com\/@fr\/114360554812172056","error":""},"_links":{"self":[{"href":"https:\/\/www.europesays.com\/fr\/wp-json\/wp\/v2\/posts\/34727","targetHints":{"allow":["GET"]}}],"collection":[{"href":"https:\/\/www.europesays.com\/fr\/wp-json\/wp\/v2\/posts"}],"about":[{"href":"https:\/\/www.europesays.com\/fr\/wp-json\/wp\/v2\/types\/post"}],"author":[{"embeddable":true,"href":"https:\/\/www.europesays.com\/fr\/wp-json\/wp\/v2\/users\/2"}],"replies":[{"embeddable":true,"href":"https:\/\/www.europesays.com\/fr\/wp-json\/wp\/v2\/comments?post=34727"}],"version-history":[{"count":0,"href":"https:\/\/www.europesays.com\/fr\/wp-json\/wp\/v2\/posts\/34727\/revisions"}],"wp:featuredmedia":[{"embeddable":true,"href":"https:\/\/www.europesays.com\/fr\/wp-json\/wp\/v2\/media\/34728"}],"wp:attachment":[{"href":"https:\/\/www.europesays.com\/fr\/wp-json\/wp\/v2\/media?parent=34727"}],"wp:term":[{"taxonomy":"category","embeddable":true,"href":"https:\/\/www.europesays.com\/fr\/wp-json\/wp\/v2\/categories?post=34727"},{"taxonomy":"post_tag","embeddable":true,"href":"https:\/\/www.europesays.com\/fr\/wp-json\/wp\/v2\/tags?post=34727"}],"curies":[{"name":"wp","href":"https:\/\/api.w.org\/{rel}","templated":true}]}}