{"id":347275,"date":"2025-08-27T09:40:11","date_gmt":"2025-08-27T09:40:11","guid":{"rendered":"https:\/\/www.europesays.com\/fr\/347275\/"},"modified":"2025-08-27T09:40:11","modified_gmt":"2025-08-27T09:40:11","slug":"tf1-diffusera-filip-le-biopic-sur-le-leader-des-2be3-filip-nikolic-le-lundi-15-septembre-prochain-a-21h10-il-sera-suivi-dun-documentaire-inedit-a-23h","status":"publish","type":"post","link":"https:\/\/www.europesays.com\/fr\/347275\/","title":{"rendered":"TF1 diffusera \u00ab\u00a0Filip\u00a0\u00bb, le biopic sur le leader des 2Be3 Filip Nikolic, le lundi 15 septembre prochain \u00e0 21h10 &#8211; Il sera suivi d&rsquo;un documentaire in\u00e9dit \u00e0 23h"},"content":{"rendered":"<p>Le lundi 15 septembre prochain, \u00e0 21h10, TF1 diffusera \u00ab\u00a0Filip\u00a0\u00bb, le biopic sur le leader des 2Be3 Filip Nikolic. Au casting, les t\u00e9l\u00e9spectateurs retrouveront Mika\u00ebl Mittelstadt (Filip Nikolic), Sara Mortensen (Val\u00e9rie), Adrien Truong (Adel), Ma\u00ebl Cordier (Franck), Oph\u00e9lia Kolb (Barbara), Samuel Labarthe (Marc Gasnier), Marcello Mazzarella (Ettore Munari), Miglen Mirtchev (Kode p\u00e8re de Filip).<\/p>\n<p>A noter qu\u2019\u00e0 23h, TF1 proposera un documentaire in\u00e9dit \u00ab Filip Nikolic, le destin bris\u00e9 d\u2019une ic\u00f4ne \u00bb. Pr\u00e8s de 16 ans apr\u00e8s la disparition brutale de Filip Nikolic \u00e0 seulement 35 ans, ce documentaire revient sur le destin tragique de l&rsquo;ic\u00f4ne la plus embl\u00e9matique des boys band, Filip Nikolic, leader charismatique du groupe iconique 2Be3, en d\u00e9voilant les coulisses de la naissance de ce ph\u00e9nom\u00e8ne qui a r\u00e9volutionn\u00e9 l&rsquo;industrie musicale de la fin des ann\u00e9es 90.<\/p>\n<p><strong>Pr\u00e9sentation de \u00ab\u00a0Filip\u00a0\u00bb<\/strong><\/p>\n<p>Filip Nikolic, ic\u00f4ne de la g\u00e9n\u00e9ration boys band des ann\u00e9es 2000, est devenu une v\u00e9ritable star gr\u00e2ce aux 2b3. Au sommet de sa gloire, il rencontre l&rsquo;amour de sa vie, Val\u00e9rie, qui deviendra le t\u00e9moin impuissant de son d\u00e9clin. Entre soif de reconnaissance et blessures du pass\u00e9, c&rsquo;est le destin bris\u00e9 d&rsquo;un homme qui a marqu\u00e9 son \u00e9poque qui se dessine.<\/p>\n<p>.<\/p>\n<p><img loading=\"lazy\" decoding=\"async\" src=\"https:\/\/www.europesays.com\/fr\/wp-content\/uploads\/2025\/08\/gzr7vpnw4aa-ekr_1.jpeg\" width=\"537\" height=\"402\" style=\"display: block; margin-left: auto; margin-right: auto;\"\/><\/p>\n<p>\u00a0<\/p>\n","protected":false},"excerpt":{"rendered":"Le lundi 15 septembre prochain, \u00e0 21h10, TF1 diffusera \u00ab\u00a0Filip\u00a0\u00bb, le biopic sur le leader des 2Be3 Filip&hellip;\n","protected":false},"author":2,"featured_media":347276,"comment_status":"","ping_status":"","sticky":false,"template":"","format":"standard","meta":{"footnotes":""},"categories":[1356],"tags":[12975,58,59,37599,1011,27,252,199,1364],"class_list":{"0":"post-347275","1":"post","2":"type-post","3":"status-publish","4":"format-standard","5":"has-post-thumbnail","7":"category-television","8":"tag-biopic","9":"tag-divertissement","10":"tag-entertainment","11":"tag-filip-nikolic","12":"tag-fr","13":"tag-france","14":"tag-television","15":"tag-tf1","16":"tag-tv"},"share_on_mastodon":{"url":"https:\/\/pubeurope.com\/@fr\/115100072662996868","error":""},"_links":{"self":[{"href":"https:\/\/www.europesays.com\/fr\/wp-json\/wp\/v2\/posts\/347275","targetHints":{"allow":["GET"]}}],"collection":[{"href":"https:\/\/www.europesays.com\/fr\/wp-json\/wp\/v2\/posts"}],"about":[{"href":"https:\/\/www.europesays.com\/fr\/wp-json\/wp\/v2\/types\/post"}],"author":[{"embeddable":true,"href":"https:\/\/www.europesays.com\/fr\/wp-json\/wp\/v2\/users\/2"}],"replies":[{"embeddable":true,"href":"https:\/\/www.europesays.com\/fr\/wp-json\/wp\/v2\/comments?post=347275"}],"version-history":[{"count":0,"href":"https:\/\/www.europesays.com\/fr\/wp-json\/wp\/v2\/posts\/347275\/revisions"}],"wp:featuredmedia":[{"embeddable":true,"href":"https:\/\/www.europesays.com\/fr\/wp-json\/wp\/v2\/media\/347276"}],"wp:attachment":[{"href":"https:\/\/www.europesays.com\/fr\/wp-json\/wp\/v2\/media?parent=347275"}],"wp:term":[{"taxonomy":"category","embeddable":true,"href":"https:\/\/www.europesays.com\/fr\/wp-json\/wp\/v2\/categories?post=347275"},{"taxonomy":"post_tag","embeddable":true,"href":"https:\/\/www.europesays.com\/fr\/wp-json\/wp\/v2\/tags?post=347275"}],"curies":[{"name":"wp","href":"https:\/\/api.w.org\/{rel}","templated":true}]}}