{"id":347279,"date":"2025-08-27T09:42:35","date_gmt":"2025-08-27T09:42:35","guid":{"rendered":"https:\/\/www.europesays.com\/fr\/347279\/"},"modified":"2025-08-27T09:42:35","modified_gmt":"2025-08-27T09:42:35","slug":"bonjour-la-langue-miroirs-n-3-la-femme-qui-en-savait-trop","status":"publish","type":"post","link":"https:\/\/www.europesays.com\/fr\/347279\/","title":{"rendered":"\u00ab\u00a0Bonjour la langue\u00a0\u00bb, \u00ab\u00a0Miroirs N\u00a0\u00b03\u00a0\u00bb, \u00ab\u00a0La femme qui en savait trop\u00a0\u00bb\u2026"},"content":{"rendered":"\n<p class=\"article__fact article__fact--false\">LA LISTE DE LA MATINALE<\/p>\n<p class=\"article__paragraph  \">C\u2019est la semaine des \u00ab\u00a0grands ma\u00eetres\u00a0\u00bb, qui permettra de d\u00e9couvrir Miroirs n\u00b0\u00a03, de l\u2019Allemand Christian Petzold, Bonjour la langue, dernier film du Fran\u00e7ais Paul Vecchiali (1930-2023), ou encore la reprise de A toute \u00e9preuve (1992) du Chinois John Woo. Ajoutons La femme qui en savait trop, de l\u2019Iranien Nader Saeivar, co\u00e9crit avec l\u2019embl\u00e9matique cin\u00e9aste de la nouvelle vague iranienne, Jafar Panahi.<\/p>\n<p class=\"article__paragraph  \"><strong>A ne pas manquer<\/strong><\/p>\n<p>           \u00ab\u00a0Bonjour la langue\u00a0\u00bb\u00a0: performance p\u00e8re et fils           <\/p>\n<p class=\"article__paragraph  \">Souvent, le dernier film d\u2019un grand cin\u00e9aste constitue un objet de choix pour la cin\u00e9philie. Loin de manifester une d\u00e9cadence, c\u2019est l\u00e0, au contraire, que se d\u00e9pose son geste le plus radical, d\u00e9pouill\u00e9 de tout. Bonjour la langue, le dernier film de Paul Vecchiali, achev\u00e9 quelques jours avant sa mort, le 18\u00a0janvier\u00a02023, \u00e0 l\u2019\u00e2ge de 92\u00a0ans, est pr\u00e9cis\u00e9ment de ces ultimes coups de d\u00e9s. C\u2019est \u00e0 la fois une exp\u00e9rience sur la corde raide, tourn\u00e9e en une seule journ\u00e9e (le 4\u00a0octobre\u00a02022), ainsi qu\u2019un m\u00e9lodrame pur jus, cette science de l\u2019\u00e9motion dont le cin\u00e9aste fut un praticien acharn\u00e9.<\/p>\n<p class=\"article__paragraph  \">Bonjour la langue s\u2019annonce d\u00e8s l\u2019ouverture comme un impromptu, l\u2019un de ces films improvis\u00e9s avec un com\u00e9dien complice, comme auparavant Trous de m\u00e9moire (1984), avec Fran\u00e7oise Lebrun. Ici, c\u2019est avec Pascal Cervo, autre fid\u00e8le, que Paul Vecchiali partage l\u2019\u00e9cran, reconduisant un dispositif de t\u00eate-\u00e0-t\u00eate minimal.<\/p>\n<p class=\"article__paragraph  \">Jean-Luc, musicien, d\u00e9barque \u00e0 l\u2019improviste chez son vieux p\u00e8re, Charles, dans la maison d\u2019enfance, apr\u00e8s six ann\u00e9es de silence. La conversation s\u2019engage, d\u2019abord difficile, h\u00e9riss\u00e9e de ranc\u0153urs mutuelles. Mais quelque chose tient. Les retrouvailles se jouent en trois actes\u00a0: dans la cour, au restaurant, puis au parc. Au fil de la journ\u00e9e, le roman familial se reconstitue par fragments autour du secret des origines. Se d\u00e9gage du film une id\u00e9e performative de la fiction, qui na\u00eet de presque rien et qui s\u2019invente dans l\u2019instant, fille de la fantaisie et du caprice. <strong>Ma. Mt.<\/strong><\/p>\n<p class=\"reading-mode-only \"><strong>Il vous reste 87.91% de cet article \u00e0 lire. La suite est r\u00e9serv\u00e9e aux abonn\u00e9s.<\/strong><\/p>\n","protected":false},"excerpt":{"rendered":"LA LISTE DE LA MATINALE C\u2019est la semaine des \u00ab\u00a0grands ma\u00eetres\u00a0\u00bb, qui permettra de d\u00e9couvrir Miroirs n\u00b0\u00a03, de&hellip;\n","protected":false},"author":2,"featured_media":347280,"comment_status":"","ping_status":"","sticky":false,"template":"","format":"standard","meta":{"footnotes":""},"categories":[1354],"tags":[58,59,1346,1011,27,1360],"class_list":{"0":"post-347279","1":"post","2":"type-post","3":"status-publish","4":"format-standard","5":"has-post-thumbnail","7":"category-films","8":"tag-divertissement","9":"tag-entertainment","10":"tag-films","11":"tag-fr","12":"tag-france","13":"tag-movies"},"share_on_mastodon":{"url":"https:\/\/pubeurope.com\/@fr\/115100080173572988","error":""},"_links":{"self":[{"href":"https:\/\/www.europesays.com\/fr\/wp-json\/wp\/v2\/posts\/347279","targetHints":{"allow":["GET"]}}],"collection":[{"href":"https:\/\/www.europesays.com\/fr\/wp-json\/wp\/v2\/posts"}],"about":[{"href":"https:\/\/www.europesays.com\/fr\/wp-json\/wp\/v2\/types\/post"}],"author":[{"embeddable":true,"href":"https:\/\/www.europesays.com\/fr\/wp-json\/wp\/v2\/users\/2"}],"replies":[{"embeddable":true,"href":"https:\/\/www.europesays.com\/fr\/wp-json\/wp\/v2\/comments?post=347279"}],"version-history":[{"count":0,"href":"https:\/\/www.europesays.com\/fr\/wp-json\/wp\/v2\/posts\/347279\/revisions"}],"wp:featuredmedia":[{"embeddable":true,"href":"https:\/\/www.europesays.com\/fr\/wp-json\/wp\/v2\/media\/347280"}],"wp:attachment":[{"href":"https:\/\/www.europesays.com\/fr\/wp-json\/wp\/v2\/media?parent=347279"}],"wp:term":[{"taxonomy":"category","embeddable":true,"href":"https:\/\/www.europesays.com\/fr\/wp-json\/wp\/v2\/categories?post=347279"},{"taxonomy":"post_tag","embeddable":true,"href":"https:\/\/www.europesays.com\/fr\/wp-json\/wp\/v2\/tags?post=347279"}],"curies":[{"name":"wp","href":"https:\/\/api.w.org\/{rel}","templated":true}]}}