{"id":347289,"date":"2025-08-27T09:47:10","date_gmt":"2025-08-27T09:47:10","guid":{"rendered":"https:\/\/www.europesays.com\/fr\/347289\/"},"modified":"2025-08-27T09:47:10","modified_gmt":"2025-08-27T09:47:10","slug":"explosion-de-la-dette-et-tutelle-du-fmi-le-discours-de-bayrou-a-t-il-vraiment-fait-plonger-leconomie-francaise","status":"publish","type":"post","link":"https:\/\/www.europesays.com\/fr\/347289\/","title":{"rendered":"Explosion de la dette et tutelle du FMI\u2026 Le discours de Bayrou a-t-il vraiment fait plonger l\u2019\u00e9conomie fran\u00e7aise\u00a0?"},"content":{"rendered":"<p>Pas question de faire marche arri\u00e8re <a href=\"https:\/\/www.20minutes.fr\/politique\/4169294-20250825-sondage-francais-refusent-massivement-sacrifice-deux-jours-feries-voulu-bayrou\" class=\"c-link c-link--is-underlined\" target=\"_blank\" rel=\"noopener\">sur la suppression des jours f\u00e9ri\u00e9s<\/a> ou encore sur le serrage de ceinture n\u00e9cessaire en France. Dans son discours du 25\u00a0ao\u00fbt, Fran\u00e7ois Bayrou n\u2019a pas r\u00e9trop\u00e9dal\u00e9 sur son plan pour r\u00e9duire la dette du pays. Bien au contraire, il a tenu \u00e0 dresser un tableau bien sombre de l\u2019\u00e9tat actuel des finances.<\/p>\n<p>\u00ab\u00a0Un danger imm\u00e9diat p\u00e8se sur nous, <a href=\"https:\/\/www.20minutes.fr\/politique\/4169567-20250826-budget-2026-ressemble-refus-obstacle-choix-francois-bayrou-suicide-politique\" class=\"c-link c-link--is-underlined\" target=\"_blank\" rel=\"noopener\">auquel nous devons faire face<\/a> [\u2026] Notre pays est en danger car nous sommes en risque de surendettement\u00a0\u00bb, a-t-il avanc\u00e9 avant de chiffrer concr\u00e8tement\u00a0: \u00ab\u00a0L\u2019an dernier, c\u2019\u00e9tait 60\u00a0milliards. Cette ann\u00e9e, ce sera 66\u00a0milliards. L\u2019ann\u00e9e prochaine, en\u00a02026, au mieux 75\u00a0milliards. Et si nous ne corrigeons pas la trajectoire, en\u00a02029, dit la Cour des comptes, 107\u00a0milliards.\u00a0\u00bb<\/p>\n<p>La dette premi\u00e8re d\u00e9pense de l\u2019Etat, avant m\u00eame l\u2019\u00e9ducation\u00a0?<\/p>\n<p>Pour faire entendre ses arguments, le <a href=\"https:\/\/www.20minutes.fr\/dossier\/premier_ministre\" class=\"c-link c-link--is-underlined\" target=\"_blank\" rel=\"noopener\">Premier ministre<\/a> n\u2019a pas h\u00e9sit\u00e9 \u00e0 pointer du doigt la r\u00e9partition des d\u00e9penses de l\u2019Etat\u00a0: \u00ab\u00a0La charge de la dette va devenir cette ann\u00e9e le budget le plus important de la Nation. Les annuit\u00e9s que nous devons rembourser vont \u00eatre plus lourdes que le budget de l\u2019<a href=\"https:\/\/www.20minutes.fr\/dossier\/education_nationale\" class=\"c-link c-link--is-underlined\" target=\"_blank\" rel=\"noopener\">Education nationale<\/a> et que le budget des Arm\u00e9es.\u00a0\u00bb Effet garanti pour Fran\u00e7ois Bayrou, son affirmation choque.<\/p>\n<p>On peut consid\u00e9rer le budget de ces minist\u00e8res de deux mani\u00e8res diff\u00e9rentes\u00a0: en y incluant, ou non, les d\u00e9penses des pensions dans le total. \u00ab\u00a0Hors retraites, la dette est d\u00e9j\u00e0 au-dessus pour l\u2019Education nationale qui a un budget de 64,3\u00a0milliards d\u2019euros\u00a0\u00bb, avance Olivier Babeau, \u00e9conomiste et pr\u00e9sident de l\u2019Institut Sapiens.<\/p>\n<p>En revanche, si l\u2019on inclut les d\u00e9penses des pensions, le budget de l\u2019enseignement scolaire atteint alors les 88,7\u00a0milliards d\u2019euros. Nettement sup\u00e9rieur \u00e0 la dette. Pour ce qui est des <a href=\"https:\/\/www.20minutes.fr\/dossier\/ministere_de_la_defense\" class=\"c-link c-link--is-underlined\" target=\"_blank\" rel=\"noopener\">Arm\u00e9es<\/a>, dans les deux cas Fran\u00e7ois Bayrou a raison puisque le budget de la D\u00e9fense pensions incluses est de 60,9\u00a0milliards d\u2019euros en\u00a02025.<\/p>\n<p>\u00ab\u00a0C\u2019est important de se rendre compte que m\u00eame si la dette n\u2019est pas constamment la premi\u00e8re d\u00e9pense selon les facteurs pris en compte, c\u2019est tout de m\u00eame l\u2019un des premiers\u00a0\u00bb, souligne Olivier Babeau.<\/p>\n<p>La France bient\u00f4t sous la tutelle du Fonds mon\u00e9taire international\u00a0?<\/p>\n<p>L\u2019argument massue qui signifierait que la France traverse une crise sans pr\u00e9c\u00e9dent\u00a0: le placement du pays sous la tutelle du <a href=\"https:\/\/www.20minutes.fr\/economie\/fmi\/\" class=\"c-link c-link--is-underlined\" target=\"_blank\" rel=\"noopener\">Fonds mon\u00e9taire international<\/a> (FMI). Et pour certains c\u2019est bien la menace qui plane au-dessus de nos t\u00eates. <a href=\"https:\/\/www.20minutes.fr\/economie\/4158317-20250613-finances-publiques-pourquoi-mise-sous-tutelle-france-fmi-encore-improbable\" class=\"c-link c-link--is-underlined\" target=\"_blank\" rel=\"noopener\">Au mois de juin<\/a>, les \u00e9conomistes estimaient ce sc\u00e9nario encore \u00ab\u00a0improbable\u00a0\u00bb.<\/p>\n<p>Aujourd\u2019hui, \u00ab\u00a0on n\u2019en est toujours pas l\u00e0\u00a0\u00bb, estime Olivier Babeau. \u00ab\u00a0C\u2019est le bout du chemin, mais uniquement si on ne parvient pas \u00e0 trouver une trajectoire d\u2019am\u00e9lioration\u00a0\u00bb, poursuit-il. M\u00eame son de cloche du c\u00f4t\u00e9 d\u2019Olivier Redoul\u00e8s, \u00e9conomiste et directeur des \u00e9tudes de Rexecode\u00a0: \u00ab\u00a0Il ne faut pas trop jouer \u00e0 se faire peur avec le sujet d\u2019une tutelle du FMI.\u00a0\u00bb<\/p>\n<\/p>\n<p>Pour lui cette possibilit\u00e9 \u00ab\u00a0n\u2019est pas dans un horizon pr\u00e9visible pour l\u2019instant\u00a0\u00bb. En effet, le sp\u00e9cialiste explique que \u00ab\u00a0le FMI n\u2019intervient pas pour des probl\u00e8mes de dette publique seuls, mais pour des probl\u00e8mes de balance des paiements, soit quand le pays n\u2019arrive pas \u00e0 payer les cr\u00e9anciers ext\u00e9rieurs\u00a0\u00bb. Et aujourd\u2019hui, nous n\u2019avons pas de difficult\u00e9s de ce c\u00f4t\u00e9-l\u00e0. \u00ab\u00a0On n\u2019est pas tr\u00e8s loin de l\u2019\u00e9quilibre\u00a0\u00bb, ajoute m\u00eame Olivier Redoul\u00e8s.<\/p>\n<p>De plus, l\u2019institution \u00ab\u00a0intervient rarement pour des pays industrialis\u00e9s, et plut\u00f4t pour des pays en d\u00e9veloppement avec une crise de change\u00a0\u00bb. Actuellement, de nombreux pays sont couvrerts par un <a href=\"https:\/\/www.imf.org\/external\/np\/pdr\/mona\/Country.aspx\" target=\"_blank\" class=\"c-link c-link--is-underlined\" rel=\"noopener\">programme de financement du FMI<\/a>\u00a0: Ukraine, Egypte, Maroc, Ghana, Colombie\u2026 Le Portugal, la Gr\u00e8ce ainsi que l\u2019Islande, par exemple, en ont b\u00e9n\u00e9fici\u00e9 apr\u00e8s la crise financi\u00e8re de\u00a02008.<\/p>\n<p>Bayrou a-t-il fait exploser la dette avec son discours\u00a0?<\/p>\n<p>Apr\u00e8s l\u2019allocution du Premier ministre, la dette aurait explos\u00e9 selon certains. Le taux d\u2019int\u00e9r\u00eat des obligations fran\u00e7aises a dix ans a d\u00e9j\u00e0 progress\u00e9 au-del\u00e0 de 3,50\u00a0% depuis sa prise de parole. Pour Olivier Redoul\u00e8s, \u00ab\u00a0exploser est un terme trop fort. La hausse depuis hier traduit une appr\u00e9hension pour le risque\u00a0\u00bb.<\/p>\n<p>\u00ab\u00a0Les taux d\u2019int\u00e9r\u00eat de la dette ont l\u00e9g\u00e8rement augment\u00e9 car le discours du Premier ministre a fait craindre au march\u00e9 qu\u2019on aille dans une impasse budg\u00e9taire\u00a0\u00bb, d\u00e9taille Pierre Jaillet, \u00e9conomiste \u00e0 l\u2019Institut Jacques Delors. \u00ab\u00a0Mais les taux d\u2019int\u00e9r\u00eat sont relativement volatiles et se mesurent au minimum par trimestre\u00a0\u00bb, ajoute-t-il. On ne peut donc pas parler d\u2019une r\u00e9elle hausse de la dette en se basant sur cette seule journ\u00e9e.<\/p>\n<p>Olivier Redoul\u00e8s tient en revanche \u00e0 souligner que \u00ab\u00a0bien que la tendance ne soit pas bonne, on est au d\u00e9but d\u2019une pente et le pr\u00e9cipice est encore loin\u00a0\u00bb. Et d\u2019ajouter\u00a0: \u00ab\u00a0Si on accumule les blocages, les mauvaises orientations budg\u00e9taires, alors on aura des difficult\u00e9s. La bonne nouvelle c\u2019est qu\u2019on a quand m\u00eame des marges de man\u0153uvre.\u00a0\u00bb<\/p>\n","protected":false},"excerpt":{"rendered":"Pas question de faire marche arri\u00e8re sur la suppression des jours f\u00e9ri\u00e9s ou encore sur le serrage de&hellip;\n","protected":false},"author":2,"featured_media":347290,"comment_status":"","ping_status":"","sticky":false,"template":"","format":"standard","meta":{"footnotes":""},"categories":[6],"tags":[47,1003,35,7993,33,34,840,13305,1011,27,431,3363],"class_list":{"0":"post-347289","1":"post","2":"type-post","3":"status-publish","4":"format-standard","5":"has-post-thumbnail","7":"category-economie","8":"tag-actualite","9":"tag-budget","10":"tag-business","11":"tag-dette-publique","12":"tag-economie","13":"tag-economy","14":"tag-fake-off","15":"tag-fmi","16":"tag-fr","17":"tag-france","18":"tag-francois-bayrou","19":"tag-premier-ministre"},"share_on_mastodon":{"url":"https:\/\/pubeurope.com\/@fr\/115100099774398228","error":""},"_links":{"self":[{"href":"https:\/\/www.europesays.com\/fr\/wp-json\/wp\/v2\/posts\/347289","targetHints":{"allow":["GET"]}}],"collection":[{"href":"https:\/\/www.europesays.com\/fr\/wp-json\/wp\/v2\/posts"}],"about":[{"href":"https:\/\/www.europesays.com\/fr\/wp-json\/wp\/v2\/types\/post"}],"author":[{"embeddable":true,"href":"https:\/\/www.europesays.com\/fr\/wp-json\/wp\/v2\/users\/2"}],"replies":[{"embeddable":true,"href":"https:\/\/www.europesays.com\/fr\/wp-json\/wp\/v2\/comments?post=347289"}],"version-history":[{"count":0,"href":"https:\/\/www.europesays.com\/fr\/wp-json\/wp\/v2\/posts\/347289\/revisions"}],"wp:featuredmedia":[{"embeddable":true,"href":"https:\/\/www.europesays.com\/fr\/wp-json\/wp\/v2\/media\/347290"}],"wp:attachment":[{"href":"https:\/\/www.europesays.com\/fr\/wp-json\/wp\/v2\/media?parent=347289"}],"wp:term":[{"taxonomy":"category","embeddable":true,"href":"https:\/\/www.europesays.com\/fr\/wp-json\/wp\/v2\/categories?post=347289"},{"taxonomy":"post_tag","embeddable":true,"href":"https:\/\/www.europesays.com\/fr\/wp-json\/wp\/v2\/tags?post=347289"}],"curies":[{"name":"wp","href":"https:\/\/api.w.org\/{rel}","templated":true}]}}