{"id":347297,"date":"2025-08-27T09:52:11","date_gmt":"2025-08-27T09:52:11","guid":{"rendered":"https:\/\/www.europesays.com\/fr\/347297\/"},"modified":"2025-08-27T09:52:11","modified_gmt":"2025-08-27T09:52:11","slug":"saint-etienne-ces-commerces-ne-respectent-pas-les-regles-dans-cette-rue-les-sanctions-tombent","status":"publish","type":"post","link":"https:\/\/www.europesays.com\/fr\/347297\/","title":{"rendered":"Saint-Etienne. Ces commerces ne respectent pas les r\u00e8gles dans cette rue : les sanctions tombent"},"content":{"rendered":"<p>            Par<br \/>\n        <strong><br \/>\n            <a href=\"https:\/\/actu.fr\/auteur\/mathias-souteyrat\" title=\"Consulter tous les articles de Mathias Souteyrat\" target=\"_blank\" rel=\"noopener\">Mathias Souteyrat<\/a><br \/>\n        <\/strong><\/p>\n<p>        Publi\u00e9 le<\/p>\n<p>            27 ao\u00fbt 2025 \u00e0 11h36        <\/p>\n<p>Depuis le mois de juillet 2025, la mairie a interdit pour certains commerces et dans certains secteurs (*), d\u2019ouvrir au-del\u00e0 de 22 heures \u00e0 <a href=\"https:\/\/actu.fr\/auvergne-rhone-alpes\/saint-etienne_42218\/saint-etienne-face-a-la-colere-des-habitants-le-maire-prend-une-decision-forte_62928533.html\" target=\"_blank\" rel=\"noopener\">Saint-\u00c9tienne<\/a>. Les \u00e9piceries de nuit de <a href=\"https:\/\/actu.fr\/auvergne-rhone-alpes\/saint-etienne_42218\/saint-etienne-un-bordel-a-ciel-ouvert-cette-rue-pose-de-gros-problemes-aux-habitants_62811808.html\" target=\"_blank\" rel=\"noopener\">la rue Antoine Durafour<\/a> sont notamment concern\u00e9es par cette mesure.\u00a0<a href=\"https:\/\/actu.fr\/auvergne-rhone-alpes\/saint-etienne_42218\/saint-etienne-des-commerces-ouverts-malgre-l-interdiction-les-habitants-surpris-la-police-repond_62966000.html\" target=\"_blank\" rel=\"noopener\">Une interdiction pas totalement respect\u00e9e cet \u00e9t\u00e9 selon certains habitants<\/a>. Apr\u00e8s une p\u00e9riode de p\u00e9dagogie, \u00ab\u2009les services de police ont multipli\u00e9 les contr\u00f4les\u2009\u00bb. Les sanctions tombent.<\/p>\n<p>Des fermetures de 3 \u00e0 6 mois<\/p>\n<p class=\" wall-content\">\u00ab\u2009Une fermeture administrative temporaire a \u00e9t\u00e9 prononc\u00e9e en juillet en raison du non-respect de l\u2019arr\u00eat\u00e9 pr\u00e9fectoral et quatre fermetures administratives temporaires ont \u00e9t\u00e9 d\u00e9cid\u00e9es ces derniers jours, en raison du non-respect de l\u2019arr\u00eat\u00e9 municipal\u2009\u00bb, annonce la pr\u00e9fecture lig\u00e9rienne ce 27\u00a0ao\u00fbt.<\/p>\n<p class=\" wall-content\">Ces fermetures durent entre 3 et 6 mois.<\/p>\n<blockquote class=\"ac-article-quote wall-content\">\n<p>Le message est clair : \u00e0 Saint-\u00c9tienne, les r\u00e8gles sont les m\u00eames pour tous et elles seront appliqu\u00e9es avec fermet\u00e9.<br \/>\nNotre objectif est de prot\u00e9ger la tranquillit\u00e9 des St\u00e9phanoises et des St\u00e9phanois, de garantir leur droit \u00e0 un cadre de vie serein et de rendre l\u2019espace public \u00e0 celles et ceux qui y vivent au quotidien.<\/p>\n<p>    <strong>Ga\u00ebl Perdriau<\/strong><br \/>\n        Maire de Saint-Etienne    <\/p><\/blockquote>\n<p class=\" wall-content\">\u00ab\u00a0La police municipale et la police nationale, en patrouille de nuit, ont multipli\u00e9 les contr\u00f4les : une quarantaine d\u2019interventions, <strong>plus de 70 infractions relev\u00e9es<\/strong>, toutes sanctionn\u00e9es\u00a0\u00bb, \u00e9crit la municipalit\u00e9 dans un communiqu\u00e9.<\/p>\n<p>\u00ab\u2009D\u2019autres proc\u00e9dures sont en cours d\u2019instruction\u2009\u00bb<\/p>\n<p class=\" wall-content\">D\u2019autres proc\u00e9dures sont en cours d\u2019instruction par les services de l\u2019\u00c9tat.<\/p>\n<blockquote class=\"ac-article-quote wall-content\">\n<p>Les services de l\u2019\u00c9tat dans la Loire et ville de Saint-\u00c9tienne intensifient la lutte contre les incivilit\u00e9s et les troubles \u00e0 l\u2019ordre public, en particulier ceux li\u00e9s \u00e0 l\u2019activit\u00e9 des \u00e9piceries de nuit.<\/p>\n<p>    <strong>Pr\u00e9fecture de la Loire<\/strong>\n            <\/p><\/blockquote>\n<p>Votre r\u00e9gion, votre actu !<\/p>\n<p>Recevez chaque jour les infos qui comptent pour vous.<\/p>\n<p>\t<a href=\"https:\/\/actu.fr\/newsletter\" class=\"ac-btn ac-btn--corner ac-btn--medium ac-btn--blue800\" target=\"_blank\" rel=\"noopener\">S&rsquo;incrire<\/a><\/p>\n<p class=\" wall-content\">Pour rappel, en plus de cet arr\u00eat\u00e9 municipal, une mesure pr\u00e9fectorale datant du mois d\u2019avril\u00a02025 <strong>interdit \u00e9galement la vente d\u2019alcool \u00e0 emporter apr\u00e8s 22\u00a0heures.<\/strong><\/p>\n<p class=\" wall-content\">(*) L\u2019arr\u00eat\u00e9 pr\u00e9cise que les commerces de d\u00e9tail tels que les \u00e9piceries exer\u00e7ant dans les secteurs suivants\u2009:<\/p>\n<ul class=\" wall-content\">\n<li>Antoine Durafour<\/li>\n<li>Pointe Cadet<\/li>\n<li>Victor Duchamp<\/li>\n<li>Les Alli\u00e9s<\/li>\n<li>Les docteurs Charcot<\/li>\n<li>Du 11\u00a0Novembre<\/li>\n<li>La place Jacquard<\/li>\n<\/ul>\n<p class=\" wall-content\">Dans ces secteurs et leurs rues directement adjacentes, les \u00e9piceries de nuit devront fermer et cesser toute activit\u00e9 entre 22h00 et 6h00.<\/p>\n<p class=\" wall-content\">Personnalisez votre actualit\u00e9 en ajoutant vos villes et m\u00e9dias en favori avec <a href=\"https:\/\/moncompte.actu.fr\" title=\"D\u00e9couvez Mon Actu\" rel=\"nofollow noopener\" data-trk=\"{&quot;cta&quot;:{&quot;action&quot;:&quot;https:\\\/\\\/moncompte.actu.fr&quot;,&quot;category&quot;:&quot;mon compte&quot;,&quot;from&quot;:&quot;article footer&quot;,&quot;name&quot;:&quot;Mon actu&quot;,&quot;type&quot;:&quot;cta&quot;}}\" target=\"_blank\">Mon Actu<\/a>.<\/p>\n","protected":false},"excerpt":{"rendered":"Par Mathias Souteyrat Publi\u00e9 le 27 ao\u00fbt 2025 \u00e0 11h36 Depuis le mois de juillet 2025, la mairie&hellip;\n","protected":false},"author":2,"featured_media":347298,"comment_status":"","ping_status":"","sticky":false,"template":"","format":"standard","meta":{"footnotes":""},"categories":[9653],"tags":[1111,11,2430,215,1777,674,1011,27,12,1072,25,4001,104],"class_list":{"0":"post-347297","1":"post","2":"type-post","3":"status-publish","4":"format-standard","5":"has-post-thumbnail","7":"category-saint-etienne","8":"tag-actu","9":"tag-actualites","10":"tag-auvergne-rhone-alpes","11":"tag-commerce","12":"tag-eu","13":"tag-europe","14":"tag-fr","15":"tag-france","16":"tag-news","17":"tag-police","18":"tag-republique-francaise","19":"tag-saint-etienne","20":"tag-societe"},"share_on_mastodon":{"url":"https:\/\/pubeurope.com\/@fr\/115100119601395225","error":""},"_links":{"self":[{"href":"https:\/\/www.europesays.com\/fr\/wp-json\/wp\/v2\/posts\/347297","targetHints":{"allow":["GET"]}}],"collection":[{"href":"https:\/\/www.europesays.com\/fr\/wp-json\/wp\/v2\/posts"}],"about":[{"href":"https:\/\/www.europesays.com\/fr\/wp-json\/wp\/v2\/types\/post"}],"author":[{"embeddable":true,"href":"https:\/\/www.europesays.com\/fr\/wp-json\/wp\/v2\/users\/2"}],"replies":[{"embeddable":true,"href":"https:\/\/www.europesays.com\/fr\/wp-json\/wp\/v2\/comments?post=347297"}],"version-history":[{"count":0,"href":"https:\/\/www.europesays.com\/fr\/wp-json\/wp\/v2\/posts\/347297\/revisions"}],"wp:featuredmedia":[{"embeddable":true,"href":"https:\/\/www.europesays.com\/fr\/wp-json\/wp\/v2\/media\/347298"}],"wp:attachment":[{"href":"https:\/\/www.europesays.com\/fr\/wp-json\/wp\/v2\/media?parent=347297"}],"wp:term":[{"taxonomy":"category","embeddable":true,"href":"https:\/\/www.europesays.com\/fr\/wp-json\/wp\/v2\/categories?post=347297"},{"taxonomy":"post_tag","embeddable":true,"href":"https:\/\/www.europesays.com\/fr\/wp-json\/wp\/v2\/tags?post=347297"}],"curies":[{"name":"wp","href":"https:\/\/api.w.org\/{rel}","templated":true}]}}