{"id":347311,"date":"2025-08-27T09:59:09","date_gmt":"2025-08-27T09:59:09","guid":{"rendered":"https:\/\/www.europesays.com\/fr\/347311\/"},"modified":"2025-08-27T09:59:09","modified_gmt":"2025-08-27T09:59:09","slug":"ils-ont-coute-pres-de-2-millions-deuros-et-pourtant-ces-camions-bennes-au-gaz-ne-roulent-pas-a-rouen","status":"publish","type":"post","link":"https:\/\/www.europesays.com\/fr\/347311\/","title":{"rendered":"Ils ont co\u00fbt\u00e9 pr\u00e8s de 2 millions d&rsquo;euros et pourtant ces camions bennes au gaz ne roulent pas \u00e0 Rouen"},"content":{"rendered":"<p>            Par<br \/>\n        <strong><br \/>\n            <a href=\"https:\/\/actu.fr\/auteur\/julien-bouteiller\" title=\"Consulter tous les articles de Julien Bouteiller\" target=\"_blank\" rel=\"noopener\">Julien Bouteiller<\/a><br \/>\n        <\/strong><\/p>\n<p>        Publi\u00e9 le<\/p>\n<p>            27 ao\u00fbt 2025 \u00e0 11h34        <\/p>\n<p>C\u2019\u00e9tait un investissement \u00e9conomique et \u00e9cologique <strong>mais il a vir\u00e9 au fiasco<\/strong>. La <a href=\"https:\/\/actu.fr\/tag\/metropole-rouen\" target=\"_blank\" rel=\"noopener\">M\u00e9tropole Rouen Normandie<\/a> est dot\u00e9e d\u2019un parc de <strong>sept camions de ramassage de d\u00e9chets carburant au gaz<\/strong>. Mais pourtant, depuis plus d\u2019un an, <strong>ils ne roulent pas<\/strong>. On vous explique pourquoi.<\/p>\n<p>Des camions au gaz\u2026 qui ne roulent pas<\/p>\n<p class=\" wall-content\">Ces camions roulant au gaz<strong> ont des avantages certains<\/strong> : plus \u00e9cologiques car \u00e9mettant moins de polluants, moins bruyants et moins co\u00fbteux \u00e0 long terme, le gaz \u00e9tant en g\u00e9n\u00e9ral bien moins cher que le diesel.<\/p>\n<p class=\" wall-content\">L\u2019addition \u00e9tait donc int\u00e9ressante pour la M\u00e9tropole lorsqu\u2019elle s\u2019est dot\u00e9e de sept d\u2019entre eux pour ramasser les d\u00e9chets. Co\u00fbt d\u2019achat pour un camion, <strong>274 000 euros TTC, soit pr\u00e8s de 2 millions d\u2019euros pour les sept.<\/strong><\/p>\n<p class=\" wall-content\">Sauf que tout ne s\u2019est pas pass\u00e9 comme pr\u00e9vu. Le 22 avril 2024, <a href=\"https:\/\/actu.fr\/normandie\/rouen_76540\/un-camion-poubelle-fonctionnant-au-gaz-prend-feu-a-rouen-60-personnes-evacuees_60977793.html\" target=\"_blank\" rel=\"noopener\">un des camions a pris feu<\/a> <strong>pr\u00e8s de l\u2019avenue de Caen \u00e0 Rouen<\/strong>. Les flammes s\u2019\u00e9taient propag\u00e9es \u00e0 deux voitures, 60 personnes ont d\u00fb \u00eatre \u00e9vacu\u00e9es et 35 sapeurs-pompiers mobilis\u00e9s pour circonscrire l\u2019incendie.<\/p>\n<p class=\" wall-content\">\n<p>Un litige sur la cause de l\u2019incendie<\/p>\n<p class=\" wall-content\">Et depuis, la M\u00e9tropole <strong>est embourb\u00e9e dans un litige<\/strong>. \u00ab\u00a0La recherche de la cause fait l\u2019objet d\u2019un contentieux\u00a0\u00bb, nous indique la collectivit\u00e9. \u00ab\u00a0La premi\u00e8re expertise amiable a pr\u00e9conis\u00e9 le principe de pr\u00e9caution, ceux-ci ont donc \u00e9t\u00e9 sortis de la flotte.\u00a0\u00bb C\u2019est pourquoi les camions restent au garage.<\/p>\n<p class=\" wall-content\">\u00ab\u00a0Nous sommes maintenant en phase contentieuse avec les constructeurs. Un expert judiciaire a \u00e9t\u00e9 nomm\u00e9 et a d\u00e9but\u00e9 les auditions. Il devrait<strong> rendre ses conclusions \u00e0 l\u2019automne<\/strong> pour un jugement dans la foul\u00e9e\u00a0\u00bb, conclut la M\u00e9tropole. Reste \u00e0 savoir maintenant si, \u00e0 l\u2019issue, les co\u00fbteux v\u00e9hicules pourront de nouveau prendre la route.<\/p>\n<p>Votre r\u00e9gion, votre actu !<\/p>\n<p>Recevez chaque jour les infos qui comptent pour vous.<\/p>\n<p>\t<a href=\"https:\/\/actu.fr\/newsletter\" class=\"ac-btn ac-btn--corner ac-btn--medium ac-btn--blue800\" target=\"_blank\" rel=\"noopener\">S&rsquo;incrire<\/a><br \/>\nSuivez l\u2019actualit\u00e9 de Rouen <a href=\"https:\/\/www.whatsapp.com\/channel\/0029VaKfnf99hXF2ddApFB1D\" target=\"_blank\" rel=\"noopener\">sur notre cha\u00eene WhatsApp<\/a> et <a href=\"https:\/\/www.tiktok.com\/@76actu.fr?lang=fr\" target=\"_blank\" rel=\"noopener\">sur notre compte TikTok<\/a><\/p>\n<p class=\" wall-content\">Personnalisez votre actualit\u00e9 en ajoutant vos villes et m\u00e9dias en favori avec <a href=\"https:\/\/moncompte.actu.fr\" title=\"D\u00e9couvez Mon Actu\" rel=\"nofollow noopener\" data-trk=\"{&quot;cta&quot;:{&quot;action&quot;:&quot;https:\\\/\\\/moncompte.actu.fr&quot;,&quot;category&quot;:&quot;mon compte&quot;,&quot;from&quot;:&quot;article footer&quot;,&quot;name&quot;:&quot;Mon actu&quot;,&quot;type&quot;:&quot;cta&quot;}}\" target=\"_blank\">Mon Actu<\/a>.<\/p>\n<p>                    <script async src=\"\/\/www.tiktok.com\/embed.js\"><\/script><\/p>\n","protected":false},"excerpt":{"rendered":"Par Julien Bouteiller Publi\u00e9 le 27 ao\u00fbt 2025 \u00e0 11h34 C\u2019\u00e9tait un investissement \u00e9conomique et \u00e9cologique mais il&hellip;\n","protected":false},"author":2,"featured_media":347312,"comment_status":"","ping_status":"","sticky":false,"template":"","format":"standard","meta":{"footnotes":""},"categories":[9587],"tags":[1111,11,3008,1777,674,1011,27,9725,12,5161,25,9590,104],"class_list":{"0":"post-347311","1":"post","2":"type-post","3":"status-publish","4":"format-standard","5":"has-post-thumbnail","7":"category-rouen","8":"tag-actu","9":"tag-actualites","10":"tag-dechets","11":"tag-eu","12":"tag-europe","13":"tag-fr","14":"tag-france","15":"tag-metropole-rouen","16":"tag-news","17":"tag-normandie","18":"tag-republique-francaise","19":"tag-rouen","20":"tag-societe"},"share_on_mastodon":{"url":"https:\/\/pubeurope.com\/@fr\/115100146887646547","error":""},"_links":{"self":[{"href":"https:\/\/www.europesays.com\/fr\/wp-json\/wp\/v2\/posts\/347311","targetHints":{"allow":["GET"]}}],"collection":[{"href":"https:\/\/www.europesays.com\/fr\/wp-json\/wp\/v2\/posts"}],"about":[{"href":"https:\/\/www.europesays.com\/fr\/wp-json\/wp\/v2\/types\/post"}],"author":[{"embeddable":true,"href":"https:\/\/www.europesays.com\/fr\/wp-json\/wp\/v2\/users\/2"}],"replies":[{"embeddable":true,"href":"https:\/\/www.europesays.com\/fr\/wp-json\/wp\/v2\/comments?post=347311"}],"version-history":[{"count":0,"href":"https:\/\/www.europesays.com\/fr\/wp-json\/wp\/v2\/posts\/347311\/revisions"}],"wp:featuredmedia":[{"embeddable":true,"href":"https:\/\/www.europesays.com\/fr\/wp-json\/wp\/v2\/media\/347312"}],"wp:attachment":[{"href":"https:\/\/www.europesays.com\/fr\/wp-json\/wp\/v2\/media?parent=347311"}],"wp:term":[{"taxonomy":"category","embeddable":true,"href":"https:\/\/www.europesays.com\/fr\/wp-json\/wp\/v2\/categories?post=347311"},{"taxonomy":"post_tag","embeddable":true,"href":"https:\/\/www.europesays.com\/fr\/wp-json\/wp\/v2\/tags?post=347311"}],"curies":[{"name":"wp","href":"https:\/\/api.w.org\/{rel}","templated":true}]}}