{"id":347313,"date":"2025-08-27T10:02:10","date_gmt":"2025-08-27T10:02:10","guid":{"rendered":"https:\/\/www.europesays.com\/fr\/347313\/"},"modified":"2025-08-27T10:02:10","modified_gmt":"2025-08-27T10:02:10","slug":"il-blesse-le-manager-du-mcdonalds-a-coups-de-couteau-pour-avoir-refuse-de-le-rembourser-la-justice-le-rattrape","status":"publish","type":"post","link":"https:\/\/www.europesays.com\/fr\/347313\/","title":{"rendered":"il blesse le manager du McDonald\u2019s \u00e0 coups de couteau pour avoir refus\u00e9 de le rembourser, la justice le rattrape"},"content":{"rendered":"<p itemprop=\"description\"><strong>Les faits remontent au 26 juin dernier.<\/strong><\/p>\n<p>Ce soir-l\u00e0, vers 19h30, un individu est devenu compl\u00e8tement fou au sein du McDonald\u2019s du quartier de l\u2019Aigle, \u00e0 Grenoble. Celui-ci devait prendre un car \u00e0 20h, \u00e0 la gare routi\u00e8re, et donc n\u2019avait que tr\u00e8s peu de temps pour recevoir sa commande. Ne voyant pas cette derni\u00e8re arriver \u00e0 temps, il a demand\u00e9 au manager du fast food d\u2019annuler sa commande, et donc, de se faire rembourser. Sa requ\u00eate a \u00e9t\u00e9 refus\u00e9e.<\/p>\n<p>Il s\u2019est alors empress\u00e9 de sortir son couteau pour menacer les employ\u00e9s. Le manager, en voulant s\u2019interposer, a re\u00e7u un coup violent dans sa main, lui provoquant treize points de suture et une \u00ab\u00a0atteinte musculaire profonde\u00a0\u00bb selon le rapport m\u00e9dical.<\/p>\n<p>L\u2019auteur des faits, un Is\u00e9rois \u00e2g\u00e9 de 29 ans, a pris la fuite, avant de se rendre \u00e0 l\u2019h\u00f4tel de police de Montpellier et d\u2019avouer son geste quatre jours plus tard. Il comparaissait, ce lundi 25 ao\u00fbt, au tribunal correctionnel de Grenoble. Il a \u00e9t\u00e9 condamn\u00e9 \u00e0 18 mois de prison, dont huit mois assortis d\u2019un sursis probatoire, et une interdiction de se rendre au McDonald\u2019s de l\u2019Aigle. Souffrant de troubles psychiques, il a l\u2019obligation de suivre des soins.<\/p>\n","protected":false},"excerpt":{"rendered":"Les faits remontent au 26 juin dernier. Ce soir-l\u00e0, vers 19h30, un individu est devenu compl\u00e8tement fou au&hellip;\n","protected":false},"author":2,"featured_media":347314,"comment_status":"","ping_status":"","sticky":false,"template":"","format":"standard","meta":{"footnotes":""},"categories":[9566],"tags":[1111,11,7733,8279,2430,7736,650,7734,2889,2263,1777,674,1011,27,2731,8280,6417,1114,108,4662,12,3725,1825,25,7737],"class_list":{"0":"post-347313","1":"post","2":"type-post","3":"status-publish","4":"format-standard","5":"has-post-thumbnail","7":"category-grenoble","8":"tag-actu","9":"tag-actualites","10":"tag-alpes","11":"tag-alpes1","12":"tag-auvergne-rhone-alpes","13":"tag-cds","14":"tag-cinema","15":"tag-ecoute","16":"tag-emission","17":"tag-equipe","18":"tag-eu","19":"tag-europe","20":"tag-fr","21":"tag-france","22":"tag-grenoble","23":"tag-haute","24":"tag-information","25":"tag-infos","26":"tag-isere","27":"tag-journal","28":"tag-news","29":"tag-podcast","30":"tag-radio","31":"tag-republique-francaise","32":"tag-winamp"},"share_on_mastodon":{"url":"https:\/\/pubeurope.com\/@fr\/115100158752306150","error":""},"_links":{"self":[{"href":"https:\/\/www.europesays.com\/fr\/wp-json\/wp\/v2\/posts\/347313","targetHints":{"allow":["GET"]}}],"collection":[{"href":"https:\/\/www.europesays.com\/fr\/wp-json\/wp\/v2\/posts"}],"about":[{"href":"https:\/\/www.europesays.com\/fr\/wp-json\/wp\/v2\/types\/post"}],"author":[{"embeddable":true,"href":"https:\/\/www.europesays.com\/fr\/wp-json\/wp\/v2\/users\/2"}],"replies":[{"embeddable":true,"href":"https:\/\/www.europesays.com\/fr\/wp-json\/wp\/v2\/comments?post=347313"}],"version-history":[{"count":0,"href":"https:\/\/www.europesays.com\/fr\/wp-json\/wp\/v2\/posts\/347313\/revisions"}],"wp:featuredmedia":[{"embeddable":true,"href":"https:\/\/www.europesays.com\/fr\/wp-json\/wp\/v2\/media\/347314"}],"wp:attachment":[{"href":"https:\/\/www.europesays.com\/fr\/wp-json\/wp\/v2\/media?parent=347313"}],"wp:term":[{"taxonomy":"category","embeddable":true,"href":"https:\/\/www.europesays.com\/fr\/wp-json\/wp\/v2\/categories?post=347313"},{"taxonomy":"post_tag","embeddable":true,"href":"https:\/\/www.europesays.com\/fr\/wp-json\/wp\/v2\/tags?post=347313"}],"curies":[{"name":"wp","href":"https:\/\/api.w.org\/{rel}","templated":true}]}}