{"id":347317,"date":"2025-08-27T10:04:10","date_gmt":"2025-08-27T10:04:10","guid":{"rendered":"https:\/\/www.europesays.com\/fr\/347317\/"},"modified":"2025-08-27T10:04:10","modified_gmt":"2025-08-27T10:04:10","slug":"romain-jeantet-nouveau-directeur-de-linstitut-agro-rennes-angers","status":"publish","type":"post","link":"https:\/\/www.europesays.com\/fr\/347317\/","title":{"rendered":"Romain Jeantet, nouveau directeur de l\u2019Institut agro Rennes-Angers"},"content":{"rendered":"<p>L\u2019Institut Agro l\u2019annonce dans un communiqu\u00e9 : Romain Jeantet va prendre la direction des campus de Rennes et Angers de la grande \u00e9cole publique sp\u00e9cialis\u00e9e dans l\u2019agriculture et l\u2019alimentation. Il est nomm\u00e9 \u00e0 compter de lundi 1er septembre, pour un mandat de cinq ans.<\/p>\n<p>Ce professeur en g\u00e9nie des proc\u00e9d\u00e9s et technologie laiti\u00e8re assurait l\u2019int\u00e9rim \u00e0 la direction depuis f\u00e9vrier, \u00e0 la suite du d\u00e9part d\u2019Alessia Lef\u00e9bure pour l\u2019\u00c9cole des hautes \u00e9tudes en sant\u00e9 publique (EHESP). Elle a depuis \u00e9t\u00e9 nomm\u00e9e directrice de Sciences Po Aix-en-Provence.<\/p>\n<p>Romain Jeantet a r\u00e9alis\u00e9 l\u2019ensemble de sa carri\u00e8re \u00e0 l\u2019Institut Agro Rennes-Angers, o\u00f9 il a successivement \u00e9t\u00e9 ma\u00eetre de conf\u00e9rences, professeur, directeur adjoint charg\u00e9 de la recherche et directeur des \u00e9tudes. L\u2019Institut Agro Rennes-Angers forme pr\u00e8s de 2 000 \u00e9tudiants par an, essentiellement des ing\u00e9nieurs.<\/p>\n","protected":false},"excerpt":{"rendered":"L\u2019Institut Agro l\u2019annonce dans un communiqu\u00e9 : Romain Jeantet va prendre la direction des campus de Rennes et&hellip;\n","protected":false},"author":2,"featured_media":347318,"comment_status":"","ping_status":"","sticky":false,"template":"","format":"standard","meta":{"footnotes":""},"categories":[2821],"tags":[1111,11,5825,829,33,46925,1777,674,1119,1011,27,848,12,584,25],"class_list":{"0":"post-347317","1":"post","2":"type-post","3":"status-publish","4":"format-standard","5":"has-post-thumbnail","7":"category-rennes","8":"tag-actu","9":"tag-actualites","10":"tag-agroalimentaire","11":"tag-bretagne","12":"tag-economie","13":"tag-education-formation","14":"tag-eu","15":"tag-europe","16":"tag-formation","17":"tag-fr","18":"tag-france","19":"tag-ille-et-vilaine","20":"tag-news","21":"tag-rennes","22":"tag-republique-francaise"},"share_on_mastodon":{"url":"https:\/\/pubeurope.com\/@fr\/115100166607007377","error":""},"_links":{"self":[{"href":"https:\/\/www.europesays.com\/fr\/wp-json\/wp\/v2\/posts\/347317","targetHints":{"allow":["GET"]}}],"collection":[{"href":"https:\/\/www.europesays.com\/fr\/wp-json\/wp\/v2\/posts"}],"about":[{"href":"https:\/\/www.europesays.com\/fr\/wp-json\/wp\/v2\/types\/post"}],"author":[{"embeddable":true,"href":"https:\/\/www.europesays.com\/fr\/wp-json\/wp\/v2\/users\/2"}],"replies":[{"embeddable":true,"href":"https:\/\/www.europesays.com\/fr\/wp-json\/wp\/v2\/comments?post=347317"}],"version-history":[{"count":0,"href":"https:\/\/www.europesays.com\/fr\/wp-json\/wp\/v2\/posts\/347317\/revisions"}],"wp:featuredmedia":[{"embeddable":true,"href":"https:\/\/www.europesays.com\/fr\/wp-json\/wp\/v2\/media\/347318"}],"wp:attachment":[{"href":"https:\/\/www.europesays.com\/fr\/wp-json\/wp\/v2\/media?parent=347317"}],"wp:term":[{"taxonomy":"category","embeddable":true,"href":"https:\/\/www.europesays.com\/fr\/wp-json\/wp\/v2\/categories?post=347317"},{"taxonomy":"post_tag","embeddable":true,"href":"https:\/\/www.europesays.com\/fr\/wp-json\/wp\/v2\/tags?post=347317"}],"curies":[{"name":"wp","href":"https:\/\/api.w.org\/{rel}","templated":true}]}}