{"id":347319,"date":"2025-08-27T10:05:10","date_gmt":"2025-08-27T10:05:10","guid":{"rendered":"https:\/\/www.europesays.com\/fr\/347319\/"},"modified":"2025-08-27T10:05:10","modified_gmt":"2025-08-27T10:05:10","slug":"qui-est-claire-boucher-premiere-femme-a-la-tete-de-la-section-de-recherches-de-rennes","status":"publish","type":"post","link":"https:\/\/www.europesays.com\/fr\/347319\/","title":{"rendered":"Qui est Claire Boucher, premi\u00e8re femme \u00e0 la t\u00eate de la section de recherches de Rennes\u00a0?"},"content":{"rendered":"<p>C\u2019est la premi\u00e8re colonelle de la section de recherche de Rennes. \u00c0 43 ans, Claire Boucher vient de prendre la direction de la Section de recherches de la gendarmerie de Rennes. Elle chapeaute un service d\u2019une cinquantaine de gendarmes qui travaille sur les enqu\u00eates les plus complexes : criminalit\u00e9 organis\u00e9e, trafic international de stup\u00e9fiants, des crimes de sang (homicides &#8211; enl\u00e8vements ou s\u00e9questrations), ou des faits s\u00e9riels (viols &#8211; tueurs en s\u00e9rie) \u00e0 l\u2019\u00e9chelle r\u00e9gionale ou nationale.<\/p>\n<p>Un parcours tr\u00e8s vari\u00e9 qui l\u2019a amen\u00e9 \u00e0 faire du terrain, comprendre le fonctionnement des instances nationales et avoir une vision politique des d\u00e9cisions \u00e9tatiques. \u00c0 Rennes, Claire Boucher poursuivra la mission de la section de recherches qui est de traquer la criminalit\u00e9 organis\u00e9e et notamment le trafic de stup\u00e9fiants. Afin de suivre les directives gouvernementales, elle aura \u00e9galement pour mission de lutter contre la d\u00e9linquance financi\u00e8re.<\/p>\n","protected":false},"excerpt":{"rendered":"C\u2019est la premi\u00e8re colonelle de la section de recherche de Rennes. \u00c0 43 ans, Claire Boucher vient de&hellip;\n","protected":false},"author":2,"featured_media":347320,"comment_status":"","ping_status":"","sticky":false,"template":"","format":"standard","meta":{"footnotes":""},"categories":[2821],"tags":[1111,11,829,1777,674,118,3383,1011,27,12,584,25],"class_list":{"0":"post-347319","1":"post","2":"type-post","3":"status-publish","4":"format-standard","5":"has-post-thumbnail","7":"category-rennes","8":"tag-actu","9":"tag-actualites","10":"tag-bretagne","11":"tag-eu","12":"tag-europe","13":"tag-faits-divers","14":"tag-faits-divers-a-rennes","15":"tag-fr","16":"tag-france","17":"tag-news","18":"tag-rennes","19":"tag-republique-francaise"},"share_on_mastodon":{"url":"https:\/\/pubeurope.com\/@fr\/115100170572392777","error":""},"_links":{"self":[{"href":"https:\/\/www.europesays.com\/fr\/wp-json\/wp\/v2\/posts\/347319","targetHints":{"allow":["GET"]}}],"collection":[{"href":"https:\/\/www.europesays.com\/fr\/wp-json\/wp\/v2\/posts"}],"about":[{"href":"https:\/\/www.europesays.com\/fr\/wp-json\/wp\/v2\/types\/post"}],"author":[{"embeddable":true,"href":"https:\/\/www.europesays.com\/fr\/wp-json\/wp\/v2\/users\/2"}],"replies":[{"embeddable":true,"href":"https:\/\/www.europesays.com\/fr\/wp-json\/wp\/v2\/comments?post=347319"}],"version-history":[{"count":0,"href":"https:\/\/www.europesays.com\/fr\/wp-json\/wp\/v2\/posts\/347319\/revisions"}],"wp:featuredmedia":[{"embeddable":true,"href":"https:\/\/www.europesays.com\/fr\/wp-json\/wp\/v2\/media\/347320"}],"wp:attachment":[{"href":"https:\/\/www.europesays.com\/fr\/wp-json\/wp\/v2\/media?parent=347319"}],"wp:term":[{"taxonomy":"category","embeddable":true,"href":"https:\/\/www.europesays.com\/fr\/wp-json\/wp\/v2\/categories?post=347319"},{"taxonomy":"post_tag","embeddable":true,"href":"https:\/\/www.europesays.com\/fr\/wp-json\/wp\/v2\/tags?post=347319"}],"curies":[{"name":"wp","href":"https:\/\/api.w.org\/{rel}","templated":true}]}}