{"id":347321,"date":"2025-08-27T10:06:09","date_gmt":"2025-08-27T10:06:09","guid":{"rendered":"https:\/\/www.europesays.com\/fr\/347321\/"},"modified":"2025-08-27T10:06:09","modified_gmt":"2025-08-27T10:06:09","slug":"6-septembre-la-rentree-culturelle-a-strasbourg","status":"publish","type":"post","link":"https:\/\/www.europesays.com\/fr\/347321\/","title":{"rendered":"6 septembre, la rentr\u00e9e culturelle \u00e0 Strasbourg"},"content":{"rendered":"<p>Des dizaines d\u2019associations culturelles ou d\u2019institutions locales se rassembleront pour proposer des abonnements, des activit\u00e9s, des animations, et vous donner envie de vous lancer dans une nouvelle passion en cette rentr\u00e9e 2025.<\/p>\n<p>Tout autour de la Cath\u00e9drale et du Palais Rohan, des associations vont pr\u00e9senter les loisirs pour se cultiver ou s\u2019amuser.<\/p>\n<p>Des dizaines d\u2019animations seront propos\u00e9s au public, telle une vitrine de la richesses culturelle de la ville.<\/p>\n<p>Ainsi, Graine de Cirque sera l\u00e0 pour des d\u00e9monstrations, ainsi que des \u00e9coles de danse ou de musique pour des repr\u00e9sentations et concerts.<\/p>\n<p>Gratuit<\/p>\n<p>Les animations sont gratuites.<\/p>\n<p>Et pour l\u2019occasion, des mus\u00e9es de la ville de Strasbourg seront gratuits \u00e9galement, comme le mus\u00e9e de l\u2019oeuvre Notre Dame ou le mus\u00e9e Arch\u00e9ologique.<\/p>\n<p>Il y aurait \u00e0 Strasbourg plus de 1000 activit\u00e9s artistiques \u00e0 pratiquer, musique, danse, dessin, lecture\u2026<\/p>\n<p>La ville de Strasbourg a lanc\u00e9 <a href=\"https:\/\/culture.strasbourg.eu\/pratiquer\/\" rel=\"nofollow noopener\" target=\"_blank\">un ligne un moteur de recherche<\/a> pour trouver son activit\u00e9 favorite.<\/p>\n<p>L\u2019ensemble du programme de ce 6 septembre <a href=\"https:\/\/culture.strasbourg.eu\/sortir\/strasculture\/\" rel=\"nofollow noopener\" target=\"_blank\">ici<\/a>.<\/p>\n<p>photo @strasbourg.eu<\/p>\n<p>\t\t\t\t<a href=\"https:\/\/www.tchapp.alsace\/assets\/image-cache\/ARTICLES\/2025\/ao\u00fbt\/stp6614_900x0_1753194275.4b0ff06e.jpg\" data-toggle=\"lightbox\" data-gallery=\"multiimages\" class=\"col-xs-12 col-md-4\" data-title=\"\" rel=\"nofollow noopener\" target=\"_blank\"><img decoding=\"async\" src=\"https:\/\/www.tchapp.alsace\/assets\/image-cache\/ARTICLES\/2025\/ao\u00fbt\/stp6614_900x0_1753194275.5895e348.jpg\" alt=\"\"\/><\/p>\n<p><\/a><\/p>\n","protected":false},"excerpt":{"rendered":"Des dizaines d\u2019associations culturelles ou d\u2019institutions locales se rassembleront pour proposer des abonnements, des activit\u00e9s, des animations, et&hellip;\n","protected":false},"author":2,"featured_media":347322,"comment_status":"","ping_status":"","sticky":false,"template":"","format":"standard","meta":{"footnotes":""},"categories":[2820],"tags":[1111,11,1777,674,1011,27,775,12,25,640],"class_list":{"0":"post-347321","1":"post","2":"type-post","3":"status-publish","4":"format-standard","5":"has-post-thumbnail","7":"category-strasbourg","8":"tag-actu","9":"tag-actualites","10":"tag-eu","11":"tag-europe","12":"tag-fr","13":"tag-france","14":"tag-grand-est","15":"tag-news","16":"tag-republique-francaise","17":"tag-strasbourg"},"share_on_mastodon":{"url":"https:\/\/pubeurope.com\/@fr\/115100174992723165","error":""},"_links":{"self":[{"href":"https:\/\/www.europesays.com\/fr\/wp-json\/wp\/v2\/posts\/347321","targetHints":{"allow":["GET"]}}],"collection":[{"href":"https:\/\/www.europesays.com\/fr\/wp-json\/wp\/v2\/posts"}],"about":[{"href":"https:\/\/www.europesays.com\/fr\/wp-json\/wp\/v2\/types\/post"}],"author":[{"embeddable":true,"href":"https:\/\/www.europesays.com\/fr\/wp-json\/wp\/v2\/users\/2"}],"replies":[{"embeddable":true,"href":"https:\/\/www.europesays.com\/fr\/wp-json\/wp\/v2\/comments?post=347321"}],"version-history":[{"count":0,"href":"https:\/\/www.europesays.com\/fr\/wp-json\/wp\/v2\/posts\/347321\/revisions"}],"wp:featuredmedia":[{"embeddable":true,"href":"https:\/\/www.europesays.com\/fr\/wp-json\/wp\/v2\/media\/347322"}],"wp:attachment":[{"href":"https:\/\/www.europesays.com\/fr\/wp-json\/wp\/v2\/media?parent=347321"}],"wp:term":[{"taxonomy":"category","embeddable":true,"href":"https:\/\/www.europesays.com\/fr\/wp-json\/wp\/v2\/categories?post=347321"},{"taxonomy":"post_tag","embeddable":true,"href":"https:\/\/www.europesays.com\/fr\/wp-json\/wp\/v2\/tags?post=347321"}],"curies":[{"name":"wp","href":"https:\/\/api.w.org\/{rel}","templated":true}]}}