{"id":347323,"date":"2025-08-27T10:07:18","date_gmt":"2025-08-27T10:07:18","guid":{"rendered":"https:\/\/www.europesays.com\/fr\/347323\/"},"modified":"2025-08-27T10:07:18","modified_gmt":"2025-08-27T10:07:18","slug":"le-reseau-de-chaleur-pour-strasbourg-et-sa-peripherie-sera-construit-par-un-local","status":"publish","type":"post","link":"https:\/\/www.europesays.com\/fr\/347323\/","title":{"rendered":"Le r\u00e9seau de chaleur pour Strasbourg et sa p\u00e9riph\u00e9rie sera construit par un local"},"content":{"rendered":"<p>\nLe troisi\u00e8me \u00e9tage de la construction d\u2019un r\u00e9seau de chaleur m\u00e9tropolitain se pose \u00e0 Strasbourg. Son Eurom\u00e9tropole (EMS) a attribu\u00e9 \u00e0 la soci\u00e9t\u00e9 Eden la <a title=\"\" href=\"https:\/\/www.lemoniteur.fr\/concession\/\" rel=\"noopener\" target=\"\" class=\"lien-contextuel\">concession<\/a> pour <strong>la construction et l\u2019exploitation d\u2019un nouveau secteur de 40 km<\/strong> de conduites au nord de la ville-centre et de l\u2019agglom\u00e9ration, <strong>\u00e0 partir de 2026, pour une dur\u00e9e de 24 ans<\/strong>.<\/p>\n<p>\nSous son acronyme \u00e9vocateur du paradis mais plus prosa\u00efquement contracteur de Energies D\u00e9carbon\u00e9es Eurom\u00e9tropole Nord, le laur\u00e9at cache un actionnaire principal (65%) d\u00e9j\u00e0 actif sur le sujet localement. <strong>R\u00e9seaux de chaleurs Urbains &#8211; Alsace (R-CUA) est en effet l\u2019op\u00e9rateur de l\u2019extension du r\u00e9seau de Strasbourg-Centre qui se r\u00e9alise d\u2019ici \u00e0 2029<\/strong>, en parall\u00e8le de celle pour les quartiers ouest assur\u00e9e par Engie Solutions\u2026le candidat rest\u00e9 en lice face \u00e0 lui  &#8211; Coriance et ES Services \u00e9nerg\u00e9tiques, filiale du groupe EDF, avaient \u00e9galement r\u00e9pondu &#8211; pour le nouveau march\u00e9 au nord.<\/p>\n<p>\nR-CUA, lui-m\u00eame <strong>filiale du distributeur local historique de gaz R-GDS \/ Aster Energies et de l\u2019\u00e9nerg\u00e9ticien suisse Primeo<\/strong>, s\u2019est alli\u00e9 \u00e0 la <a title=\"\" href=\"https:\/\/www.lemoniteur.fr\/banque-des-territoires\/\" rel=\"noopener\" target=\"\" class=\"lien-contextuel\">Banque des territoires<\/a>, qui d\u00e9tient 35% du capital d\u2019Eden. Les travaux de constitution du nouveau r\u00e9seau porteront sur un montant de 89M\u20ac, \u00e0 r\u00e9aliser principalement en deux phases jusqu\u2019en 2030. L\u2019investissement b\u00e9n\u00e9ficie \u00e0 4% d\u2019une aide de l\u2019Agence de la <a title=\"\" href=\"https:\/\/www.lemoniteur.fr\/transition-ecologique\/\" rel=\"noopener\" target=\"\" class=\"lien-contextuel\">transition \u00e9cologique<\/a> (<a title=\" Agence de l&#039;environnement et de la ma\u00eetrise de l&#039;\u00e9nergie\" href=\"https:\/\/www.lemoniteur.fr\/ademe\/\" rel=\"noopener\" target=\"\" class=\"lien-contextuel\">Ademe<\/a>) et des produits des Certificats d\u2019\u00e9conomie d\u2019\u00e9nergie (CEE).<\/p>\n<p>\n<b>\u00c0 LIRE<\/b> AUSSI<br \/>\n<a class=\"editoLinkType2 is-marginTB-20\" href=\"https:\/\/www.lemoniteur.fr\/article\/a-strasbourg-le-besoin-d-un-logement-etudiant-abordable-se-fait-pressant.2348804\" target=\"_blank\" rel=\"noopener\"><br \/>\n<b>A Strasbourg, le besoin d\u2019un logement \u00e9tudiant \u00ababordable\u00bb se fait pressant<\/b><\/p>\n<p><\/a>\n<\/p>\n<p>90% d\u2019\u00e9nergies renouvelables<\/p>\n<p>\nLa localisation des <a title=\"\" href=\"https:\/\/www.lemoniteur.fr\/chantiers\/\" rel=\"noopener\" target=\"\" class=\"lien-contextuel\">chantiers<\/a> lance un mouvement de diffusion de la chaleur urbaine vers la p\u00e9riph\u00e9rie. Celle-ci va <strong>pour la premi\u00e8re fois s\u2019\u00e9tendre au-del\u00e0 des limites de Strasbourg<\/strong> pour rejoindre plusieurs villes au nord : Schiltigheim, Bischheim, Hoenheim pour le r\u00e9seau principal, ainsi que les communes plus excentr\u00e9es de Mundolsheim et Souffelweyersheim, au moyen de deux r\u00e9seaux secondaires inclus dans la d\u00e9l\u00e9gation de service public (DSP).<\/p>\n<p>\n<img decoding=\"async\" alt=\"Le nouveau r\u00e9seau desservira d\u2019est en ouest la partie nord de la ville de Strasbourg et les communes de premi\u00e8re couronne.\" src=\"data:image\/gif;base64,R0lGODdhAQABAPAAAMPDwwAAACwAAAAAAQABAAACAkQBADs=\" data-original=\"https:\/\/www.lemoniteur.fr\/mediatheque\/2\/9\/5\/002437592_illustration_large.png\"\/>Le nouveau r\u00e9seau desservira d\u2019est en ouest la partie nord de la ville de Strasbourg et les communes de premi\u00e8re couronne. Cr\u00e9dit : Eurom\u00e9tropole de Strasbourg.<\/p>\n<p>\n\u00ab Nous commen\u00e7ons ainsi \u00e0 <strong>atteindre la seconde couronne, \u00e0 la densit\u00e9 moins forte<\/strong>, l\u00e0 o\u00f9 la justification d\u2019un r\u00e9seau de chaleur urbain est plus difficile \u00e0 d\u00e9montrer. Ce sera une exp\u00e9rimentation int\u00e9ressante de sa faisabilit\u00e9 \u00bb, a soulign\u00e9 Marc Hoffsess, conseiller de l\u2019EMS charg\u00e9 de la transition \u00e9nerg\u00e9tique, lors d\u2019une pr\u00e9sentation du projet le 26 ao\u00fbt.<\/p>\n<p>\nLa production s\u2019\u00e9l\u00e8vera \u00e0 110 Gwh \u00e0 partir d\u2019une puissance de 64 MW, de sorte \u00e0 <strong>couvrir les besoins de 11 000 logements<\/strong> et \u00e9quivalents.<\/p>\n<p>\n<b>\u00c0 LIRE<\/b> AUSSI<br \/>\n<a class=\"editoLinkType2 is-marginTB-20\" href=\"https:\/\/www.lemoniteur.fr\/article\/strasbourg-pose-les-bases-de-sa-gare-ouverte.2347893\" target=\"_blank\" rel=\"noopener\"><br \/>\n<b>Strasbourg pose les bases de sa gare ouverte<\/b><\/p>\n<p><\/a>\n<\/p>\n<p>Chaleur fatale<\/p>\n<p>\nLa DSP fixait un seuil d\u2019alimentation d\u2019au moins 85% en \u00e9nergies renouvelables. L\u2019offre laur\u00e9ate parvient \u00e0 90%. Au sein de ce taux, elle a particuli\u00e8rement retenu l\u2019attention de l\u2019EMS par la place pr\u00e9pond\u00e9rante qu\u2019elle a pu proposer pour la chaleur fatale, \u00e0 partir de ses infrastructures existantes. En effet, R-CUA exploite dans la zone portuaire de Strasbourg un r\u00e9seau qui se \u00ab nourrit \u00bb des exc\u00e9dents de chaleur d\u2019industriels, pour l\u2019heure Tredi (traitement de d\u00e9chets) et le papetier Blue Paper. La connexion avec celui-ci portera \u00e0 <strong>40% la part de chaleur fatale<\/strong> dans le nouveau r\u00e9seau nord.<\/p>\n<p>\nUne autre r\u00e9cup\u00e9ration d\u2019\u00e9nergie apportera <strong>35%, celle d\u00e9gag\u00e9e par l\u2019incin\u00e9ration des boues de la station d\u2019\u00e9puration m\u00e9tropolitaine<\/strong>, pour sa partie ne servant pas aux besoins internes de l\u2019installation de traitement. Enfin, le r\u00e9seau nord tirera une originalit\u00e9 de sa troisi\u00e8me source <strong>(15% sur une ann\u00e9e) : une centrale solaire<\/strong> lui sera d\u00e9di\u00e9e pour la production de l\u2019eau chaude sanitaire au moyen de 2 650 panneaux gr\u00e2ce \u00e0 la technologie d\u2019une soci\u00e9t\u00e9 finlandaise, Meriaura Energy. Le dernier appoint de <strong>10% viendra du gaz<\/strong>, seule \u00e9nergie fossile. Les deux r\u00e9seaux secondaires, eux, fonctionneront principalement \u00e0 la pompe \u00e0 chaleur.<\/p>\n<p>\nAu total de ses r\u00e9seaux existants et en cours de d\u00e9veloppement, la m\u00e9tropole devrait parvenir en 2030 \u00e0 une production annuelle de l\u2019ordre de 800 Gwha, ainsi dimensionn\u00e9e pour alimenter 80 000 logements.<\/p>\n","protected":false},"excerpt":{"rendered":"Le troisi\u00e8me \u00e9tage de la construction d\u2019un r\u00e9seau de chaleur m\u00e9tropolitain se pose \u00e0 Strasbourg. Son Eurom\u00e9tropole (EMS)&hellip;\n","protected":false},"author":2,"featured_media":347324,"comment_status":"","ping_status":"","sticky":false,"template":"","format":"standard","meta":{"footnotes":""},"categories":[2820],"tags":[1111,11,2649,7331,893,2830,932,1777,12925,674,1011,27,775,12,21812,25,23499,640,6233,7333],"class_list":{"0":"post-347323","1":"post","2":"type-post","3":"status-publish","4":"format-standard","5":"has-post-thumbnail","7":"category-strasbourg","8":"tag-actu","9":"tag-actualites","10":"tag-bas-rhin","11":"tag-collectivites-locales","12":"tag-energie","13":"tag-energies-renouvelables","14":"tag-est","15":"tag-eu","16":"tag-eurometropole-de-stras","17":"tag-europe","18":"tag-fr","19":"tag-france","20":"tag-grand-est","21":"tag-news","22":"tag-photovoltaique","23":"tag-republique-francaise","24":"tag-reseau-de-chaleur","25":"tag-strasbourg","26":"tag-technique","27":"tag-vie-du-btp"},"share_on_mastodon":{"url":"https:\/\/pubeurope.com\/@fr\/115100178581581890","error":""},"_links":{"self":[{"href":"https:\/\/www.europesays.com\/fr\/wp-json\/wp\/v2\/posts\/347323","targetHints":{"allow":["GET"]}}],"collection":[{"href":"https:\/\/www.europesays.com\/fr\/wp-json\/wp\/v2\/posts"}],"about":[{"href":"https:\/\/www.europesays.com\/fr\/wp-json\/wp\/v2\/types\/post"}],"author":[{"embeddable":true,"href":"https:\/\/www.europesays.com\/fr\/wp-json\/wp\/v2\/users\/2"}],"replies":[{"embeddable":true,"href":"https:\/\/www.europesays.com\/fr\/wp-json\/wp\/v2\/comments?post=347323"}],"version-history":[{"count":0,"href":"https:\/\/www.europesays.com\/fr\/wp-json\/wp\/v2\/posts\/347323\/revisions"}],"wp:featuredmedia":[{"embeddable":true,"href":"https:\/\/www.europesays.com\/fr\/wp-json\/wp\/v2\/media\/347324"}],"wp:attachment":[{"href":"https:\/\/www.europesays.com\/fr\/wp-json\/wp\/v2\/media?parent=347323"}],"wp:term":[{"taxonomy":"category","embeddable":true,"href":"https:\/\/www.europesays.com\/fr\/wp-json\/wp\/v2\/categories?post=347323"},{"taxonomy":"post_tag","embeddable":true,"href":"https:\/\/www.europesays.com\/fr\/wp-json\/wp\/v2\/tags?post=347323"}],"curies":[{"name":"wp","href":"https:\/\/api.w.org\/{rel}","templated":true}]}}