{"id":347325,"date":"2025-08-27T10:08:10","date_gmt":"2025-08-27T10:08:10","guid":{"rendered":"https:\/\/www.europesays.com\/fr\/347325\/"},"modified":"2025-08-27T10:08:10","modified_gmt":"2025-08-27T10:08:10","slug":"ce-maire-sindigne-et-lance-une-petition","status":"publish","type":"post","link":"https:\/\/www.europesays.com\/fr\/347325\/","title":{"rendered":"ce maire s&rsquo;indigne et lance une p\u00e9tition"},"content":{"rendered":"<p>            Par<br \/>\n        <strong><br \/>\n            <a href=\"https:\/\/actu.fr\/auteur\/manon-reinhardt\" title=\"Consulter tous les articles de Manon Reinhardt\" target=\"_blank\" rel=\"noopener\">Manon Reinhardt<\/a><br \/>\n        <\/strong><\/p>\n<p>        Publi\u00e9 le<\/p>\n<p>            27 ao\u00fbt 2025 \u00e0 11h22        <\/p>\n<p>C\u2019est une mesure qui semble majoritairement rejet\u00e9e. Le Premier ministre Fran\u00e7ois Bayrou a annonc\u00e9 qu\u2019il souhaitait la suppression de deux jours f\u00e9ri\u00e9s, le lundi de P\u00e2ques et<strong> le 8\u00a0Mai<\/strong>. Objectif\u2009: \u00e9conomiser 4,2\u00a0milliards d\u2019euros d\u00e8s 2026. Une proposition qui n\u2019emballe pas vraiment cette commune des <a href=\"https:\/\/actu.fr\/provence-alpes-cote-d-azur\/alpes-maritimes_06\" target=\"_blank\" rel=\"noopener\">Alpes-Maritimes<\/a>, pr\u00e8s de <a href=\"https:\/\/actu.fr\/provence-alpes-cote-d-azur\/nice_06088\" target=\"_blank\" rel=\"noopener\">Nice<\/a>, qui a d\u00e9cid\u00e9 de faire volte-face en lan\u00e7ant une p\u00e9tition, ce mercredi 27 ao\u00fbt 2025. Voici ses arguments.<\/p>\n<p>Un carton rouge pour cette mairie<\/p>\n<p class=\" wall-content\">Et si le lundi de P\u00e2ques et le 8\u00a0Mai n\u2019\u00e9taient plus f\u00e9ri\u00e9s \u00e0 partir de 2026\u2009? C\u2019est en tout cas ce que propose le gouvernement pour contribuer \u00e0 l\u2019abaissement de la dette publique et esp\u00e9rer faire des \u00e9conomies. Mais l\u2019annonce de Fran\u00e7ois Bayrou, Premier ministre, qui se soumettra<a href=\"https:\/\/actu.fr\/politique\/francois-bayrou-demande-un-vote-de-confiance-c-est-quoi-ce-mecanisme-qui-peut-faire-tomber-son-gouvernement_63075350.html\" target=\"_blank\" rel=\"noopener\"> \u00e0 un vote de confiance des d\u00e9put\u00e9s<\/a> le 8\u00a0septembre prochain, ne pla\u00eet pas vraiment.<\/p>\n<p class=\" wall-content\">Cette commune des Alpes-Maritimes, <strong>Villeneuve-Loubet<\/strong>, a m\u00eame d\u00e9cid\u00e9 de s\u2019y opposer publiquement. Lionnel Luca, le maire, vient de <a href=\"https:\/\/www.change.org\/p\/suppression-du-jour-f%C3%A9ri%C3%A9-le-8-mai-c-est-non?utm_source=share_petition&amp;utm_medium=mobileNativeShare&amp;utm_campaign=share_petition&amp;recruited_by_id=304a1d80-8255-11f0-868c-2bbfa20fee26&amp;recruiter=1385808855\" target=\"_blank\" rel=\"noopener\">lancer une p\u00e9tition en ligne<\/a> intitul\u00e9e \u00ab\u2009Suppression du jour f\u00e9ri\u00e9 le 8\u00a0mai, c\u2019est non\u2009!\u2009\u00bb.<\/p>\n<p class=\" wall-content\">\u00ab\u2009Lionnel Luca, maire de Villeneuve-Loubet, a rappel\u00e9 \u00e0 l\u2019occasion de la comm\u00e9moration de la lib\u00e9ration de la commune l\u2019importance de <strong>la transmission historique et de la m\u00e9moire<\/strong> et la symbolique forte du jour f\u00e9ri\u00e9 du 8\u00a0Mai comm\u00e9morant la lib\u00e9ration de la France\u2009\u00bb, \u00e9crit la mairie sur sa page <a href=\"https:\/\/www.facebook.com\/ville.villeneuve.loubet\" target=\"_blank\" rel=\"noopener\">Facebook<\/a>, ce mercredi matin.<\/p>\n<p>    <a href=\"https:\/\/www.facebook.com\/plugins\/post.php?href=https%3A%2F%2Fwww.facebook.com%2Fville.villeneuve.loubet%2Fposts%2Fpfbid0274qeQ54t7QTezHzyXA8SkRADzn9bfwZaxxqqsTf8q5n6wyR5hUKsZTzevFoabVu7l&amp;show_text=true&amp;width=350\" title=\"Ouvrie le lien\" target=\"_blank\" rel=\"noopener\">Cliquez ici pour visualiser le contenu<\/a><\/p>\n<p>Une mesure jug\u00e9e \u00ab\u2009inacceptable\u2009\u00bb<\/p>\n<p class=\" wall-content\">\u00ab\u2009Supprimer deux jours f\u00e9ri\u00e9s dont celui qui c\u00e9l\u00e8bre la lib\u00e9ration de la France le 8\u00a0Mai 1945\u2009: c\u2019est la seule solution qu\u2019a trouv\u00e9e un gouvernement de circonstance pour faire face \u00e0 <strong>l\u2019impasse budg\u00e9taire<\/strong> et la n\u00e9cessit\u00e9, \u00ab\u2009quoi qu\u2019il en co\u00fbte\u2009\u00bb, d\u2019obtention de nouvelles recettes\u2009\u00bb, peut-on lire dans la p\u00e9tition. Une mesure que la commune juge \u00ab\u2009inacceptable\u2009\u00bb.<\/p>\n<blockquote class=\"ac-article-quote wall-content\">\n<p>Supprimer l\u2019importance symbolique du jour f\u00e9ri\u00e9 le 8 Mai, c\u2019est oublier les 50 millions de victimes de la 2\u00e8me guerre mondiale, oublier les sacrifices de tous les combattants civils et militaires contre l\u2019occupant, oublier les victimes innocentes de la D\u00e9portation et la Shoah, oublier l\u2019id\u00e9ologie et la dictature nazie responsable de la 2\u00e8me guerre mondiale, oublier le devoir de comm\u00e9moration qui est une obligation morale notamment avec la participation des enfants, des familles et des enseignants.<\/p>\n<p>    <strong>Mairie de Villeneuve-Loubet<\/strong><br \/>\n        Dans une p\u00e9tition contre la suppression des jours f\u00e9ri\u00e9s    <\/p><\/blockquote>\n<p>Votre r\u00e9gion, votre actu !<\/p>\n<p>Recevez chaque jour les infos qui comptent pour vous.<\/p>\n<p>\t<a href=\"https:\/\/actu.fr\/newsletter\" class=\"ac-btn ac-btn--corner ac-btn--medium ac-btn--blue800\" target=\"_blank\" rel=\"noopener\">S&rsquo;incrire<\/a><\/p>\n<p class=\" wall-content\">La p\u00e9tition sera disponible dans tous les lieux d\u2019accueil au public, en mairie principale, annexes et espace citoyen, pr\u00e9cise la Ville. Pour l\u2019heure, elle n\u2019a obtenu qu\u2019une dizaine de signatures. Selon un dernier sondage, 84\u2009% des Fran\u00e7ais seraient oppos\u00e9s \u00e0 la suppression de ce jour f\u00e9ri\u00e9.<\/p>\n<p class=\" wall-content\">Personnalisez votre actualit\u00e9 en ajoutant vos villes et m\u00e9dias en favori avec <a href=\"https:\/\/moncompte.actu.fr\" title=\"D\u00e9couvez Mon Actu\" rel=\"nofollow noopener\" data-trk=\"{&quot;cta&quot;:{&quot;action&quot;:&quot;https:\\\/\\\/moncompte.actu.fr&quot;,&quot;category&quot;:&quot;mon compte&quot;,&quot;from&quot;:&quot;article footer&quot;,&quot;name&quot;:&quot;Mon actu&quot;,&quot;type&quot;:&quot;cta&quot;}}\" target=\"_blank\">Mon Actu<\/a>.<\/p>\n","protected":false},"excerpt":{"rendered":"Par Manon Reinhardt Publi\u00e9 le 27 ao\u00fbt 2025 \u00e0 11h22 C\u2019est une mesure qui semble majoritairement rejet\u00e9e. Le&hellip;\n","protected":false},"author":2,"featured_media":347326,"comment_status":"","ping_status":"","sticky":false,"template":"","format":"standard","meta":{"footnotes":""},"categories":[2819],"tags":[1111,11,1777,674,1011,27,431,12,2401,316,882,25],"class_list":{"0":"post-347325","1":"post","2":"type-post","3":"status-publish","4":"format-standard","5":"has-post-thumbnail","7":"category-nice","8":"tag-actu","9":"tag-actualites","10":"tag-eu","11":"tag-europe","12":"tag-fr","13":"tag-france","14":"tag-francois-bayrou","15":"tag-news","16":"tag-nice","17":"tag-politique","18":"tag-provence-alpes-cote-dazur","19":"tag-republique-francaise"},"share_on_mastodon":{"url":"https:\/\/pubeurope.com\/@fr\/115100182415010908","error":""},"_links":{"self":[{"href":"https:\/\/www.europesays.com\/fr\/wp-json\/wp\/v2\/posts\/347325","targetHints":{"allow":["GET"]}}],"collection":[{"href":"https:\/\/www.europesays.com\/fr\/wp-json\/wp\/v2\/posts"}],"about":[{"href":"https:\/\/www.europesays.com\/fr\/wp-json\/wp\/v2\/types\/post"}],"author":[{"embeddable":true,"href":"https:\/\/www.europesays.com\/fr\/wp-json\/wp\/v2\/users\/2"}],"replies":[{"embeddable":true,"href":"https:\/\/www.europesays.com\/fr\/wp-json\/wp\/v2\/comments?post=347325"}],"version-history":[{"count":0,"href":"https:\/\/www.europesays.com\/fr\/wp-json\/wp\/v2\/posts\/347325\/revisions"}],"wp:featuredmedia":[{"embeddable":true,"href":"https:\/\/www.europesays.com\/fr\/wp-json\/wp\/v2\/media\/347326"}],"wp:attachment":[{"href":"https:\/\/www.europesays.com\/fr\/wp-json\/wp\/v2\/media?parent=347325"}],"wp:term":[{"taxonomy":"category","embeddable":true,"href":"https:\/\/www.europesays.com\/fr\/wp-json\/wp\/v2\/categories?post=347325"},{"taxonomy":"post_tag","embeddable":true,"href":"https:\/\/www.europesays.com\/fr\/wp-json\/wp\/v2\/tags?post=347325"}],"curies":[{"name":"wp","href":"https:\/\/api.w.org\/{rel}","templated":true}]}}