{"id":347327,"date":"2025-08-27T10:09:09","date_gmt":"2025-08-27T10:09:09","guid":{"rendered":"https:\/\/www.europesays.com\/fr\/347327\/"},"modified":"2025-08-27T10:09:09","modified_gmt":"2025-08-27T10:09:09","slug":"des-tags-antisemites-retrouves-sur-un-mur-de-ce-quartier-calme","status":"publish","type":"post","link":"https:\/\/www.europesays.com\/fr\/347327\/","title":{"rendered":"des tags antis\u00e9mites retrouv\u00e9s sur un mur de ce quartier calme"},"content":{"rendered":"<p>            Par<br \/>\n        <strong><br \/>\n            <a href=\"https:\/\/actu.fr\/auteur\/manon-reinhardt\" title=\"Consulter tous les articles de Manon Reinhardt\" target=\"_blank\" rel=\"noopener\">Manon Reinhardt<\/a><br \/>\n        <\/strong><\/p>\n<p>        Publi\u00e9 le<\/p>\n<p>            27 ao\u00fbt 2025 \u00e0 12h03        <\/p>\n<p>\u00ab\u2009Nike la police Isra\u00ebl\u2009\u00bb, c\u2019est ce qui a \u00e9t\u00e9 tagu\u00e9, accompagn\u00e9 d\u2019une <strong>croix gamm\u00e9e<\/strong>, sur un mur dans le quartier calme de Rimiez \u00e0 <a href=\"https:\/\/actu.fr\/provence-alpes-cote-d-azur\/nice_06088\" target=\"_blank\" rel=\"noopener\">Nice<\/a>. Le d\u00e9put\u00e9 de la 1re circonscription des <a href=\"https:\/\/actu.fr\/provence-alpes-cote-d-azur\/alpes-maritimes_06\" target=\"_blank\" rel=\"noopener\">Alpes-Maritimes<\/a>, \u00c9ric Ciotti, s\u2019en est indign\u00e9 sur X, ce mardi 26\u00a0ao\u00fbt 2025.<\/p>\n<p class=\" wall-content\">Le service propret\u00e9 de la Ville indique que ces tags antis\u00e9mites ont bien \u00e9t\u00e9 nettoy\u00e9s.<\/p>\n<p>Les tags auraient \u00e9t\u00e9 nettoy\u00e9s<\/p>\n<p class=\" wall-content\">Le d\u00e9put\u00e9 et pr\u00e9sident de l\u2019Union des droites pour la R\u00e9publique (UDR), \u00c9ric Ciotti, a publi\u00e9 sur X la photo de tags antis\u00e9mites sur un mur du quartier de Rimiez \u00e0 Nice. <strong>\u00ab\u2009Nike la police Isra\u00ebl\u2009\u00bb<\/strong>, peut-on y lire, accompagn\u00e9 d\u2019une croix gamm\u00e9e. L\u2019\u00e9lu s\u2019en est offusqu\u00e9.<\/p>\n<p class=\" wall-content\">\u00ab\u2009Ces attaques antis\u00e9mites, comme celles visant nos policiers, sont insupportables\u2009! Je leur apporte naturellement tout mon soutien, et en appelle \u00e0 la r\u00e9ponse la plus ferme de l\u2019\u00c9tat contre ces individus abjects\u2009\u00bb, a-t-il \u00e9crit sur le r\u00e9seau social.<\/p>\n<p class=\" wall-content\">\n<p>Pas la premi\u00e8re fois \u00e0 Nice<\/p>\n<p class=\" wall-content\">L\u2019adjoint \u00e0 la propret\u00e9, Pierre-Paul L\u00e9onelli, lui a rapidement indiqu\u00e9 par publication interpos\u00e9e que les tags malveillants avaient \u00e9t\u00e9 nettoy\u00e9s d\u00e8s ce mardi.<\/p>\n<p class=\" wall-content\">\u00ab\u2009C\u2019est \u00e0 croire qu\u2019\u00c9ric Ciotti n\u2019habite pas \u00e0 Nice ou que ses collaborateurs lui fournissent des infos en retard. Ce tag a \u00e9t\u00e9 nettoy\u00e9 depuis ce matin\u2009! Les services du nettoiement n\u2019attendent pas les \u00ab\u2009lanceurs d\u2019alerte\u2009\u00bb ciottistes pour intervenir et ce depuis 2008\u2009\u00bb, a r\u00e9torqu\u00e9 l\u2019\u00e9lu, non sans virulence.<\/p>\n<p class=\" wall-content\">\n<p class=\" wall-content\">Ce n\u2019est pas la premi\u00e8re fois que la communaut\u00e9 juive fait face \u00e0 ce genre de tags \u00e0 Nice. En juin 2024, un h\u00f4tel et un restaurant avaient \u00e9t\u00e9 <strong>menac\u00e9s et cibl\u00e9s<\/strong> par des actes antis\u00e9mites. Plus r\u00e9cemment, <a href=\"https:\/\/actu.fr\/provence-alpes-cote-d-azur\/nice_06088\/nice-sale-juif-insulte-homophobe-une-video-filmee-sur-la-promenade-des-anglais-choque_62950791.html\" target=\"_blank\" rel=\"noopener\">des insultes antis\u00e9mites ont \u00e9t\u00e9 prof\u00e9r\u00e9es<\/a> sur la promenade des Anglais lors d\u2019une altercation film\u00e9e entre plusieurs personnes.<\/p>\n<p class=\" wall-content\">Personnalisez votre actualit\u00e9 en ajoutant vos villes et m\u00e9dias en favori avec <a href=\"https:\/\/moncompte.actu.fr\" title=\"D\u00e9couvez Mon Actu\" rel=\"nofollow noopener\" data-trk=\"{&quot;cta&quot;:{&quot;action&quot;:&quot;https:\\\/\\\/moncompte.actu.fr&quot;,&quot;category&quot;:&quot;mon compte&quot;,&quot;from&quot;:&quot;article footer&quot;,&quot;name&quot;:&quot;Mon actu&quot;,&quot;type&quot;:&quot;cta&quot;}}\" target=\"_blank\">Mon Actu<\/a>.<\/p>\n","protected":false},"excerpt":{"rendered":"Par Manon Reinhardt Publi\u00e9 le 27 ao\u00fbt 2025 \u00e0 12h03 \u00ab\u2009Nike la police Isra\u00ebl\u2009\u00bb, c\u2019est ce qui a&hellip;\n","protected":false},"author":2,"featured_media":347328,"comment_status":"","ping_status":"","sticky":false,"template":"","format":"standard","meta":{"footnotes":""},"categories":[2819],"tags":[1111,11,6155,1777,674,1011,27,5643,303,12,2401,882,25,104],"class_list":{"0":"post-347327","1":"post","2":"type-post","3":"status-publish","4":"format-standard","5":"has-post-thumbnail","7":"category-nice","8":"tag-actu","9":"tag-actualites","10":"tag-antisemitisme","11":"tag-eu","12":"tag-europe","13":"tag-fr","14":"tag-france","15":"tag-guerre-israel-hamas","16":"tag-justice","17":"tag-news","18":"tag-nice","19":"tag-provence-alpes-cote-dazur","20":"tag-republique-francaise","21":"tag-societe"},"share_on_mastodon":{"url":"https:\/\/pubeurope.com\/@fr\/115100186275919736","error":""},"_links":{"self":[{"href":"https:\/\/www.europesays.com\/fr\/wp-json\/wp\/v2\/posts\/347327","targetHints":{"allow":["GET"]}}],"collection":[{"href":"https:\/\/www.europesays.com\/fr\/wp-json\/wp\/v2\/posts"}],"about":[{"href":"https:\/\/www.europesays.com\/fr\/wp-json\/wp\/v2\/types\/post"}],"author":[{"embeddable":true,"href":"https:\/\/www.europesays.com\/fr\/wp-json\/wp\/v2\/users\/2"}],"replies":[{"embeddable":true,"href":"https:\/\/www.europesays.com\/fr\/wp-json\/wp\/v2\/comments?post=347327"}],"version-history":[{"count":0,"href":"https:\/\/www.europesays.com\/fr\/wp-json\/wp\/v2\/posts\/347327\/revisions"}],"wp:featuredmedia":[{"embeddable":true,"href":"https:\/\/www.europesays.com\/fr\/wp-json\/wp\/v2\/media\/347328"}],"wp:attachment":[{"href":"https:\/\/www.europesays.com\/fr\/wp-json\/wp\/v2\/media?parent=347327"}],"wp:term":[{"taxonomy":"category","embeddable":true,"href":"https:\/\/www.europesays.com\/fr\/wp-json\/wp\/v2\/categories?post=347327"},{"taxonomy":"post_tag","embeddable":true,"href":"https:\/\/www.europesays.com\/fr\/wp-json\/wp\/v2\/tags?post=347327"}],"curies":[{"name":"wp","href":"https:\/\/api.w.org\/{rel}","templated":true}]}}