{"id":347354,"date":"2025-08-27T10:24:13","date_gmt":"2025-08-27T10:24:13","guid":{"rendered":"https:\/\/www.europesays.com\/fr\/347354\/"},"modified":"2025-08-27T10:24:13","modified_gmt":"2025-08-27T10:24:13","slug":"la-valeur-du-jour-a-paris-essilorluxottica-songe-a-augmenter-sa-participation-au-capital-de-nikon-27-08-2025-a-1158","status":"publish","type":"post","link":"https:\/\/www.europesays.com\/fr\/347354\/","title":{"rendered":"La valeur du jour \u00e0 Paris &#8211; EssilorLuxottica songe \u00e0 augmenter sa participation au capital de Nikon &#8211; 27\/08\/2025 \u00e0 11:58"},"content":{"rendered":"<p>\n (AOF) &#8211;<br \/>\n <a href=\"https:\/\/www.boursorama.com\/cours\/1rPEL\/\" target=\"_blank\" rel=\"noopener\"><br \/>\n  EssilorLuxottica<br \/>\n <\/a><br \/>\n (+0,49% \u00e0 267,20 euros) envisage d\u2019augmenter sa participation \u00e0 environ 20% au capital de Nikon, selon des informations rapport\u00e9es par Bloomberg hier, citant des sources proches du dossier. Suite \u00e0 cette information, le fabricant japonais d\u2019\u00e9quipements optiques a vu son action bondir de plus de 20% \u00e0 Tokyo. Le lunettier franco-italien d\u00e9tiendrait actuellement une participation de 9% dans Nikon. EssilorLuxottica aurait entam\u00e9 des discussions avec le gouvernement japonais concernant son projet.\n<\/p>\n<p>\n Les d\u00e9lib\u00e9rations seraient en cours et rien ne garantit qu&rsquo;elles aboutiront sur une transaction.\n<\/p>\n<p>\n Cette possible augmentation renforcerait les liens entre les deux soci\u00e9t\u00e9s, apr\u00e8s que le fabricant de lunettes a cr\u00e9\u00e9 une coentreprise avec Nikon Corp en 2000 pour la cr\u00e9ation de Nikon-Essilor, une entit\u00e9 de vente en gros de lentilles bas\u00e9e \u00e0 Tokyo et desservant des clients r\u00e9gionaux et mondiaux.\n<\/p>\n<p>\n Cette alliance avait conduit \u00e0 la cr\u00e9ation d&rsquo;un certain nombre de produits innovants, tels que des lentilles ultra-minces, des filtres de lumi\u00e8re bleue et des rev\u00eatements r\u00e9fl\u00e9chissant la lumi\u00e8re, confirmant l&rsquo;engagement des deux entreprises en faveur de l&rsquo;innovation dans l&rsquo;industrie de l&rsquo;optique.\n<\/p>\n<p>\n En octobre 2024, EssilorLuxottica avait annonc\u00e9 avoir franchi le seuil des 5% du capital de Nikon pour atteindre 5,1%, pour un investissement total d&rsquo;environ 170 millions d&rsquo;euros. Cette op\u00e9ration confirmait pour le lunettier sa \u00a0\u00bb strat\u00e9gie d&rsquo;investissement \u00e0 long terme visant \u00e0 consolider les partenariats existants et \u00e0 renforcer le portefeuille de participations industrielles du groupe \u00ab\u00a0.\n<\/p>\n<p>\n <strong><br \/>\n  AOF &#8211; EN SAVOIR PLUS<br \/>\n <\/strong>\n<\/p>\n<p>\n <strong><br \/>\n  En savoir plus sur EssilorLuxottica<br \/>\n <\/strong>\n<\/p>\n<p>\n <strong><br \/>\n  =\/ Points cl\u00e9s \/=<br \/>\n <\/strong>\n<\/p>\n<p>\n &#8211; Num\u00e9ro 1 mondial de l\u2019ophtalmie et de l\u2019optique avec pr\u00e8s de 18 000 magasins dans 150 pays, n\u00e9 en 2018 du rapprochement entre Essilor et Luxottica ;\n<\/p>\n<p>\n &#8211; Chiffre d\u2019affaires de 256,5 Mds\u20ac r\u00e9alis\u00e9 \u00e0 40% dans les solutions professionnelles et \u00e0 52 % dans les ventes directes aux consommateurs ;\n<\/p>\n<p>\n &#8211; Pr\u00e9sence forte en Am\u00e9rique de nord pour 45% des ventes et en Europe-Afrique-Moyen-Orient pour 37% ;\n<\/p>\n<p>\n &#8211; Mod\u00e8le d&rsquo;affaires combinant int\u00e9gration verticale -int\u00e9gration des process de production, de logistique et de distribution au niveau mondial-, fonctionnement en r\u00e9seau ouvert et innovations de rupture, telle l\u2019ambition d\u2019\u00e9radication de la mauvaise vision d&rsquo;ici 2050 ;\n<\/p>\n<p>\n &#8211; Capital contr\u00f4l\u00e9 \u00e0 32,5% par la famille del Vecchio puis par les salari\u00e9s, \u00e0 4,3%, Francesco Milleri \u00e9tant pr\u00e9sident-directeur g\u00e9n\u00e9ral du conseil de 14 administrateurs et Paul du Saillant directeur g\u00e9n\u00e9ral d\u00e9l\u00e9gu\u00e9.\n<\/p>\n<p>\n <strong><br \/>\n  =\/ Enjeux \/=<br \/>\n <\/strong>\n<\/p>\n<p>\n &#8211; Agilit\u00e9 du mod\u00e8le d\u2019affaires :\n<\/p>\n<p>\n &#8211; rapidit\u00e9 des prises de d\u00e9cision par recours au big data et consolidation du portefeuille de marques de luxe via la r\u00e9currence des renouvellements, les acquisitions et partenariats,\n<\/p>\n<p>\n &#8211; ma\u00eetrise et d\u00e9ploiement des r\u00e9seaux de distribution : GrandVision, Vitasi, japonais Waashin, roumain Optical Invest. Group\u2026 ;\n<\/p>\n<p>\n &#8211; capacit\u00e9 d\u2019anticipation dans le domaine des \u00ab lunettes intelligentes \u00bb : entr\u00e9e \u00e0 hauteur de 5,1% dans le capital du japonais Nikon (producteur de composants indispensables aux algorithmes d\u2019intelligence artificielle), partenariat strat\u00e9gique avec Meta (ventes     prometteuses de Ray-Ban Meta aux Etats-Unis) ou Be My Eyes,\n<\/p>\n<p>\n &#8211; diversifications : dans l\u2019audition, dans la med-tech renforc\u00e9e par  les acquisitions de plateformes med-tech, allemande (Heidelberg) ou  italienne (Espansione) puis dans le streetwear avec l\u2019acquisition pour 1,5 Md$ de l\u2019am\u00e9ricain Supr\u00eame ;\n<\/p>\n<p>\n &#8211; innovation articul\u00e9e autour de 4 objectifs -am\u00e9liorer la vision, augmenter la pr\u00e9cision des examens de vue, exprimer un style et cr\u00e9er des lunettes connect\u00e9es- et con\u00e7ue comme levier de croissance \u00e0 partir d\u2019un portefeuille de pr\u00e8s de 2 400 familles de brevets provenant des 8 centres de R&amp;D et du nouveau lab en partenariat avec le polytechnico de Milan ;\n<\/p>\n<p>\n &#8211; Strat\u00e9gie environnementale \u00ab Eyes on the planet \u00bb visant la neutralit\u00e9 carbone\n<\/p>\n<p>\n &#8211; objectif interm\u00e9diaire 2030 : r\u00e9duction de 42 %, vs 2022, des \u00e9missions de scope 1 et 2 et de 25 % celles du scope 3 relatives au transport, achats et distribution ;\n<\/p>\n<p>\n &#8211; carbone : autoproduction d\u2019\u00e9nergie et compensation par reforestation ;\n<\/p>\n<p>\n &#8211; circularit\u00e9 et int\u00e9gration de l\u2019\u00e9co-conception dans les d\u00e9veloppements de produits ;\n<\/p>\n<p>\n &#8211; Actifs reconnus : lunettes Ray-Ban et Oakley, verres Varilux, Transitions et Stellest ;\n<\/p>\n<p>\n &#8211; Bilan sain avec un endettement net de 9,8 Mds\u20ac, face \u00e0 2,2 Mds\u20ac de liquidit\u00e9s et + 35 Mds\u20ac de capitaux propres. 2,26 Mds\u20ac d\u2019autofinancement libre\n<\/p>\n<p>\n <strong><br \/>\n  =\/ D\u00e9fis =\/<br \/>\n <\/strong>\n<\/p>\n<p>\n &#8211; Succ\u00e8s des verres Stellest, vendus en France, Etats-Unis, Italie et Chine et de SightGlassVisionla contre la progression de la myopie des enfants ainsi que des lentilles de contact MiSightTM ;\n<\/p>\n<p>\n &#8211; Accueil du public aux lunettes auditives Nuance Audio, lanc\u00e9es fin 2024 aux Etats-Unis, d\u00e9but 2025 en France ;\n<\/p>\n<p>\n &#8211; Rumeurs d\u2019une prise de participation autour de 5% du capital, par Meta ;\n<\/p>\n<p>\n &#8211; Confirmation des objectifs fix\u00e9s pour la p\u00e9riode 2022-2026 : croissance annuelle des ventes de 5,5% et marge op\u00e9rationnelle de 19 \u00e0 20% ;\n<\/p>\n<p>\n &#8211; Dividende 2024 de 3,95 \u20ac, payable en actions ou num\u00e9raire.<\/p>\n","protected":false},"excerpt":{"rendered":"(AOF) &#8211; EssilorLuxottica (+0,49% \u00e0 267,20 euros) envisage d\u2019augmenter sa participation \u00e0 environ 20% au capital de Nikon,&hellip;\n","protected":false},"author":2,"featured_media":2956,"comment_status":"","ping_status":"","sticky":false,"template":"","format":"standard","meta":{"footnotes":""},"categories":[1888],"tags":[400,1111,1928,11,1927,398,408,405,1777,674,1011,27,403,402,399,404,12,1926,626,1925,25,401,406,407],"class_list":{"0":"post-347354","1":"post","2":"type-post","3":"status-publish","4":"format-standard","5":"has-post-thumbnail","7":"category-paris","8":"tag-action-cac-40","9":"tag-actu","10":"tag-actu-paris","11":"tag-actualites","12":"tag-actualites-paris","13":"tag-bourse-de-paris","14":"tag-boursorama","15":"tag-cotations","16":"tag-eu","17":"tag-europe","18":"tag-fr","19":"tag-france","20":"tag-indices-devises","21":"tag-investir","22":"tag-investissement","23":"tag-marche-boursier","24":"tag-news","25":"tag-news-paris","26":"tag-paris","27":"tag-paris-news","28":"tag-republique-francaise","29":"tag-sicav","30":"tag-trackers","31":"tag-warrants"},"share_on_mastodon":{"url":"https:\/\/pubeurope.com\/@fr\/115100245333883331","error":""},"_links":{"self":[{"href":"https:\/\/www.europesays.com\/fr\/wp-json\/wp\/v2\/posts\/347354","targetHints":{"allow":["GET"]}}],"collection":[{"href":"https:\/\/www.europesays.com\/fr\/wp-json\/wp\/v2\/posts"}],"about":[{"href":"https:\/\/www.europesays.com\/fr\/wp-json\/wp\/v2\/types\/post"}],"author":[{"embeddable":true,"href":"https:\/\/www.europesays.com\/fr\/wp-json\/wp\/v2\/users\/2"}],"replies":[{"embeddable":true,"href":"https:\/\/www.europesays.com\/fr\/wp-json\/wp\/v2\/comments?post=347354"}],"version-history":[{"count":0,"href":"https:\/\/www.europesays.com\/fr\/wp-json\/wp\/v2\/posts\/347354\/revisions"}],"wp:featuredmedia":[{"embeddable":true,"href":"https:\/\/www.europesays.com\/fr\/wp-json\/wp\/v2\/media\/2956"}],"wp:attachment":[{"href":"https:\/\/www.europesays.com\/fr\/wp-json\/wp\/v2\/media?parent=347354"}],"wp:term":[{"taxonomy":"category","embeddable":true,"href":"https:\/\/www.europesays.com\/fr\/wp-json\/wp\/v2\/categories?post=347354"},{"taxonomy":"post_tag","embeddable":true,"href":"https:\/\/www.europesays.com\/fr\/wp-json\/wp\/v2\/tags?post=347354"}],"curies":[{"name":"wp","href":"https:\/\/api.w.org\/{rel}","templated":true}]}}