{"id":347361,"date":"2025-08-27T10:28:18","date_gmt":"2025-08-27T10:28:18","guid":{"rendered":"https:\/\/www.europesays.com\/fr\/347361\/"},"modified":"2025-08-27T10:28:18","modified_gmt":"2025-08-27T10:28:18","slug":"podcast-french-expat-gregoire-russie-aventures-langues-et-contrastes-une-decennie-passee-a-lest","status":"publish","type":"post","link":"https:\/\/www.europesays.com\/fr\/347361\/","title":{"rendered":"Podcast French Expat : \u00ab Gr\u00e9goire (Russie) : Aventures, langues et contrastes \u2026 une d\u00e9cennie pass\u00e9e \u00e0 l\u2019Est \u00bb"},"content":{"rendered":"<p>\u00ab Je pense que le fait d\u2019habiter \u00e0 l\u2019\u00e9tranger, peut-\u00eatre que je vais dire une b\u00eatise, mais en tout cas pour moi, \u00e7a a un petit peu retard\u00e9 les choses entre guillemets s\u00e9rieuses : avoir des enfants, se marier, acheter un appartement\u2026 \u00c7a laisse un peu plus de libert\u00e9, on vieillit peut-\u00eatre un peu plus lentement au quotidien. \u00bb<\/p>\n<p>Derri\u00e8re cette phrase teint\u00e9e d\u2019humour, Gr\u00e9goire dresse un portrait fid\u00e8le de sa vie hors de France. Parti \u00e0 22 ans pour un \u00e9change universitaire \u00e0 Moscou, il ne s\u2019est jamais vraiment arr\u00eat\u00e9 de voyager vers l\u2019Est. Install\u00e9 \u00e0 Moscou lors de l\u2019enregistrement de cet \u00e9pisode, il nous propose un regard nuanc\u00e9, v\u00e9cu et sensible sur un pays souvent caricatur\u00e9.<\/p>\n<p>Moscou d\u2019abord, puis Kiev en Ukraine, Irkoutsk en Sib\u00e9rie, Tachkent en Ouzb\u00e9kistan\u2026 Gr\u00e9goire a multipli\u00e9 les exp\u00e9riences professionnelles et humaines, chaque fois plus loin. De l\u2019\u00e9change \u00e9tudiant \u00e0 l\u2019entrepreneuriat dans la musique, il a peu \u00e0 peu ancr\u00e9 son quotidien dans ces territoires parfois incompris.<\/p>\n<p>Un V.I.E. en Ukraine, une mission \u00e0 la d\u00e9l\u00e9gation de l\u2019Union europ\u00e9enne en Asie centrale, un stage dans une agence de tourisme d\u2019aventure au bord du lac Ba\u00efkal : ses exp\u00e9riences sont aussi diverses que ses anecdotes sont savoureuses. Il raconte ses d\u00e9buts, entre solitude, apprentissage acc\u00e9l\u00e9r\u00e9 du russe et rencontres d\u00e9cisives.<\/p>\n<p>Vivre en Russie, entre contrastes et clich\u00e9s<\/p>\n<p>Gr\u00e9goire a souvent entendu les m\u00eames pr\u00e9jug\u00e9s : un pays glacial, rude, ferm\u00e9, peu accueillant. Et pourtant, son exp\u00e9rience raconte tout autre chose. La Russie est un pays de contrastes extr\u00eames. Climat, paysages, culture : rien n\u2019y est uniforme. Du cercle polaire \u00e0 la mer Noire, en passant par la Sib\u00e9rie, les steppes d\u2019Ouzb\u00e9kistan ou les montagnes du Caucase, chaque r\u00e9gion a sa propre identit\u00e9.<\/p>\n<p>\u00ab Non, la Russie, ce n\u2019est pas que de la neige, des mafieux et des clich\u00e9s YouTube. Il y a une vraie richesse culturelle, un quotidien, des paradoxes. C\u2019est \u00e7a qui me pla\u00eet : on ne s\u2019ennuie jamais. \u00bb nous confie-t-il au micro du podcast.<\/p>\n<p>Gr\u00e9goire \u00e9voque un pays gigantesque aux multiples visages, o\u00f9 les contrastes ne sont pas des exceptions mais la norme. Ce qu\u2019il aime par-dessus tout, c\u2019est l\u2019impr\u00e9vu constant, l\u2019intensit\u00e9 des rencontres, l\u2019alt\u00e9rit\u00e9 palpable. \u00ab C\u2019est un pays o\u00f9 tu peux croiser les gens les plus d\u00e9biles de la terre\u2026 mais aussi les plus brillants. Les plus froids, mais aussi les plus chaleureux. \u00bb<\/p>\n<p>Mais pour s\u2019immerger, une barri\u00e8re essentielle doit \u00eatre franchie : la langue. \u00ab C\u2019est la cl\u00e9. Tu peux voyager, mais pour t\u2019installer, pour bosser, pour te faire des amis, il faut pouvoir parler. M\u00eame un peu. \u00bb Apprendre le russe n\u2019est pas seulement un outil de communication : c\u2019est un passeport pour comprendre l\u2019\u00e2me du pays. Et, selon Gr\u00e9goire, le premier pas indispensable pour aller au-del\u00e0 des apparences.<\/p>\n<p>Cet \u00e9pisode est une rediffusion remix\u00e9e et retravaill\u00e9e d\u2019un enregistrement datant de 2020. Gr\u00e9goire a depuis quitt\u00e9 la Russie.<\/p>\n<p><img decoding=\"async\" class=\"emoji td-animation-stack-type0-2\" role=\"img\" draggable=\"false\" src=\"https:\/\/s.w.org\/images\/core\/emoji\/16.0.1\/svg\/1f3a7.svg\" alt=\"\ud83c\udfa7\"\/>\u00a0Son histoire est \u00e0 \u00e9couter dans\u00a0French Expat, le podcast de celles et ceux qui vivent loin de chez eux.<\/p>\n<p>French Expat est un podcast de French Morning qui raconte les parcours de vie des Fran\u00e7ais \u00e9tablis hors de France. Retrouvez-le sur toutes les plateformes d\u2019\u00e9coute :\u00a0<a href=\"https:\/\/open.spotify.com\/show\/7mbdjSHwLKwMnJklpS82x1?si=a4b31995017d45d5\" target=\"_blank\" rel=\"noopener nofollow\">Spotify<\/a>,\u00a0<a href=\"https:\/\/podcasts.apple.com\/us\/podcast\/french-expat\/id1481920701\" target=\"_blank\" rel=\"noopener nofollow\">Apple Podcast<\/a>,\u00a0<a href=\"https:\/\/www.deezer.com\/us\/show\/581642\" target=\"_blank\" rel=\"noopener nofollow\">Deezer<\/a>,\u00a0<a href=\"https:\/\/podcasts.google.com\/feed\/aHR0cHM6Ly9mZWVkLmF1c2hhLmNvL0JEZ0pldXpQRDdqag?sa=X&amp;ved=0CAMQ4aUDahcKEwjIktjGivb5AhUAAAAAHQAAAAAQAQ&amp;hl=fr-US\" target=\"_blank\" rel=\"noopener nofollow\">Google Podcast<\/a>,\u00a0<a href=\"https:\/\/podcastaddict.com\/podcast\/3220121\" target=\"_blank\" rel=\"noopener nofollow\">Podcast Addict<\/a>,\u00a0<a href=\"https:\/\/music.amazon.fr\/podcasts\/d580da21-b486-4f09-8618-f20c6fc0c8a0\/french-expat\" target=\"_blank\" rel=\"noopener nofollow\">Amazon Music<\/a>. Cet \u00e9pisode est racont\u00e9, produit et r\u00e9alis\u00e9 par Anne-Fleur Andrle, habill\u00e9 et mix\u00e9 par Alice Krief.<\/p>\n","protected":false},"excerpt":{"rendered":"\u00ab Je pense que le fait d\u2019habiter \u00e0 l\u2019\u00e9tranger, peut-\u00eatre que je vais dire une b\u00eatise, mais en&hellip;\n","protected":false},"author":2,"featured_media":347362,"comment_status":"","ping_status":"","sticky":false,"template":"","format":"standard","meta":{"footnotes":""},"categories":[1591],"tags":[11,11615,1887,48333,12,3725,1885,1886,132],"class_list":{"0":"post-347361","1":"post","2":"type-post","3":"status-publish","4":"format-standard","5":"has-post-thumbnail","7":"category-russie","8":"tag-actualites","9":"tag-featured","10":"tag-federation-de-russie","11":"tag-french-expat","12":"tag-news","13":"tag-podcast","14":"tag-russia","15":"tag-russian-federation","16":"tag-russie"},"share_on_mastodon":{"url":"https:\/\/pubeurope.com\/@fr\/115100261730376584","error":""},"_links":{"self":[{"href":"https:\/\/www.europesays.com\/fr\/wp-json\/wp\/v2\/posts\/347361","targetHints":{"allow":["GET"]}}],"collection":[{"href":"https:\/\/www.europesays.com\/fr\/wp-json\/wp\/v2\/posts"}],"about":[{"href":"https:\/\/www.europesays.com\/fr\/wp-json\/wp\/v2\/types\/post"}],"author":[{"embeddable":true,"href":"https:\/\/www.europesays.com\/fr\/wp-json\/wp\/v2\/users\/2"}],"replies":[{"embeddable":true,"href":"https:\/\/www.europesays.com\/fr\/wp-json\/wp\/v2\/comments?post=347361"}],"version-history":[{"count":0,"href":"https:\/\/www.europesays.com\/fr\/wp-json\/wp\/v2\/posts\/347361\/revisions"}],"wp:featuredmedia":[{"embeddable":true,"href":"https:\/\/www.europesays.com\/fr\/wp-json\/wp\/v2\/media\/347362"}],"wp:attachment":[{"href":"https:\/\/www.europesays.com\/fr\/wp-json\/wp\/v2\/media?parent=347361"}],"wp:term":[{"taxonomy":"category","embeddable":true,"href":"https:\/\/www.europesays.com\/fr\/wp-json\/wp\/v2\/categories?post=347361"},{"taxonomy":"post_tag","embeddable":true,"href":"https:\/\/www.europesays.com\/fr\/wp-json\/wp\/v2\/tags?post=347361"}],"curies":[{"name":"wp","href":"https:\/\/api.w.org\/{rel}","templated":true}]}}