{"id":347373,"date":"2025-08-27T10:34:16","date_gmt":"2025-08-27T10:34:16","guid":{"rendered":"https:\/\/www.europesays.com\/fr\/347373\/"},"modified":"2025-08-27T10:34:16","modified_gmt":"2025-08-27T10:34:16","slug":"a-quoi-aurait-ressemble-lue-avec-draghi-aux-commandes","status":"publish","type":"post","link":"https:\/\/www.europesays.com\/fr\/347373\/","title":{"rendered":"\u00c0 quoi aurait ressembl\u00e9 l&rsquo;UE avec Draghi aux commandes ?"},"content":{"rendered":"<p>Vous l&rsquo;avez peut-\u00eatre vu sur LinkedIn ou dans les journaux : Mario Draghi a encore parl\u00e9 (et fait parler de lui).<\/p>\n<p>Apr\u00e8s tout, c&rsquo;est le superpouvoir de Super Mario : lorsqu&rsquo;il parle, les gens l&rsquo;\u00e9coutent, ce qui renforce sa r\u00e9putation d&rsquo;orateur essentiel.<\/p>\n<p>La semaine derni\u00e8re, les remarques qu&rsquo;il a formul\u00e9es lors d&rsquo;un forum italien populaire \u00e0 Rimini \u00e9taient particuli\u00e8rement acerbes \u00e0 l&rsquo;\u00e9gard de la trajectoire actuelle de l&rsquo;Union europ\u00e9enne. C&rsquo;est pourquoi sa derni\u00e8re intervention est plus qu&rsquo;un simple discours.<\/p>\n<p>Le moment choisi est \u00e9galement remarquable. Ursula von der Leyen, \u00e0 peine un an apr\u00e8s le d\u00e9but de son second mandat en tant que pr\u00e9sidente de la Commission europ\u00e9enne, fait d\u00e9j\u00e0 <a href=\"https:\/\/fr.news.yahoo.com\/deux-visages-dursula-von-der-053434876.html\" data-ylk=\"slk:l&#039;objet de critiques;elm:context_link;itc:0;sec:content-canvas;outcm:mb_qualified_link;_E:mb_qualified_link;ct:story;\" class=\"link  yahoo-link\" rel=\"nofollow noopener\" target=\"_blank\"><strong>l&rsquo;objet de critiques<\/strong><\/a>.<\/p>\n<p>Peu de gens \u00e0 Bruxelles ont oubli\u00e9 que Mario Draghi a un jour \u00e9t\u00e9 <a href=\"https:\/\/fr.news.yahoo.com\/mario-draghi-futur-pr%C3%A9sident-commisison-173518673.html\" data-ylk=\"slk:pr\u00e9sent\u00e9 comme une alternative potentielle;elm:context_link;itc:0;sec:content-canvas;outcm:mb_qualified_link;_E:mb_qualified_link;ct:story;\" class=\"link  yahoo-link\" rel=\"nofollow noopener\" target=\"_blank\"><strong>pr\u00e9sent\u00e9 comme une alternative potentielle<\/strong><\/a> \u00e0 ce poste, bien qu&rsquo;il ne soit jamais entr\u00e9 officiellement dans la course.<\/p>\n<p>Pourtant, l&rsquo;influence de l&rsquo;ancien gouverneur de la Banque centrale europ\u00e9enne, autrefois <a href=\"https:\/\/fr.news.yahoo.com\/pourrait-succ%C3%A9der-%C3%A0-ursula-von-093742960.html\" data-ylk=\"slk:surnomm\u00e9 le &quot;magicien&quot;;elm:context_link;itc:0;sec:content-canvas;outcm:mb_qualified_link;_E:mb_qualified_link;ct:story;\" class=\"link  yahoo-link\" rel=\"nofollow noopener\" target=\"_blank\"><strong>surnomm\u00e9 le \u00ab\u00a0magicien\u00a0\u00bb<\/strong><\/a> pour ses phrases magiques telles que \u00ab\u00a0whatever it takes\u00a0\u00bb (tout ce qu&rsquo;il faut), continue de planer sur la Commission.<\/p>\n<p>Pour Ursula von der Leyen, sa pr\u00e9sence persiste presque comme un fant\u00f4me hantant son second mandat. Et la question demeure : et si Draghi l&rsquo;avait remplac\u00e9e ?<\/p>\n<p>En s&rsquo;appuyant sur le r\u00e9cent discours de Mario Draghi et sur son rapport surestim\u00e9, on peut imaginer une pr\u00e9sidence alternative de la Commission sous sa direction&#8230;<\/p>\n<p><strong>L&rsquo;Europe g\u00e9opolitique (pour de vrai)<\/strong><img decoding=\"async\" class=\"caas-img caas-lazy has-preview\" alt=\"Ursula von der Leyen re\u00e7oit Mario Draghi au Berlaymont, le si\u00e8ge de la Commission europ\u00e9enne, en vue des \u00e9lections europ\u00e9ennes de 2024.\" src=\"https:\/\/www.europesays.com\/fr\/wp-content\/uploads\/2025\/08\/154686702d867d83dcb1d944d813c64a.jpeg\"\/><\/p>\n<p> Ursula von der Leyen re\u00e7oit Mario Draghi au Berlaymont, le si\u00e8ge de la Commission europ\u00e9enne, en vue des \u00e9lections europ\u00e9ennes de 2024.   &#8211; European Union <\/p>\n<p>Cela fait une d\u00e9cennie que Bruxelles promet un r\u00f4le plus affirm\u00e9 de l&rsquo;UE sur la sc\u00e8ne internationale, Jean-Claude Juncker a qualifi\u00e9 sa Commission de \u00ab\u00a0politique\u00a0\u00bb, von der Leyen a qualifi\u00e9 son premier mandat de \u00ab\u00a0g\u00e9opolitique\u00a0\u00bb.<\/p>\n<p>Le verdict de Draghi ? Il s&rsquo;agit encore d&rsquo;un v\u0153u pieux. Il a cit\u00e9 l&rsquo;Ukraine comme l&rsquo;exemple le plus clair : L&rsquo;Europe a pay\u00e9 les plus grosses factures et a le plus grand int\u00e9r\u00eat \u00e0 la paix, mais \u00ab\u00a0jusqu&rsquo;\u00e0 pr\u00e9sent, elle n&rsquo;a jou\u00e9 qu&rsquo;un r\u00f4le assez marginal dans les n\u00e9gociations de paix\u00a0\u00bb, a d\u00e9clar\u00e9 l&rsquo;ancien pr\u00e9sident de la BCE.<\/p>\n<p>En ce qui concerne le Moyen-Orient, il a accus\u00e9 l&rsquo;UE d&rsquo;avoir \u00e9t\u00e9 \u00ab\u00a0spectatrice du bombardement des sites nucl\u00e9aires iraniens et de l&rsquo;intensification du massacre \u00e0 Gaza\u00a0\u00bb. Mario Draghi ne m\u00e2che pas ses mots,* remarquez le choix des mots pour Gaza : Ursula von der Leyen n&rsquo;est, elle, jamais all\u00e9e plus loin que \u00ab\u00a0situation humanitaire catastrophique\u00a0\u00bb.<\/p>\n<p>Son avertissement est que l&rsquo;id\u00e9e que l&rsquo;\u00e9conomie seule ach\u00e8te le pouvoir g\u00e9opolitique est morte. L&rsquo;Europe doit cesser d&rsquo;\u00eatre un \u00ab\u00a0acteur de soutien\u00a0\u00bb et devenir un protagoniste, ce qui, dans le jargon de Mario Draghi, signifie qu&rsquo;il faut rec\u00e2bler la machinerie politique de l&rsquo;UE.<\/p>\n<p><strong>Dans un autre monde :<\/strong> avec Draghi \u00e0 la barre, on aurait pu s&rsquo;attendre \u00e0 ce que l&rsquo;UE soit plus bruyante sur les crises mondiales (en tirant parti de sa stature pour faire entendre la voix de l&rsquo;Europe). Mais on aurait \u00e9galement pu s&rsquo;attendre \u00e0 des luttes plus intenses au sein de l&rsquo;Union, avec des pays allergiques \u00e0 une int\u00e9gration politique plus pouss\u00e9e.<\/p>\n<p><b class=\"c-widget-related__title__text\">Related<\/b><\/p>\n<p><strong>Droits de douane am\u00e9ricains et nouvel ordre commercial<\/strong><img decoding=\"async\" class=\"caas-img caas-lazy has-preview\" alt=\"L'accord commercial conclu en juillet dernier sur le terrain de golf Trump de Turnberry, en \u00c9cosse, a \u00e9t\u00e9 critiqu\u00e9 par Mario Draghi.\" src=\"https:\/\/www.europesays.com\/fr\/wp-content\/uploads\/2025\/08\/4f75a6fe1e6ab50bef1d69e8edc9eccf.jpeg\"\/><\/p>\n<p> L&rsquo;accord commercial conclu en juillet dernier sur le terrain de golf Trump de Turnberry, en \u00c9cosse, a \u00e9t\u00e9 critiqu\u00e9 par Mario Draghi.   &#8211; AP Photo <\/p>\n<p>Les propos les plus acerbes de Mario Draghi ont toutefois \u00e9t\u00e9 r\u00e9serv\u00e9s au commerce et au <a href=\"https:\/\/fr.news.yahoo.com\/l-union-europ%C3%A9enne-%C3%A9tats-unis-185928232.html\" data-ylk=\"slk:sommet von der Leyen-Trump;elm:context_link;itc:0;sec:content-canvas;outcm:mb_qualified_link;_E:mb_qualified_link;ct:story;\" class=\"link  yahoo-link\" rel=\"nofollow noopener\" target=\"_blank\"><strong>sommet von der Leyen-Trump<\/strong><\/a> en \u00c9cosse. \u00ab\u00a0Nous avons d\u00fb nous r\u00e9signer aux droits de douane impos\u00e9s par notre principal partenaire commercial et alli\u00e9 de longue date\u00a0\u00bb, a-t-il d\u00e9clar\u00e9.<\/p>\n<p>Il s&rsquo;agit plus d&rsquo;un jugement de la part de Draghi que d&rsquo;une d\u00e9claration claire sur ce qu&rsquo;il aurait fait diff\u00e9remment. Apr\u00e8s tout, les n\u00e9gociations commerciales reposent largement sur les opinions des \u00c9tats membres.<\/p>\n<p>N\u00e9anmoins, il est difficile d&rsquo;imaginer Draghi se rendant sur le terrain de golf de Trump et approuvant publiquement la th\u00e8se am\u00e9ricaine du d\u00e9s\u00e9quilibre, comme l&rsquo;a fait Ursula von der Leyen. \u00c0 l&rsquo;\u00e9poque, elle a reconnu \u00ab\u00a0un exc\u00e9dent de notre c\u00f4t\u00e9 et un d\u00e9ficit du c\u00f4t\u00e9 am\u00e9ricain\u00a0\u00bb, une d\u00e9claration qui a ouvert la voie \u00e0 l&rsquo;accord tarifaire asym\u00e9trique de 15 % entre Bruxelles et Washington.<\/p>\n<p>Le contraste s&rsquo;\u00e9tend au-del\u00e0 de l&rsquo;accord avec Trump, car Mme Von der Leyen respecte toujours <a href=\"https:\/\/fr.news.yahoo.com\/ursula-von-der-leyen-propose-095121936.html\" data-ylk=\"slk:les r\u00e8gles du jeu;elm:context_link;itc:0;sec:content-canvas;outcm:mb_qualified_link;_E:mb_qualified_link;ct:story;\" class=\"link  yahoo-link\" rel=\"nofollow noopener\" target=\"_blank\"><strong>les r\u00e8gles du jeu<\/strong><\/a> en mati\u00e8re de commerce.<\/p>\n<p>Dans un article d&rsquo;opinion, qui semblait <a href=\"https:\/\/fr.finance.yahoo.com\/actualites\/ue-%C3%A9tats-unis-von-der-131909926.html\" data-ylk=\"slk:r\u00e9pondre en partie au discours de M. Draghi;elm:context_link;itc:0;sec:content-canvas;outcm:mb_qualified_link;_E:mb_qualified_link;ct:story;\" class=\"link  yahoo-link\" rel=\"nofollow noopener\" target=\"_blank\"><strong>r\u00e9pondre en partie au discours de M. Draghi<\/strong><\/a>, publi\u00e9 la semaine derni\u00e8re, elle a soutenu que les partenariats commerciaux aideraient \u00e0 \u00ab\u00a0travailler sur des d\u00e9fis mondiaux communs, y compris la modernisation du syst\u00e8me commercial fond\u00e9 sur des r\u00e8gles\u00a0\u00bb.<\/p>\n<p>L&rsquo;ancien Premier ministre italien, en revanche, s&rsquo;est montr\u00e9 plus pessimiste : les dirigeants europ\u00e9ens, a-t-il d\u00e9clar\u00e9, \u00ab\u00a0doivent concevoir une politique commerciale adapt\u00e9e \u00e0 un monde qui abandonne les r\u00e8gles multilat\u00e9rales\u00a0\u00bb.<\/p>\n<p><strong>Dans un autre monde :<\/strong> une Commission dirig\u00e9e par Mario Draghi aurait pu adopter une ligne plus dure dans les n\u00e9gociations commerciales transatlantiques, risquant ainsi des affrontements similaires \u00e0 ceux du Canada et de la Chine avec les \u00c9tats-Unis, et adopter une politique commerciale plus controvers\u00e9e, s&rsquo;\u00e9loignant potentiellement du multilat\u00e9ralisme de l&rsquo;OMC.<\/p>\n<p><b class=\"c-widget-related__title__text\">Related<\/b><\/p>\n<p><strong>La comp\u00e9titivit\u00e9 europ\u00e9enne enti\u00e8rement revisit\u00e9e<\/strong><img decoding=\"async\" class=\"caas-img caas-lazy has-preview\" alt=\"Mario Draghi et Ursula von der Leyen lors de la pr\u00e9sentation du rapport sur l'avenir de la comp\u00e9titivit\u00e9 europ\u00e9enne r\u00e9dig\u00e9 par l'ancien gouverneur de la BCE.\" src=\"https:\/\/www.europesays.com\/fr\/wp-content\/uploads\/2025\/08\/6ee727c9cb10f56c45c67e2f70d6fad3.jpeg\"\/><\/p>\n<p> Mario Draghi et Ursula von der Leyen lors de la pr\u00e9sentation du rapport sur l&rsquo;avenir de la comp\u00e9titivit\u00e9 europ\u00e9enne r\u00e9dig\u00e9 par l&rsquo;ancien gouverneur de la BCE.   &#8211; European Union <\/p>\n<p>L&rsquo;ombre de Draghi plane toujours \u00e0 Bruxelles, non seulement comme le fant\u00f4me de la voie non emprunt\u00e9e, mais aussi comme l&rsquo;auteur du <a href=\"https:\/\/fr.finance.yahoo.com\/actualites\/mario-draghi-appelle-%C3%A0-emprunt-073851690.html\" data-ylk=\"slk:rapport sur la comp\u00e9titivit\u00e9;elm:context_link;itc:0;sec:content-canvas;outcm:mb_qualified_link;_E:mb_qualified_link;ct:story;\" class=\"link  yahoo-link\" rel=\"nofollow noopener\" target=\"_blank\"><strong>rapport sur la comp\u00e9titivit\u00e9<\/strong><\/a> que la pr\u00e9sidente de la Commission a elle-m\u00eame command\u00e9.<\/p>\n<p>La divergence entre eux est remarquable : pour Ursula von der Leyen, la comp\u00e9titivit\u00e9 peut \u00eatre atteinte en grande partie dans les cadres existants, tandis que pour Mario Draghi, l&rsquo;Europe doit d&rsquo;abord reconna\u00eetre que le contexte mondial dans lequel elle prosp\u00e9rait autrefois a disparu.<\/p>\n<p>\u00c0 Rimini, l&rsquo;ex-chef de la BCE, l&rsquo;a dit sans d\u00e9tours : \u00ab\u00a0L\u00e0 o\u00f9 l&rsquo;on s&rsquo;en remettait autrefois aux march\u00e9s pour guider l&rsquo;\u00e9conomie, on trouve aujourd&rsquo;hui des politiques industrielles radicales. L\u00e0 o\u00f9 il y avait le respect des r\u00e8gles, il y a aujourd&rsquo;hui l&rsquo;utilisation de la force militaire et du pouvoir \u00e9conomique pour prot\u00e9ger les int\u00e9r\u00eats nationaux\u00a0\u00bb.<\/p>\n<p>Selon Mario Draghi, l&rsquo;Europe est \u00ab\u00a0mal \u00e9quip\u00e9e\u00a0\u00bb pour faire face \u00e0 cette nouvelle r\u00e9alit\u00e9 si elle ne r\u00e9organise pas ses m\u00e9canismes politiques et \u00e9conomiques.<\/p>\n<p>Concr\u00e8tement, la vision d&rsquo;Ursula von der Leyen se traduit par le fait qu&rsquo;elle continue de miser sur le secteur priv\u00e9 pour assurer la comp\u00e9titivit\u00e9, par exemple.<\/p>\n<p>Mario Draghi n&rsquo;est pas d&rsquo;accord : les entreprises europ\u00e9ennes se sont d\u00e9j\u00e0 adapt\u00e9es, tandis que le secteur public est \u00e0 la tra\u00eene. Selon lui, les gouvernements doivent prendre les devants, d\u00e9finir les industries prioritaires et, surtout, se mettre d&rsquo;accord sur la mani\u00e8re de financer les \u00ab\u00a0investissements massifs\u00a0\u00bb qui seront n\u00e9cessaires.<\/p>\n<p><strong>Dans un autre monde :<\/strong> un ex\u00e9cutif europ\u00e9en de Mario Draghi se serait appuy\u00e9 sur les gouvernements (plut\u00f4t que de compter uniquement sur le budget de l&rsquo;UE) pour financer un red\u00e9marrage de la comp\u00e9titivit\u00e9. Moins de lib\u00e9ralisme de march\u00e9, plus de politique industrielle, une demande beaucoup dure \u00e0 accepter pour les \u00e9tats membres.<\/p>\n<p><b class=\"c-widget-related__title__text\">Related<\/b><\/p>\n<p><strong>La finalisation du march\u00e9 int\u00e9rieur, pas seulement une simplification<\/strong><\/p>\n<p>La pr\u00e9sidente de la Commission europ\u00e9enne <a href=\"https:\/\/fr.finance.yahoo.com\/actualites\/comp%C3%A9titivit%C3%A9-commission-europ%C3%A9enne-annonce-effort-202221263.html\" data-ylk=\"slk:aime \u00e0 parler de la bureaucratie;elm:context_link;itc:0;sec:content-canvas;outcm:mb_qualified_link;_E:mb_qualified_link;ct:story;\" class=\"link  yahoo-link\" rel=\"nofollow noopener\" target=\"_blank\"><strong>aime \u00e0 parler de la bureaucratie<\/strong><\/a> comme du principal obstacle \u00e0 la comp\u00e9titivit\u00e9 de l&rsquo;Europe. Son second mandat a d\u00e9j\u00e0 <a href=\"https:\/\/fr.news.yahoo.com\/commission-europ%C3%A9enne-annonce-simplification-obligations-171500001.html\" data-ylk=\"slk:d\u00e9bouch\u00e9 sur des &quot;paquets omnibus&quot;;elm:context_link;itc:0;sec:content-canvas;outcm:mb_qualified_link;_E:mb_qualified_link;ct:story;\" class=\"link  yahoo-link\" rel=\"nofollow noopener\" target=\"_blank\"><strong>d\u00e9bouch\u00e9 sur des \u00ab\u00a0paquets omnibus\u00a0\u00bb<\/strong><\/a> visant \u00e0 supprimer les r\u00e8gles de l&rsquo;UE et \u00e0 rationaliser la bureaucratie.<\/p>\n<p>Mario Draghi, quant \u00e0 lui, voit le probl\u00e8me diff\u00e9remment. \u00c0 Rimini, il a d\u00e9plor\u00e9 \u00ab\u00a0la lenteur des march\u00e9s publics, l&rsquo;augmentation des co\u00fbts\u00a0\u00bb et \u00ab\u00a0les obstacles que nous nous imposons \u00e0 nous-m\u00eames\u00a0\u00bb, mais il n&rsquo;a pas appel\u00e9 \u00e0 la d\u00e9r\u00e9glementation.<\/p>\n<p>Son message : arr\u00eater le bricolage et finir le travail, en appelant \u00e0 la finalisation du march\u00e9 int\u00e9rieur de l&rsquo;Union.<\/p>\n<p>\u00ab\u00a0L&rsquo;Acte pour le march\u00e9 unique a \u00e9t\u00e9 adopt\u00e9 il y a pr\u00e8s de quarante ans, et pourtant des obstacles importants au commerce en Europe subsistent. Leur suppression aurait un impact substantiel sur la croissance de l&rsquo;Europe\u00a0\u00bb, a d\u00e9clar\u00e9 l&rsquo;ancien pr\u00e9sident de la BCE.<\/p>\n<p>Traduction : Le probl\u00e8me de l&rsquo;Europe n&rsquo;est pas qu&rsquo;il y a trop de r\u00e8gles, c&rsquo;est que le march\u00e9 unique n&rsquo;est encore qu&rsquo;\u00e0 moiti\u00e9 construit.<\/p>\n<p>Il a \u00e9galement invit\u00e9 l&rsquo;UE \u00e0 exp\u00e9rimenter de nouvelles formes d&rsquo;int\u00e9gration, telles qu&rsquo;un \u00ab\u00a028e r\u00e9gime\u00a0\u00bb, qui s&rsquo;apparenterait \u00e0 la cr\u00e9ation d&rsquo;un \u00ab\u00a0Delaware europ\u00e9en\u00a0\u00bb pour l&rsquo;enregistrement des entreprises. Aux \u00c9tats-Unis, ce petit \u00e9tat domicilie une grande partie des entreprises du pays gr\u00e2ce \u00e0, entre autres, une bureaucratie simplifi\u00e9e.<\/p>\n<p>Il s&rsquo;agirait d&rsquo;un cadre optionnel pour les entreprises \u00e0 l&rsquo;\u00e9chelle de l&rsquo;UE, destin\u00e9 \u00e0 r\u00e9duire la fragmentation et \u00e0 donner aux entreprises une v\u00e9ritable assise continentale. Bruxelles a sembl\u00e9 int\u00e9ress\u00e9e par l&rsquo;id\u00e9e, et Ursula von der Leyen l&rsquo;a m\u00eame cit\u00e9e dans ses orientations politiques, mais elle est toujours bloqu\u00e9e dans la pile des dossiers \u00ab\u00a0\u00e0 l&rsquo;\u00e9tude\u00a0\u00bb.<\/p>\n<p><strong>Dans un autre monde :<\/strong> Mario Draghi aurait fait de l&rsquo;ach\u00e8vement du march\u00e9 unique un projet phare d\u00e8s le premier jour, en mettant en avant les dossiers bloqu\u00e9s au lieu de d\u00e9manteler les r\u00e8gles existantes sous pr\u00e9texte de la simplification.<\/p>\n<p><b class=\"c-widget-related__title__text\">Related<\/b><\/p>\n<p><strong>Une d\u00e9fense europ\u00e9enne pour les Europ\u00e9ens<\/strong><\/p>\n<p>L&rsquo;un des points sur lesquels Draghi et von der Leyen convergent est la n\u00e9cessit\u00e9 de <a href=\"https:\/\/fr.news.yahoo.com\/secteur-europ%C3%A9en-d%C3%A9fense-tourne-lespace-094437265.html\" data-ylk=\"slk:renforcer la d\u00e9fense de l&#039;Europe;elm:context_link;itc:0;sec:content-canvas;outcm:mb_qualified_link;_E:mb_qualified_link;ct:story;\" class=\"link  yahoo-link\" rel=\"nofollow noopener\" target=\"_blank\"><strong>renforcer la d\u00e9fense de l&rsquo;Europe<\/strong><\/a>.<\/p>\n<p>Tous deux souhaitent une augmentation des d\u00e9penses. Mais le discours de Mario Draghi est plus percutant.<\/p>\n<p>La ligne directrice de son discours est que \u00ab\u00a0la force \u00e9conomique est une condition n\u00e9cessaire mais non suffisante pour la force g\u00e9opolitique\u00a0\u00bb, affirmant que l&rsquo;illusion selon laquelle la puissance \u00e9conomique de l&rsquo;Europe pouvait \u00e0 elle seule se traduire par une influence sur la sc\u00e8ne mondiale s&rsquo;est \u00ab\u00a0\u00e9vapor\u00e9e\u00a0\u00bb.<\/p>\n<p>La d\u00e9fense, a-t-il laiss\u00e9 entendre, est ce qui compte vraiment.<\/p>\n<p>Et tandis qu&rsquo;Ursula von der Leyen parle de plus d&rsquo;argent pour les arm\u00e9es europ\u00e9ennes, l&rsquo;ex-chef de la BCE pr\u00e9vient que la pression actuelle est moins li\u00e9e \u00e0 la vision strat\u00e9gique de l&rsquo;Europe qu&rsquo;\u00e0 la pression des \u00c9tats-Unis.<\/p>\n<p>\u00ab\u00a0Nous avons \u00e9galement \u00e9t\u00e9 pouss\u00e9s par ce m\u00eame alli\u00e9 \u00e0 augmenter les d\u00e9penses militaires, une d\u00e9cision que nous aurions peut-\u00eatre d\u00fb prendre de toute fa\u00e7on, mais sous des formes et d&rsquo;une mani\u00e8re qui auraient probablement refl\u00e9t\u00e9 plus fid\u00e8lement les int\u00e9r\u00eats de l&rsquo;Europe\u00a0\u00bb, a-t-il d\u00e9clar\u00e9.<\/p>\n<p><strong>Dans un autre monde :<\/strong> sous la pr\u00e9sidence de Mario Draghi, l&rsquo;UE aurait pu adopter une doctrine plus stricte en mati\u00e8re d&rsquo;autonomie strat\u00e9gique dans le domaine de la d\u00e9fense, se rapprochant ainsi de la vision d&rsquo;Emmanuel Macron, qui souhaite que l&rsquo;Europe ne d\u00e9pende plus des \u00c9tats-Unis.<\/p>\n","protected":false},"excerpt":{"rendered":"Vous l&rsquo;avez peut-\u00eatre vu sur LinkedIn ou dans les journaux : Mario Draghi a encore parl\u00e9 (et fait&hellip;\n","protected":false},"author":2,"featured_media":347374,"comment_status":"","ping_status":"","sticky":false,"template":"","format":"standard","meta":{"footnotes":""},"categories":[1586],"tags":[11,2196,1777,674,1779,1011,27,17912,12,25,1778,364,2544],"class_list":{"0":"post-347373","1":"post","2":"type-post","3":"status-publish","4":"format-standard","5":"has-post-thumbnail","7":"category-europe","8":"tag-actualites","9":"tag-commission-europeenne","10":"tag-eu","11":"tag-europe","12":"tag-european-union","13":"tag-fr","14":"tag-france","15":"tag-mario-draghi","16":"tag-news","17":"tag-republique-francaise","18":"tag-ue","19":"tag-union-europeenne","20":"tag-ursula-von-der-leyen"},"share_on_mastodon":{"url":"https:\/\/pubeurope.com\/@fr\/115100285052736126","error":""},"_links":{"self":[{"href":"https:\/\/www.europesays.com\/fr\/wp-json\/wp\/v2\/posts\/347373","targetHints":{"allow":["GET"]}}],"collection":[{"href":"https:\/\/www.europesays.com\/fr\/wp-json\/wp\/v2\/posts"}],"about":[{"href":"https:\/\/www.europesays.com\/fr\/wp-json\/wp\/v2\/types\/post"}],"author":[{"embeddable":true,"href":"https:\/\/www.europesays.com\/fr\/wp-json\/wp\/v2\/users\/2"}],"replies":[{"embeddable":true,"href":"https:\/\/www.europesays.com\/fr\/wp-json\/wp\/v2\/comments?post=347373"}],"version-history":[{"count":0,"href":"https:\/\/www.europesays.com\/fr\/wp-json\/wp\/v2\/posts\/347373\/revisions"}],"wp:featuredmedia":[{"embeddable":true,"href":"https:\/\/www.europesays.com\/fr\/wp-json\/wp\/v2\/media\/347374"}],"wp:attachment":[{"href":"https:\/\/www.europesays.com\/fr\/wp-json\/wp\/v2\/media?parent=347373"}],"wp:term":[{"taxonomy":"category","embeddable":true,"href":"https:\/\/www.europesays.com\/fr\/wp-json\/wp\/v2\/categories?post=347373"},{"taxonomy":"post_tag","embeddable":true,"href":"https:\/\/www.europesays.com\/fr\/wp-json\/wp\/v2\/tags?post=347373"}],"curies":[{"name":"wp","href":"https:\/\/api.w.org\/{rel}","templated":true}]}}