{"id":347383,"date":"2025-08-27T10:41:10","date_gmt":"2025-08-27T10:41:10","guid":{"rendered":"https:\/\/www.europesays.com\/fr\/347383\/"},"modified":"2025-08-27T10:41:10","modified_gmt":"2025-08-27T10:41:10","slug":"us-open-tsitsipas-enfin-performant-chambre-alcaraz","status":"publish","type":"post","link":"https:\/\/www.europesays.com\/fr\/347383\/","title":{"rendered":"US Open > Tsitsipas enfin performant chambre Alcaraz !"},"content":{"rendered":"<p>A l\u2019issue de sa belle victoire face \u00e0 Alexandre M\u00fcller (4\u22126, 6\u20131, 6\u20130, 7\u20136) o\u00f9 il a \u00e9t\u00e9 vrai\u00adment impres\u00adsion\u00adnant durant deux sets, Stefanos \u00e9tait heureux et soulag\u00e9 car ce succ\u00e8s stop\u00adpait une s\u00e9rie plut\u00f4t n\u00e9ga\u00adtive de d\u00e9faites surprises.\u00a0<\/p>\n<blockquote class=\"twitter-tweet\">\n<p lang=\"es\" dir=\"ltr\">se lo ve tan feliz \ud83d\ude2d\ud83e\udef6\ud83c\udffb <a href=\"https:\/\/t.co\/Limg2FMSF8\" data-wpel-link=\"external\" target=\"_blank\" rel=\"nofollow external noopener\">pic.twitter.com\/Limg2FMSF8<\/a><\/p>\n<p>\u2014 dee \ud83d\udc2c (@tsitsidees) <a href=\"https:\/\/twitter.com\/tsitsidees\/status\/1960481303385792776?ref_src=twsrc%5Etfw\" data-wpel-link=\"external\" target=\"_blank\" rel=\"nofollow external noopener\">August 26,\u00a02025<\/a><\/p><\/blockquote>\n<p>Du coup, pour f\u00eater ce succ\u00e8s, Tsitsipas a d\u00e9cid\u00e9 de faire un petit clin d\u2019oeil \u00e0 Carlos Alcaraz. On attend main\u00adte\u00adnant avec impa\u00adtience la r\u00e9ponse Carlitos.<\/p>\n<p class=\"post-published-date\" style=\"color: silver; font-size: 75%; text-align: left;\">Publi\u00e9 le mercredi 27 ao\u00fbt 2025 \u00e0 10:45<\/p>\n<p><script async src=\"https:\/\/platform.twitter.com\/widgets.js\" charset=\"utf-8\"><\/script><\/p>\n","protected":false},"excerpt":{"rendered":"A l\u2019issue de sa belle victoire face \u00e0 Alexandre M\u00fcller (4\u22126, 6\u20131, 6\u20130, 7\u20136) o\u00f9 il a \u00e9t\u00e9&hellip;\n","protected":false},"author":2,"featured_media":347384,"comment_status":"","ping_status":"","sticky":false,"template":"","format":"standard","meta":{"footnotes":""},"categories":[1415],"tags":[1744,1011,27,60,1467,5443],"class_list":{"0":"post-347383","1":"post","2":"type-post","3":"status-publish","4":"format-standard","5":"has-post-thumbnail","7":"category-tennis","8":"tag-alcaraz","9":"tag-fr","10":"tag-france","11":"tag-sports","12":"tag-tennis","13":"tag-tsitsipas"},"share_on_mastodon":{"url":"https:\/\/pubeurope.com\/@fr\/115100312036442901","error":""},"_links":{"self":[{"href":"https:\/\/www.europesays.com\/fr\/wp-json\/wp\/v2\/posts\/347383","targetHints":{"allow":["GET"]}}],"collection":[{"href":"https:\/\/www.europesays.com\/fr\/wp-json\/wp\/v2\/posts"}],"about":[{"href":"https:\/\/www.europesays.com\/fr\/wp-json\/wp\/v2\/types\/post"}],"author":[{"embeddable":true,"href":"https:\/\/www.europesays.com\/fr\/wp-json\/wp\/v2\/users\/2"}],"replies":[{"embeddable":true,"href":"https:\/\/www.europesays.com\/fr\/wp-json\/wp\/v2\/comments?post=347383"}],"version-history":[{"count":0,"href":"https:\/\/www.europesays.com\/fr\/wp-json\/wp\/v2\/posts\/347383\/revisions"}],"wp:featuredmedia":[{"embeddable":true,"href":"https:\/\/www.europesays.com\/fr\/wp-json\/wp\/v2\/media\/347384"}],"wp:attachment":[{"href":"https:\/\/www.europesays.com\/fr\/wp-json\/wp\/v2\/media?parent=347383"}],"wp:term":[{"taxonomy":"category","embeddable":true,"href":"https:\/\/www.europesays.com\/fr\/wp-json\/wp\/v2\/categories?post=347383"},{"taxonomy":"post_tag","embeddable":true,"href":"https:\/\/www.europesays.com\/fr\/wp-json\/wp\/v2\/tags?post=347383"}],"curies":[{"name":"wp","href":"https:\/\/api.w.org\/{rel}","templated":true}]}}