{"id":347400,"date":"2025-08-27T10:52:11","date_gmt":"2025-08-27T10:52:11","guid":{"rendered":"https:\/\/www.europesays.com\/fr\/347400\/"},"modified":"2025-08-27T10:52:11","modified_gmt":"2025-08-27T10:52:11","slug":"cinema-lepreuve-du-feu-celle-de-la-fidelite-et-de-la-droiture","status":"publish","type":"post","link":"https:\/\/www.europesays.com\/fr\/347400\/","title":{"rendered":"[CIN\u00c9MA] L\u2019\u00c9preuve du feu, celle de la fid\u00e9lit\u00e9 et de la droiture"},"content":{"rendered":"<p>Comme chaque \u00e9t\u00e9, Hugo, dix-neuf ans, occupe la maison familiale de Noirmoutier, sur la c\u00f4te atlantique. Cette fois, l\u2019excitation est \u00e0 son comble puisque sa nouvelle copine depuis trois mois vient le rejoindre. Lui qui, jusqu\u2019\u00e0 l\u2019ann\u00e9e derni\u00e8re encore, \u00e9tait ob\u00e8se, se sent flatt\u00e9 d\u2019avoir pu capter l\u2019attention d\u2019une fille aussi jolie et sensuelle que Queen. L\u00e9g\u00e8rement cagole, avec son accent m\u00e9ridional de Toulon, cette jeune esth\u00e9ticienne, sp\u00e9cialiste dans l\u2019art de d\u00e9corer les ongles, est aussi solaire et souriante qu\u2019il est timide et introverti. Pleine de verve, dr\u00f4le, le c\u0153ur sur la main, elle n\u2019a pas son pareil pour mettre \u00e0 l\u2019aise ses interlocuteurs.<\/p>\n<p>Heureux et fier de se promener \u00e0 ses c\u00f4t\u00e9s sur les plages de l\u2019\u00eele, Hugo commence \u00e0 changer d\u2019attitude \u00e0 son \u00e9gard quand les jeunes du coin, qu\u2019il fr\u00e9quente depuis son enfance \u2013 des Parisiens venus comme lui se goberger l\u2019\u00e9t\u00e9 aux frais de papa et maman \u2013, t\u00e9moignent un m\u00e9pris \u00e0 peine voil\u00e9 pour Queen. Alors, le jeune homme p\u00e9tri de complexes, obs\u00e9d\u00e9 depuis toujours par le regard des autres, va se muer peu \u00e0 peu en goujat de la pire esp\u00e8ce\u2026<\/p>\n<p>Une fille bien, trait\u00e9e de fa\u00e7on ignoble<\/p>\n<p>R\u00e9alis\u00e9 par Aur\u00e9lien Peyre, L\u2019\u00c9preuve du feu s\u2019inspire, en l\u2019\u00e9tirant, du pr\u00e9c\u00e9dent moyen-m\u00e9trage de l\u2019auteur, Coqueluche, sorti en 2022. Troquant pour raisons techniques l\u2019\u00eele de Br\u00e9hat pour celle de Noirmoutier, ce r\u00e9cit cruel et r\u00e9voltant \u00e0 la fois est moins le portait d\u2019un gar\u00e7on paum\u00e9, influen\u00e7able et ind\u00e9cis sentimentalement que celui d\u2019une fille touchante et faussement superficielle (Anja Verderosa, la r\u00e9v\u00e9lation du film) sur qui tout le monde s\u2019essuie les pieds de fa\u00e7on absolument ignoble.<\/p>\n<p>Avec tout ce qu\u2019elle subit, cette Loana de la g\u00e9n\u00e9ration Z se r\u00e9v\u00e8le, en d\u00e9finitive, plus finaude, plus humaine et mieux \u00e9duqu\u00e9e que ce ramassis de petit bourgeois parisiens pleins de fric et de coca\u00efne, bien \u00e0 gauche et dans tous les clich\u00e9s de leur \u00e9poque. En atteste cette s\u00e9quence \u00e9difiante o\u00f9 le personnage de Colombe, pseudo-artiste qui dessine des pubis poilus pour lutter \u00ab contre le patriarcat \u00bb et se faire mousser, vole dans les plumes de l\u2019esth\u00e9ticienne qui a eu la maladresse de salir l\u2019une de ses \u00ab \u0153uvres \u00bb\u2026<\/p>\n<p>La jeunesse en pleine lutte des classes<\/p>\n<p>Plus largement, le film d\u2019Aur\u00e9lien Peyre nous d\u00e9crit deux jeunesses (il en manque une\u2026) qui n\u2019ont plus grand-chose \u00e0 se dire et se regardent en chiens de fa\u00efence : celle des couches populaires traditionnelles, qui vivent souvent en marge des grandes villes ou dans la France p\u00e9riph\u00e9rique, et celle des bobos m\u00e9tropolitains qui vivent au c\u0153ur de l\u2019activit\u00e9 \u00e9conomique, b\u00e9n\u00e9ficient des (rares) bienfaits de la mondialisation, se sentent malgr\u00e9 tout permis de donner des le\u00e7ons de morale \u00e0 la Terre enti\u00e8re, mais sont incapables de faire preuve d\u2019empathie dans les rapports concrets avec autrui.<\/p>\n<p>Dans ce contexte tendu, L&rsquo;\u00c9preuve du feu n\u2019est pas uniquement celle de la fid\u00e9lit\u00e9, que doit relever Hugo (F\u00e9lix Lefebvre, toujours excellent), mais \u00e9galement celle de la multitude, du groupe, de ces individus qui viennent tout faire capoter entre deux \u00eatres par leur profonde stupidit\u00e9 et leur incons\u00e9quence, et qu\u2019il faut regarder droit dans les yeux avec un souverain m\u00e9pris.<\/p>\n<p>3,5 \u00e9toiles sur 5<\/p>\n<\/p>\n<p>                    <a href=\"#\" rel=\"nofollow\" onclick=\"window.print(); pfTrackEvent('[CIN\u00c9MA] &lt;i&gt;L\u2019\u00c9preuve du feu&lt;\/i&gt;, celle de la fid\u00e9lit\u00e9 et de la droiture'); return false;\" title=\"Printer Friendly, PDF &amp; Email\"><br \/>\n                    <img decoding=\"async\" src=\"https:\/\/www.europesays.com\/fr\/wp-content\/uploads\/2025\/04\/printfriendly-icon-sm.png\" alt=\"Print Friendly, PDF &amp; Email\" class=\"pf-button-img\" style=\"width: 17px;height: 17px;\"\/>Imprimer, enregistrer en PDF cet article<br \/>\n                    <\/a><\/p>\n","protected":false},"excerpt":{"rendered":"Comme chaque \u00e9t\u00e9, Hugo, dix-neuf ans, occupe la maison familiale de Noirmoutier, sur la c\u00f4te atlantique. Cette fois,&hellip;\n","protected":false},"author":2,"featured_media":347401,"comment_status":"","ping_status":"","sticky":false,"template":"","format":"standard","meta":{"footnotes":""},"categories":[1354],"tags":[58,59,1346,1011,27,1360],"class_list":{"0":"post-347400","1":"post","2":"type-post","3":"status-publish","4":"format-standard","5":"has-post-thumbnail","7":"category-films","8":"tag-divertissement","9":"tag-entertainment","10":"tag-films","11":"tag-fr","12":"tag-france","13":"tag-movies"},"share_on_mastodon":{"url":"https:\/\/pubeurope.com\/@fr\/115100355367764507","error":""},"_links":{"self":[{"href":"https:\/\/www.europesays.com\/fr\/wp-json\/wp\/v2\/posts\/347400","targetHints":{"allow":["GET"]}}],"collection":[{"href":"https:\/\/www.europesays.com\/fr\/wp-json\/wp\/v2\/posts"}],"about":[{"href":"https:\/\/www.europesays.com\/fr\/wp-json\/wp\/v2\/types\/post"}],"author":[{"embeddable":true,"href":"https:\/\/www.europesays.com\/fr\/wp-json\/wp\/v2\/users\/2"}],"replies":[{"embeddable":true,"href":"https:\/\/www.europesays.com\/fr\/wp-json\/wp\/v2\/comments?post=347400"}],"version-history":[{"count":0,"href":"https:\/\/www.europesays.com\/fr\/wp-json\/wp\/v2\/posts\/347400\/revisions"}],"wp:featuredmedia":[{"embeddable":true,"href":"https:\/\/www.europesays.com\/fr\/wp-json\/wp\/v2\/media\/347401"}],"wp:attachment":[{"href":"https:\/\/www.europesays.com\/fr\/wp-json\/wp\/v2\/media?parent=347400"}],"wp:term":[{"taxonomy":"category","embeddable":true,"href":"https:\/\/www.europesays.com\/fr\/wp-json\/wp\/v2\/categories?post=347400"},{"taxonomy":"post_tag","embeddable":true,"href":"https:\/\/www.europesays.com\/fr\/wp-json\/wp\/v2\/tags?post=347400"}],"curies":[{"name":"wp","href":"https:\/\/api.w.org\/{rel}","templated":true}]}}