{"id":347406,"date":"2025-08-27T10:55:10","date_gmt":"2025-08-27T10:55:10","guid":{"rendered":"https:\/\/www.europesays.com\/fr\/347406\/"},"modified":"2025-08-27T10:55:10","modified_gmt":"2025-08-27T10:55:10","slug":"on-en-sait-plus-sur-le-contenu-de-la-plainte-de-lila-salet-visant-lex-vainqueur-de-top-chef","status":"publish","type":"post","link":"https:\/\/www.europesays.com\/fr\/347406\/","title":{"rendered":"On en sait plus sur le contenu de la plainte de Lila Salet visant l\u2019ex-vainqueur de \u00ab\u00a0Top Chef\u00a0\u00bb"},"content":{"rendered":"<p>Les choses se pr\u00e9cisent dans \u00ab\u00a0<a href=\"https:\/\/www.20minutes.fr\/arts-stars\/4169545-20250826-avenir-professionnel-chef-jean-imbert-vise-enquete-violences-conjugales\" class=\"c-link c-link--is-underlined\" target=\"_blank\" rel=\"noopener\">l\u2019affaire Jean Imbert<\/a>\u00a0\u00bb\u00a0: le chef serait coupable, voil\u00e0 douze ans, de gifles r\u00e9currentes, d\u2019emprise et m\u00eame de s\u00e9questration, si l\u2019on en croit la <a href=\"https:\/\/www.20minutes.fr\/arts-stars\/people\/4169239-20250824-ex-compagne-jean-imbert-depose-plainte-violences-conjugales-sequestration\" class=\"c-link c-link--is-underlined\" target=\"_blank\" rel=\"noopener\">plainte d\u00e9pos\u00e9e par son ex-compagne<\/a> Lila Salet <a href=\"https:\/\/twitter.com\/BFMTV\/status\/1960562540338897055\" rel=\"nofollow noopener\" target=\"_blank\" class=\"c-link c-link--is-underlined\">qu\u2019a pu consulter BFMTV<\/a>.<\/p>\n<\/p>\n<p>\u00ab\u00a0Il mena\u00e7ait de se suicider\u00a0\u00bb<\/p>\n<p>L\u2019ancienne actrice de 33 ans y d\u00e9noncerait \u00ab\u00a0des faits de violences dans le cadre conjugal\u00a0\u00bb commis durant sa relation, de septembre\u00a02012 \u00e0 mars\u00a02013, avec l\u2019ex-vainqueur de <a href=\"https:\/\/www.20minutes.fr\/dossier\/top_chef\" class=\"c-link c-link--is-underlined\" target=\"_blank\" rel=\"noopener\">Top Chef<\/a>. Consciente que la prescription s\u2019applique, elle estime que \u00ab\u00a0l\u2019actualit\u00e9 et certaines \u00e9ch\u00e9ances [l]&rsquo;am\u00e8nent \u00e0 devoir r\u00e9agir et exprimer certains faits\u00a0\u00bb.<\/p>\n<p>Face aux policiers, elle explique ainsi avoir senti \u00ab\u00a0une accaparation de sa vie\u00a0\u00bb par Jean Imbert et d\u00e9nonce \u00ab\u00a0une emprise\u00a0\u00bb qu\u2019elle n\u2019a \u00ab\u00a0pas su appr\u00e9hender\u00a0\u00bb\u00a0: si elle ne r\u00e9pondait pas \u00e0 ses appels, par exemple, il \u00ab\u00a0mena\u00e7ait de se suicider<a href=\"https:\/\/www.20minutes.fr\/dossier\/suicide\" class=\"c-link c-link--is-underlined\" target=\"_blank\" rel=\"noopener\"> <\/a>[et] me rendait responsable de son \u00e9tat de faiblesse\u00a0\u00bb.<\/p>\n<p>Coups et s\u00e9questration<\/p>\n<p>Lila Salet raconte aussi qu\u2019il lui a un jour port\u00e9 une \u00ab\u00a0\u00e9norme gifle<a href=\"https:\/\/www.20minutes.fr\/dossier\/gifle\" class=\"c-link c-link--is-underlined\" target=\"_blank\" rel=\"noopener\"> <\/a>au visage\u00a0\u00bb et qu\u2019il a \u00ab\u00a0reproduit ce geste plusieurs fois\u00a0\u00bb. En janvier\u00a02013, apr\u00e8s qu\u2019elle eut \u00ab\u00a0re\u00e7u un SMS d\u2019un ami\u00a0\u00bb, Imbert l\u2019aurait m\u00eame \u00ab\u00a0plusieurs fois frapp\u00e9e au visage\u00a0\u00bb avant de lui \u00ab\u00a0verser du champagne dans les yeux\u00a0\u00bb et de la s\u00e9questrer<a href=\"https:\/\/www.20minutes.fr\/dossier\/sequestration\" class=\"c-link c-link--is-underlined\" target=\"_blank\" rel=\"noopener\"> <\/a>plusieurs heures.<\/p>\n<p><a href=\"https:\/\/www.20minutes.fr\/dossier\/violences_conjugales\" class=\"c-link c-btn c-btn--primary\" target=\"_blank\" rel=\"noopener\">Notre dossier \u00ab Violences conjugales \u00bb<\/a><\/p>\n<p>La jeune femme dit de son ex qu\u2019il est \u00ab\u00a0un <a href=\"https:\/\/www.20minutes.fr\/podcast\/4042241-20230622-minute-papillon-comment-reperer-pervers-narcissiques\" class=\"c-link c-link--is-underlined\" target=\"_blank\" rel=\"noopener\">pervers narcissique<\/a>\u00a0\u00bb qui \u00e9tait persuad\u00e9 qu\u2019elle le trompait. Aux policiers qui lui demandent pourquoi elle d\u00e9pose plainte aussi tardivement, elle r\u00e9pond que sa d\u00e9marche vise \u00e0 \u00ab\u00a0soutenir celles des autres femmes ayant \u00e9t\u00e9 victimes de cette personne\u00a0\u00bb.<\/p>\n<p><script async src=\"https:\/\/platform.twitter.com\/widgets.js\" charset=\"utf-8\"><\/script><\/p>\n","protected":false},"excerpt":{"rendered":"Les choses se pr\u00e9cisent dans \u00ab\u00a0l\u2019affaire Jean Imbert\u00a0\u00bb\u00a0: le chef serait coupable, voil\u00e0 douze ans, de gifles r\u00e9currentes,&hellip;\n","protected":false},"author":2,"featured_media":347407,"comment_status":"","ping_status":"","sticky":false,"template":"","format":"standard","meta":{"footnotes":""},"categories":[8],"tags":[47,10831,25865,58,59,1011,27,303,492,133,798,797],"class_list":{"0":"post-347406","1":"post","2":"type-post","3":"status-publish","4":"format-standard","5":"has-post-thumbnail","7":"category-divertissement","8":"tag-actualite","9":"tag-bfmtv","10":"tag-chef-cuisinier","11":"tag-divertissement","12":"tag-entertainment","13":"tag-fr","14":"tag-france","15":"tag-justice","16":"tag-top-chef","17":"tag-video","18":"tag-violences-conjugales","19":"tag-violences-faites-aux-femmes"},"share_on_mastodon":{"url":"https:\/\/pubeurope.com\/@fr\/115100367286826024","error":""},"_links":{"self":[{"href":"https:\/\/www.europesays.com\/fr\/wp-json\/wp\/v2\/posts\/347406","targetHints":{"allow":["GET"]}}],"collection":[{"href":"https:\/\/www.europesays.com\/fr\/wp-json\/wp\/v2\/posts"}],"about":[{"href":"https:\/\/www.europesays.com\/fr\/wp-json\/wp\/v2\/types\/post"}],"author":[{"embeddable":true,"href":"https:\/\/www.europesays.com\/fr\/wp-json\/wp\/v2\/users\/2"}],"replies":[{"embeddable":true,"href":"https:\/\/www.europesays.com\/fr\/wp-json\/wp\/v2\/comments?post=347406"}],"version-history":[{"count":0,"href":"https:\/\/www.europesays.com\/fr\/wp-json\/wp\/v2\/posts\/347406\/revisions"}],"wp:featuredmedia":[{"embeddable":true,"href":"https:\/\/www.europesays.com\/fr\/wp-json\/wp\/v2\/media\/347407"}],"wp:attachment":[{"href":"https:\/\/www.europesays.com\/fr\/wp-json\/wp\/v2\/media?parent=347406"}],"wp:term":[{"taxonomy":"category","embeddable":true,"href":"https:\/\/www.europesays.com\/fr\/wp-json\/wp\/v2\/categories?post=347406"},{"taxonomy":"post_tag","embeddable":true,"href":"https:\/\/www.europesays.com\/fr\/wp-json\/wp\/v2\/tags?post=347406"}],"curies":[{"name":"wp","href":"https:\/\/api.w.org\/{rel}","templated":true}]}}