{"id":347410,"date":"2025-08-27T10:57:10","date_gmt":"2025-08-27T10:57:10","guid":{"rendered":"https:\/\/www.europesays.com\/fr\/347410\/"},"modified":"2025-08-27T10:57:10","modified_gmt":"2025-08-27T10:57:10","slug":"la-ministre-des-comptes-publics-amelie-de-montchalin-propose-de-supprimer-50-niches-fiscales","status":"publish","type":"post","link":"https:\/\/www.europesays.com\/fr\/347410\/","title":{"rendered":"La ministre des Comptes publics Am\u00e9lie de\u00a0Montchalin propose de supprimer 50 niches fiscales"},"content":{"rendered":"<p>Une main tendue avant le couperet du <a href=\"https:\/\/google.com\/search?q=vote+de+confiance+20+minutes&amp;rlz=1C1GCEA_enFR1166FR1166&amp;oq=vote+de+confiance+20+minutes&amp;gs_lcrp=EgZjaHJvbWUyCQgAEEUYORigATIGCAEQRRg8MgYIAhBFGDwyBggDEEUYPNIBCDM3MTJqMGo3qAIAsAIA&amp;sourceid=chrome&amp;ie=UTF-8\" target=\"_blank\" class=\"c-link c-link--is-underlined\" rel=\"noopener\">vote de confiance<\/a>\u00a0? La ministre des Comptes publics, <a href=\"https:\/\/www.20minutes.fr\/politique\/amelie-montchalin\/\" class=\"c-link c-link--is-underlined\" target=\"_blank\" rel=\"noopener\">Am\u00e9lie de\u00a0Montchalin<\/a>, appelle au \u00ab\u00a0compromis\u00a0\u00bb dans le but d\u2019\u00e9laborer le <a href=\"https:\/\/www.20minutes.fr\/economie\/budget\/\" class=\"c-link c-link--is-underlined\" target=\"_blank\" rel=\"noopener\">budget 2026<\/a> et propose de <a href=\"https:\/\/www.20minutes.fr\/economie\/4149109-20250417-budget-2026-combien-niches-fiscales-inutiles-france-combien-coutent-elles#:~:text=%C2%AB%2020%20Minutes%20%C2%BB%20fait%20les%20comptes%20parmi%20les%20474%20niches%20fiscales,%2C1%20milliards%20d&#039;euros.\" class=\"c-link c-link--is-underlined\" target=\"_blank\" rel=\"noopener\">s\u2019attaquer aux niches fiscales<\/a> dans une interview accord\u00e9e \u00e0 <a href=\"https:\/\/www.bfmtv.com\/economie\/economie-social\/finances-publiques\/budget-2026-amelie-de-montchalin-propose-la-suppression-de-50-niches-fiscales_AV-202508260699.html?at_brand=BFMTV&amp;at_compte=BFMTV&amp;at_plateforme=twitter&amp;at_campaign=Fan_pages&amp;at_medium=Community_Management\" rel=\"nofollow noopener\" target=\"_blank\" class=\"c-link c-link--is-underlined\">BFMTV<\/a>.<\/p>\n<p>\u00ab\u00a0C\u2019est une proposition qu\u2019on va faire aux parlementaires, de supprimer 50 niches fiscales \u00e9valu\u00e9es comme obsol\u00e8tes ou inefficaces\u00a0\u00bb, a-t-elle confirm\u00e9, sans pr\u00e9ciser les mesures fiscales qui pourraient \u00eatre concern\u00e9es.<\/p>\n<\/p>\n<p>Ouvrir un d\u00e9bat<\/p>\n<p>En France, il existe 474 niches fiscales, dont 65 sont en cours d\u2019extinction, pour un co\u00fbt total de 85,1\u00a0milliards d\u2019euros, selon un document annex\u00e9 au projet de loi de finances 2025, \u00ab\u00a0le tome\u00a0II des voies et moyens\u00a0\u00bb. Quinze repr\u00e9sentent, \u00e0 elles seules, 50\u00a0% du co\u00fbt total, la plus co\u00fbteuse \u00e9tant le cr\u00e9dit d\u2019imp\u00f4t recherche (CIR). Une manne alors que le gouvernement doit trouver <a href=\"https:\/\/www.20minutes.fr\/economie\/4160485-20250626-finances-dette-france-aggrave-plus-40-milliards-euros\" class=\"c-link c-link--is-underlined\" target=\"_blank\" rel=\"noopener\">environ 40\u00a0milliards d\u2019euros d\u2019\u00e9conomies<\/a>.<\/p>\n<p>Ce n\u2019est pas la premi\u00e8re fois que la ministre des Comptes publics \u00e9voque le sujet de ces mesures fiscales. Elle en avait d\u00e9j\u00e0 parl\u00e9 en avril dernier, puis en juin o\u00f9 elle avait \u00e9voqu\u00e9 <a href=\"https:\/\/www.20minutes.fr\/economie\/4156098-20250530-emploi-domicile-menage-jardinage-credit-impot-partiellement-supprime\" class=\"c-link c-link--is-underlined\" target=\"_blank\" rel=\"noopener\">une r\u00e9\u00e9valuation du cr\u00e9dit d\u2019imp\u00f4t pour l\u2019emploi d\u2019un salari\u00e9 \u00e0 domicile,<\/a> avant que Matignon ne calme le jeu.<\/p>\n<p>\u00ab\u00a0J\u2019ai toujours dit en ce qui concerne les gardes d\u2019enfant, les personnes \u00e2g\u00e9es \u00e0 domicile, les personnes handicap\u00e9es, je ne souhaite pas que nous touchions \u00e0 ce qui fonctionne, a rappel\u00e9 Am\u00e9lie de Montchalin mardi. Inversement, il y a des d\u00e9bats qu\u2019on peut ouvrir, mais ayons la culture de la n\u00e9gociation\u00a0\u00bb.<\/p>\n<p>Suroptimisation fiscale<\/p>\n<p>Dans la m\u00eame optique d\u2019ouverture du d\u00e9bat, Fran\u00e7ois Bayrou a r\u00e9affirm\u00e9 mardi que les plus hauts revenus et \u00ab\u00a0ceux qui optimisent leur fiscalit\u00e9\u00a0\u00bb se verraient <a href=\"https:\/\/www.20minutes.fr\/politique\/4169642-20250826-budget-2026-francois-bayrou-promet-effort-specifique-plus-riches\" class=\"c-link c-link--is-underlined\" target=\"_blank\" rel=\"noopener\">demander un \u00ab\u00a0effort sp\u00e9cifique\u00a0\u00bb pour le budget 2026.<\/a> \u00ab\u00a0Les niches fiscales qui profitent d\u2019abord aux m\u00e9nages ais\u00e9s et aux grandes entreprises seront supprim\u00e9es \u00e0 chaque fois qu\u2019elles seront constat\u00e9es comme injustes et inutiles\u00a0\u00bb, a-t-il d\u00e9clar\u00e9.<\/p>\n<p>\u00ab\u00a0C\u2019est l\u2019engagement qu\u2019il a pris, avec le Parti socialiste en f\u00e9vrier, qu\u2019il fallait s\u2019engager contre <a href=\"https:\/\/www.20minutes.fr\/economie\/4158114-20250612-taxe-zucman-illusoire-souhaitable-pose-vraies-questions-imposition-ultrariches-france\" class=\"c-link c-link--is-underlined\" target=\"_blank\" rel=\"noopener\">la suroptimisation fiscale<\/a>\u00a0\u00bb, a confirm\u00e9 Am\u00e9lie de\u00a0Montchalin. Et d\u2019ajouter\u00a0: \u00ab\u00a0L\u2019\u00e9quit\u00e9 fiscale c\u2019est que chacun contribue \u00e0 la hauteur de ses moyens.\u00a0\u00bb<\/p>\n<p><a href=\"https:\/\/www.20minutes.fr\/economie\/budget\/\" class=\"c-link c-btn c-btn--primary\" target=\"_blank\" rel=\"noopener\">Retrouvez ici tous nos articles sur le budget<\/a><\/p>\n<p>La ministre a m\u00eame point\u00e9 des accords avec des partis d\u2019opposition \u00e0 l\u2019instar de la <a href=\"https:\/\/www.20minutes.fr\/economie\/4150941-20250429-taxes-france-propose-faire-payer-frais-gestion-chaque-petit-colis-entrant-europe\" class=\"c-link c-link--is-underlined\" target=\"_blank\" rel=\"noopener\">taxe sur les petits colis<\/a> ou encore la lutte contre <a href=\"https:\/\/google.com\/search?q=20+minutes+fraude+fiscale&amp;rlz=1C1GCEA_enFR1166FR1166&amp;oq=20+minutes+fraude+fiscale&amp;gs_lcrp=EgZjaHJvbWUyCwgAEEUYChg5GKABMgkIARAhGAoYoAHSAQg1MDU5ajBqNKgCALACAA&amp;sourceid=chrome&amp;ie=UTF-8\" target=\"_blank\" class=\"c-link c-link--is-underlined\" rel=\"noopener\">la fraude fiscale.<\/a><\/p>\n","protected":false},"excerpt":{"rendered":"Une main tendue avant le couperet du vote de confiance\u00a0? La ministre des Comptes publics, Am\u00e9lie de\u00a0Montchalin, appelle&hellip;\n","protected":false},"author":2,"featured_media":347411,"comment_status":"","ping_status":"","sticky":false,"template":"","format":"standard","meta":{"footnotes":""},"categories":[6],"tags":[47,13850,1003,35,33,34,526,1011,27,418,10563,316],"class_list":{"0":"post-347410","1":"post","2":"type-post","3":"status-publish","4":"format-standard","5":"has-post-thumbnail","7":"category-economie","8":"tag-actualite","9":"tag-amelie-de-montchalin","10":"tag-budget","11":"tag-business","12":"tag-economie","13":"tag-economy","14":"tag-fiscalite","15":"tag-fr","16":"tag-france","17":"tag-gouvernement","18":"tag-niches-fiscales","19":"tag-politique"},"share_on_mastodon":{"url":"https:\/\/pubeurope.com\/@fr\/115100375040000982","error":""},"_links":{"self":[{"href":"https:\/\/www.europesays.com\/fr\/wp-json\/wp\/v2\/posts\/347410","targetHints":{"allow":["GET"]}}],"collection":[{"href":"https:\/\/www.europesays.com\/fr\/wp-json\/wp\/v2\/posts"}],"about":[{"href":"https:\/\/www.europesays.com\/fr\/wp-json\/wp\/v2\/types\/post"}],"author":[{"embeddable":true,"href":"https:\/\/www.europesays.com\/fr\/wp-json\/wp\/v2\/users\/2"}],"replies":[{"embeddable":true,"href":"https:\/\/www.europesays.com\/fr\/wp-json\/wp\/v2\/comments?post=347410"}],"version-history":[{"count":0,"href":"https:\/\/www.europesays.com\/fr\/wp-json\/wp\/v2\/posts\/347410\/revisions"}],"wp:featuredmedia":[{"embeddable":true,"href":"https:\/\/www.europesays.com\/fr\/wp-json\/wp\/v2\/media\/347411"}],"wp:attachment":[{"href":"https:\/\/www.europesays.com\/fr\/wp-json\/wp\/v2\/media?parent=347410"}],"wp:term":[{"taxonomy":"category","embeddable":true,"href":"https:\/\/www.europesays.com\/fr\/wp-json\/wp\/v2\/categories?post=347410"},{"taxonomy":"post_tag","embeddable":true,"href":"https:\/\/www.europesays.com\/fr\/wp-json\/wp\/v2\/tags?post=347410"}],"curies":[{"name":"wp","href":"https:\/\/api.w.org\/{rel}","templated":true}]}}