{"id":347412,"date":"2025-08-27T10:58:11","date_gmt":"2025-08-27T10:58:11","guid":{"rendered":"https:\/\/www.europesays.com\/fr\/347412\/"},"modified":"2025-08-27T10:58:11","modified_gmt":"2025-08-27T10:58:11","slug":"le-danemark-convoque-lenvoye-americain-pour-des-tentatives-dingerence-au-groenland","status":"publish","type":"post","link":"https:\/\/www.europesays.com\/fr\/347412\/","title":{"rendered":"Le Danemark convoque l\u2019envoy\u00e9 am\u00e9ricain pour des \u00ab\u00a0tentatives d\u2019ing\u00e9rence\u00a0\u00bb au Groenland"},"content":{"rendered":"<p>                          <img loading=\"lazy\" decoding=\"async\" src=\"https:\/\/www.europesays.com\/fr\/wp-content\/uploads\/2025\/08\/b0640f1_ftp-import-images-1-8tdegritun2j-5125193-01-06.jpg\" alt=\"Le drapeau du Groenland, dans la ville de Sisimiut, le 2\u00a0juillet 2024.\"   width=\"664\" height=\"443\"\/>    Le drapeau du Groenland, dans la ville de Sisimiut, le 2\u00a0juillet 2024.  IDA MARIE ODGAARD, &#8211; \/ AFP                          <\/p>\n<p class=\"article__paragraph  \">Le Danemark a convoqu\u00e9 le charg\u00e9 d\u2019affaires am\u00e9ricain apr\u00e8s un reportage de la t\u00e9l\u00e9vision publique DR faisant \u00e9tat de \u00ab\u00a0tentatives d\u2019ing\u00e9rence\u00a0\u00bb au Groenland, territoire autonome du royaume scandinave convoit\u00e9 par l\u2019administration Trump, a annonc\u00e9 mercredi la diplomatie danoise. <a href=\"https:\/\/www.dr.dk\/nyheder\/indland\/moerklagt\/centrale-kilder-maend-med-forbindelser-til-trump-forsoeger-infiltrere\" target=\"_blank\" rel=\"noopener nofollow\" title=\"Nouvelle fen\u00eatre\">Selon DR<\/a>, au moins trois Am\u00e9ricains li\u00e9s \u00e0 Donald Trump m\u00e8nent des op\u00e9rations d\u2019influence au Groenland, \u00ab\u00a0visant \u00e0 fissurer les relations avec le Danemark\u00a0\u00bb.<\/p>\n<p class=\"article__paragraph  \">\u00ab\u00a0Toute tentative d\u2019ing\u00e9rence dans les affaires internes du Royaume sera bien s\u00fbr inacceptable\u00a0\u00bb, a r\u00e9agi le ministre des affaires \u00e9trang\u00e8res danois, Lars Lokke Rasmussen, dans un communiqu\u00e9 transmis \u00e0 l\u2019Agence France-Presse. \u00ab\u00a0J\u2019ai demand\u00e9 au minist\u00e8re des affaires \u00e9trang\u00e8res de convoquer le charg\u00e9 d\u2019affaires am\u00e9ricain pour une r\u00e9union au minist\u00e8re\u00a0\u00bb, a-t-il ajout\u00e9.<\/p>\n<p>                    Un contexte diplomatique tendu                    <\/p>\n<p class=\"article__paragraph  \">Apr\u00e8s son \u00e9lection, le pr\u00e9sident Trump avait expliqu\u00e9 avoir \u00ab\u00a0besoin\u00a0\u00bb du Groenland, notamment pour la s\u00e9curit\u00e9 des Etats-Unis, r\u00e9p\u00e9tant \u00e0 plusieurs reprises son souhait. Le Groenland, soutenu par sa puissance de tutelle, avait r\u00e9torqu\u00e9 ne pas \u00eatre \u00e0 vendre et d\u00e9cider seul de son avenir.<\/p>\n<p class=\"article__paragraph  \">Fin mars, le vice-pr\u00e9sident am\u00e9ricain, JD Vance, avait provoqu\u00e9 un toll\u00e9 en pr\u00e9voyant une visite dans l\u2019immense \u00eele arctique sans y avoir \u00e9t\u00e9 invit\u00e9. Face \u00e0 l\u2019ire d\u00e9clench\u00e9e au Groenland, au Danemark et \u00e0 travers l\u2019Europe, il avait <a href=\"https:\/\/www.lemonde.fr\/international\/article\/2025\/03\/28\/groenland-a-pituffik-l-histoire-mouvementee-de-la-cooperation-entre-le-danemark-et-les-etats-unis_6587133_3210.html\" rel=\"nofollow noopener\" target=\"_blank\">limit\u00e9 son d\u00e9placement<\/a> \u00e0 la base a\u00e9rienne am\u00e9ricaine de Pituffik.<\/p>\n<p>                                       Lire aussi le d\u00e9cryptage |  Article r\u00e9serv\u00e9 \u00e0 nos abonn\u00e9s  <a href=\"https:\/\/www.lemonde.fr\/international\/article\/2025\/02\/02\/le-groenland-un-territoire-arctique-convoite_6527643_3210.html\" class=\"js-article-read-also catcher--favoris__link\" data-premium=\"1\" id=\"article-title-3407315\" rel=\"nofollow noopener\" target=\"_blank\">Le Groenland, un territoire arctique convoit\u00e9<\/a>    <\/p>\n<p>   Lire plus tard  <\/p>\n<p class=\"article__paragraph  \">\u00ab\u00a0Nous sommes conscients que des acteurs \u00e9trangers continuent de manifester un int\u00e9r\u00eat pour le Groenland et sa position au sein du royaume du Danemark\u00a0\u00bb, a relev\u00e9 mercredi le chef de la diplomatie danoise. \u00ab\u00a0Il n\u2019est donc pas surprenant de constater des tentatives ext\u00e9rieures d\u2019influencer l\u2019avenir du royaume dans les temps \u00e0 venir.\u00a0\u00bb<\/p>\n<p class=\"article__paragraph  \">Au printemps, les services de renseignement du Danemark s\u2019\u00e9taient inqui\u00e9t\u00e9s d\u2019une \u00ab\u00a0possible influence\u00a0\u00bb \u00e9trang\u00e8re, notamment russe, principalement pendant les \u00e9lections l\u00e9gislatives au Groenland. Aucune ing\u00e9rence n\u2019avait finalement \u00e9t\u00e9 relev\u00e9e.<\/p>\n<p>                                       Lire aussi |  Article r\u00e9serv\u00e9 \u00e0 nos abonn\u00e9s  <a href=\"https:\/\/www.lemonde.fr\/international\/article\/2025\/05\/08\/espionnage-au-groenland-le-danemark-convoque-l-ambassadeur-des-etats-unis_6604011_3210.html\" class=\"js-article-read-also catcher--favoris__link\" data-premium=\"1\" id=\"article-title-3421597\" rel=\"nofollow noopener\" target=\"_blank\">Groenland\u00a0: la crise diplomatique s\u2019aggrave entre le Danemark et les Etats-Unis, l\u2019ambassadeur am\u00e9ricain convoqu\u00e9 apr\u00e8s des r\u00e9v\u00e9lations sur l\u2019espionnage<\/a>    <\/p>\n<p>   Lire plus tard  <\/p>\n<p class=\"author__detail\">  Le Monde avec AFP  <\/p>\n<p>                  <a href=\"https:\/\/www.lemonde.fr\/syndication\/\" class=\"reuse__content\" title=\"R\u00e9utiliser ce contenu\" target=\"_blank\" rel=\"nofollow noopener\">R\u00e9utiliser ce contenu<\/a>      <\/p>\n","protected":false},"excerpt":{"rendered":"Le drapeau du Groenland, dans la ville de Sisimiut, le 2\u00a0juillet 2024. IDA MARIE ODGAARD, &#8211; \/ AFP&hellip;\n","protected":false},"author":2,"featured_media":347413,"comment_status":"","ping_status":"","sticky":false,"template":"","format":"standard","meta":{"footnotes":""},"categories":[5],"tags":[11,1011,27,14,12,28],"class_list":{"0":"post-347412","1":"post","2":"type-post","3":"status-publish","4":"format-standard","5":"has-post-thumbnail","7":"category-international","8":"tag-actualites","9":"tag-fr","10":"tag-france","11":"tag-international","12":"tag-news","13":"tag-world"},"share_on_mastodon":{"url":"https:\/\/pubeurope.com\/@fr\/115100378998563315","error":""},"_links":{"self":[{"href":"https:\/\/www.europesays.com\/fr\/wp-json\/wp\/v2\/posts\/347412","targetHints":{"allow":["GET"]}}],"collection":[{"href":"https:\/\/www.europesays.com\/fr\/wp-json\/wp\/v2\/posts"}],"about":[{"href":"https:\/\/www.europesays.com\/fr\/wp-json\/wp\/v2\/types\/post"}],"author":[{"embeddable":true,"href":"https:\/\/www.europesays.com\/fr\/wp-json\/wp\/v2\/users\/2"}],"replies":[{"embeddable":true,"href":"https:\/\/www.europesays.com\/fr\/wp-json\/wp\/v2\/comments?post=347412"}],"version-history":[{"count":0,"href":"https:\/\/www.europesays.com\/fr\/wp-json\/wp\/v2\/posts\/347412\/revisions"}],"wp:featuredmedia":[{"embeddable":true,"href":"https:\/\/www.europesays.com\/fr\/wp-json\/wp\/v2\/media\/347413"}],"wp:attachment":[{"href":"https:\/\/www.europesays.com\/fr\/wp-json\/wp\/v2\/media?parent=347412"}],"wp:term":[{"taxonomy":"category","embeddable":true,"href":"https:\/\/www.europesays.com\/fr\/wp-json\/wp\/v2\/categories?post=347412"},{"taxonomy":"post_tag","embeddable":true,"href":"https:\/\/www.europesays.com\/fr\/wp-json\/wp\/v2\/tags?post=347412"}],"curies":[{"name":"wp","href":"https:\/\/api.w.org\/{rel}","templated":true}]}}