{"id":347418,"date":"2025-08-27T11:01:13","date_gmt":"2025-08-27T11:01:13","guid":{"rendered":"https:\/\/www.europesays.com\/fr\/347418\/"},"modified":"2025-08-27T11:01:13","modified_gmt":"2025-08-27T11:01:13","slug":"plusieurs-fermetures-administratives-rue-antoine-durafour","status":"publish","type":"post","link":"https:\/\/www.europesays.com\/fr\/347418\/","title":{"rendered":"plusieurs fermetures administratives rue Antoine-Durafour"},"content":{"rendered":"<p>Apr\u00e8s l\u2019interdiction, les sanctions. Fin juillet, la Ville de Saint-\u00c9tienne imposait aux \u00e9piceries de nuit de certaines rues du centre-ville de fermer leurs portes d\u00e8s 22 heures.<\/p>\n<p>Une mesure prise pour lutter contre les nuisances nocturnes d\u00e9nonc\u00e9es depuis des mois, voire des ann\u00e9es, par les habitants de la rue Antoine-Durafour et de Jacquard notamment.<\/p>\n<p>  Quatre fermetures ces derniers jours, une autre en juillet<\/p>\n<p>Ce mercredi 27\u00a0ao\u00fbt, la pr\u00e9fecture de la Loire a fait savoir que plusieurs sanctions \u00e0 l\u2019encontre de ces commerces de nuit avaient \u00e9t\u00e9 prises ces derniers jours.<\/p>\n<p>\u00ab\u00a0Quatre fermetures administratives temporaires ont \u00e9t\u00e9 d\u00e9cid\u00e9es, notamment dans la rue Antoine-Durafour, en raison du non-respect de l\u2019arr\u00eat\u00e9 municipal\u00a0\u00bb, pr\u00e9cisent les services de l\u2019\u00c9tat dans un communiqu\u00e9.<\/p>\n<p>D\u00e9j\u00e0, en juillet, une premi\u00e8re fermeture administrative temporaire avait \u00e9t\u00e9 prononc\u00e9e.\u00a0Selon la pr\u00e9fecture, d\u2019autres proc\u00e9dures sont en cours d\u2019instruction.<\/p>\n<p>  Une quarantaine d\u2019interventions, 70 infractions relev\u00e9es<\/p>\n<p>Le maire, Ga\u00ebl Perdriau, a salu\u00e9 la nouvelle. \u00ab\u00a0Le message est clair\u00a0: \u00e0 Saint-\u00c9tienne, les r\u00e8gles sont les m\u00eames pour tous et elles seront appliqu\u00e9es avec fermet\u00e9\u00a0\u00bb, a-t-il r\u00e9agi dans un communiqu\u00e9 de presse, soulignant la \u00ab\u00a0mobilisation sans rel\u00e2che\u00a0\u00bb de la police municipale et de la police nationale.<\/p>\n<p>\u00ab\u00a0Depuis l\u2019entr\u00e9e en vigueur de cette mesure, le 26\u00a0juillet, [elles] ont multipli\u00e9 les contr\u00f4les\u00a0: une quarantaine d\u2019interventions, plus de 70 infractions relev\u00e9es, toutes sanctionn\u00e9es.\u00a0\u00bb<\/p>\n<p>Pour rappel, l\u2019arr\u00eat\u00e9 municipal concerne les \u00e9piceries situ\u00e9es\u00a0rues Antoine Durafour, Pointe-Cadet, Victor-Duchamp, des Alli\u00e9s, des Docteurs-Charcot, du 11-Novembre, place Jacquard, et dans les rues adjacentes. Les \u00e9tablissements sont tenus de fermer leurs portes entre 22 et 6 heures.<\/p>\n","protected":false},"excerpt":{"rendered":"Apr\u00e8s l\u2019interdiction, les sanctions. Fin juillet, la Ville de Saint-\u00c9tienne imposait aux \u00e9piceries de nuit de certaines rues&hellip;\n","protected":false},"author":2,"featured_media":347419,"comment_status":"","ping_status":"","sticky":false,"template":"","format":"standard","meta":{"footnotes":""},"categories":[9653],"tags":[1111,11,2430,271,272,7539,1777,674,274,107,1011,27,12,25,4001,7538],"class_list":{"0":"post-347418","1":"post","2":"type-post","3":"status-publish","4":"format-standard","5":"has-post-thumbnail","7":"category-saint-etienne","8":"tag-actu","9":"tag-actualites","10":"tag-auvergne-rhone-alpes","11":"tag-crime","12":"tag-delit-et-contravention","13":"tag-edition-loire-sud","14":"tag-eu","15":"tag-europe","16":"tag-faits-divers-justice","17":"tag-fil-info","18":"tag-fr","19":"tag-france","20":"tag-news","21":"tag-republique-francaise","22":"tag-saint-etienne","23":"tag-saint-etienne-ville"},"share_on_mastodon":{"url":"https:\/\/pubeurope.com\/@fr\/115100390928006533","error":""},"_links":{"self":[{"href":"https:\/\/www.europesays.com\/fr\/wp-json\/wp\/v2\/posts\/347418","targetHints":{"allow":["GET"]}}],"collection":[{"href":"https:\/\/www.europesays.com\/fr\/wp-json\/wp\/v2\/posts"}],"about":[{"href":"https:\/\/www.europesays.com\/fr\/wp-json\/wp\/v2\/types\/post"}],"author":[{"embeddable":true,"href":"https:\/\/www.europesays.com\/fr\/wp-json\/wp\/v2\/users\/2"}],"replies":[{"embeddable":true,"href":"https:\/\/www.europesays.com\/fr\/wp-json\/wp\/v2\/comments?post=347418"}],"version-history":[{"count":0,"href":"https:\/\/www.europesays.com\/fr\/wp-json\/wp\/v2\/posts\/347418\/revisions"}],"wp:featuredmedia":[{"embeddable":true,"href":"https:\/\/www.europesays.com\/fr\/wp-json\/wp\/v2\/media\/347419"}],"wp:attachment":[{"href":"https:\/\/www.europesays.com\/fr\/wp-json\/wp\/v2\/media?parent=347418"}],"wp:term":[{"taxonomy":"category","embeddable":true,"href":"https:\/\/www.europesays.com\/fr\/wp-json\/wp\/v2\/categories?post=347418"},{"taxonomy":"post_tag","embeddable":true,"href":"https:\/\/www.europesays.com\/fr\/wp-json\/wp\/v2\/tags?post=347418"}],"curies":[{"name":"wp","href":"https:\/\/api.w.org\/{rel}","templated":true}]}}