{"id":347420,"date":"2025-08-27T11:02:16","date_gmt":"2025-08-27T11:02:16","guid":{"rendered":"https:\/\/www.europesays.com\/fr\/347420\/"},"modified":"2025-08-27T11:02:16","modified_gmt":"2025-08-27T11:02:16","slug":"asse-apres-la-tunique-des-feminines-casino-saffiche-sur-le-maillot-dechauffement-des-verts","status":"publish","type":"post","link":"https:\/\/www.europesays.com\/fr\/347420\/","title":{"rendered":"ASSE. Apr\u00e8s la tunique des f\u00e9minines, Casino s\u2019affiche sur le maillot d\u2019\u00e9chauffement des Verts"},"content":{"rendered":"<p>Sit\u00f4t lanc\u00e9, sit\u00f4t adopt\u00e9. Pour la premi\u00e8re fois, le groupe Casino affiche son nom sur le maillot d\u2019avant-match de l\u2019\u00e9quipe premi\u00e8re de l\u2019ASSE.<\/p>\n<p>D\u00e8s sa mise en vente, la tunique au nom du partenaire historique d\u2019un club non moins historique a trouv\u00e9 preneur. \u00c0 la boutique des Verts, les deux versions du maillot d\u2019\u00e9chauffement ont fait un excellent d\u00e9part avec un stock \u00e9puis\u00e9 en quelques heures le week-end dernier. Le prochain r\u00e9approvisionnement en tuniques (59,95\u00a0\u20ac en version vert et blanc ou kaki) est attendu pour cette fin de semaine.<\/p>\n<p>Un retour en force apr\u00e8s une vingtaine d&rsquo;ann\u00e9es d&rsquo;absence<\/p>\n<p>Une petite quantit\u00e9 sera disponible avant un nouveau r\u00e9assort pr\u00e9vu la semaine prochaine. D\u2019apr\u00e8s les nombreux commentaires post\u00e9s sur les r\u00e9seaux sociaux, l\u2019effet Casino est r\u00e9el chez les supporters. \u00c0 la boutique des Verts en faisant leur achat, beaucoup ont dit leur fiert\u00e9 de retrouver un maillot avec la pr\u00e9sence de Casino sur la face avant.<\/p>\n<p>Avec ce maillot d\u2019\u00e9chauffement, Casino poursuit son retour sur les tuniques de l\u2019ASSE, apr\u00e8s une vingtaine d\u2019ann\u00e9es d\u2019absence. La saison derni\u00e8re, le groupe st\u00e9phanois fond\u00e9 par Geoffroy Guichard a de nouveau d\u00e9roul\u00e9 ses six lettres charg\u00e9es d\u2019histoire <a href=\"https:\/\/www.leprogres.fr\/economie\/2024\/09\/05\/casino-fait-son-retour-sur-le-maillot-de-l-asse\" target=\"_blank\" rel=\"noopener\"> sur le maillot des f\u00e9minines<\/a>.<\/p>\n<p>Pour cette saison 2025-2026, c\u2019est l\u2019\u00e9quipe premi\u00e8re qui retrouve <a href=\"https:\/\/www.leprogres.fr\/sport\/2024\/09\/05\/casino-et-le-maillot-de-l-asse-une-longue-histoire-d-amour\" target=\"_blank\" rel=\"noopener\">son partenaire de toujours<\/a>, pour deux versions d\u2019un maillot destin\u00e9 aux \u00e9chauffements pr\u00e9c\u00e9dant les rencontres de L2.<\/p>\n<p>Ce maillot \u00ab\u00a0pr\u00e9-game\u00a0\u00bb sera aussi port\u00e9 par l\u2019\u00e9quipe f\u00e9minine. Section aupr\u00e8s de laquelle Casino entend d\u2019ailleurs poursuivre son action en d\u00e9veloppant l\u2019autonomisation et la gestion des carri\u00e8res professionnelles des joueuses apr\u00e8s le temps sportif.<\/p>\n<p>  \u00ab\u00a0Partenariat unique dans l\u2019histoire du football fran\u00e7ais\u00a0\u00bb<\/p>\n<p>Fid\u00e8le au club depuis sa cr\u00e9ation, le groupe Casino a pris place \u00e0 plusieurs reprises sur la face avant du maillot de l\u2019ASSE.<\/p>\n<p>Les amoureux des Verts ont pu se rem\u00e9morer quelques souvenirs avec les r\u00e9centes r\u00e9\u00e9ditions de maillots vintage arborant le logo Casino\u00a0: le maillot du milieu des ann\u00e9es 1990 avec son polo ext\u00e9rieur, ou encore plus r\u00e9cemment le maillot de la saison 1995-1996 r\u00e9\u00e9dit\u00e9 \u00e0 l\u2019occasion des 60 ans de Lubomir Moravcik, <a href=\"https:\/\/www.leprogres.fr\/loire-42-sport-asse\/2019\/06\/09\/moravcik-un-reve-de-gamin\" target=\"_blank\" rel=\"noopener\"> ancien joueur embl\u00e9matique<\/a> du club.<\/p>\n<p>Dans le communiqu\u00e9 de presse annon\u00e7ant ce partenariat avec l\u2019ASSE, Philippe Palazzi, directeur g\u00e9n\u00e9ral du groupe Casino, dit sa \u00ab\u00a0profonde fiert\u00e9\u00a0\u00bb de voir se poursuivre un \u00ab\u00a0partenariat unique dans l\u2019histoire du football fran\u00e7ais\u00a0\u00bb.<\/p>\n<p><a href=\"https:\/\/www.leprogres.fr\/p\/ivan-gazidis\" target=\"_blank\" rel=\"noopener\">Ivan Gazidis<\/a>, pr\u00e9sident de l\u2019ASSE, rappelle que l\u2019histoire des Verts et du groupe de distribution sont \u00ab\u00a0entrem\u00eal\u00e9es depuis la cr\u00e9ation du club. Nous partageons l\u2019ambition de rendre fiers les St\u00e9phanois en faisant grandir et rayonner le territoire\u00a0\u00bb.<\/p>\n","protected":false},"excerpt":{"rendered":"Sit\u00f4t lanc\u00e9, sit\u00f4t adopt\u00e9. Pour la premi\u00e8re fois, le groupe Casino affiche son nom sur le maillot d\u2019avant-match&hellip;\n","protected":false},"author":2,"featured_media":347421,"comment_status":"","ping_status":"","sticky":false,"template":"","format":"standard","meta":{"footnotes":""},"categories":[9653],"tags":[1111,11,4000,2430,33,7539,1777,674,107,63,1011,27,3367,12,25,4001,7538,10806,517,216],"class_list":{"0":"post-347420","1":"post","2":"type-post","3":"status-publish","4":"format-standard","5":"has-post-thumbnail","7":"category-saint-etienne","8":"tag-actu","9":"tag-actualites","10":"tag-asse-as-saint-etienne-football","11":"tag-auvergne-rhone-alpes","12":"tag-economie","13":"tag-edition-loire-sud","14":"tag-eu","15":"tag-europe","16":"tag-fil-info","17":"tag-football","18":"tag-fr","19":"tag-france","20":"tag-loire","21":"tag-news","22":"tag-republique-francaise","23":"tag-saint-etienne","24":"tag-saint-etienne-ville","25":"tag-selection-de-la-redaction-42","26":"tag-sport","27":"tag-vie-des-entreprises"},"share_on_mastodon":{"url":"https:\/\/pubeurope.com\/@fr\/115100394776790394","error":""},"_links":{"self":[{"href":"https:\/\/www.europesays.com\/fr\/wp-json\/wp\/v2\/posts\/347420","targetHints":{"allow":["GET"]}}],"collection":[{"href":"https:\/\/www.europesays.com\/fr\/wp-json\/wp\/v2\/posts"}],"about":[{"href":"https:\/\/www.europesays.com\/fr\/wp-json\/wp\/v2\/types\/post"}],"author":[{"embeddable":true,"href":"https:\/\/www.europesays.com\/fr\/wp-json\/wp\/v2\/users\/2"}],"replies":[{"embeddable":true,"href":"https:\/\/www.europesays.com\/fr\/wp-json\/wp\/v2\/comments?post=347420"}],"version-history":[{"count":0,"href":"https:\/\/www.europesays.com\/fr\/wp-json\/wp\/v2\/posts\/347420\/revisions"}],"wp:featuredmedia":[{"embeddable":true,"href":"https:\/\/www.europesays.com\/fr\/wp-json\/wp\/v2\/media\/347421"}],"wp:attachment":[{"href":"https:\/\/www.europesays.com\/fr\/wp-json\/wp\/v2\/media?parent=347420"}],"wp:term":[{"taxonomy":"category","embeddable":true,"href":"https:\/\/www.europesays.com\/fr\/wp-json\/wp\/v2\/categories?post=347420"},{"taxonomy":"post_tag","embeddable":true,"href":"https:\/\/www.europesays.com\/fr\/wp-json\/wp\/v2\/tags?post=347420"}],"curies":[{"name":"wp","href":"https:\/\/api.w.org\/{rel}","templated":true}]}}