{"id":347426,"date":"2025-08-27T11:05:10","date_gmt":"2025-08-27T11:05:10","guid":{"rendered":"https:\/\/www.europesays.com\/fr\/347426\/"},"modified":"2025-08-27T11:05:10","modified_gmt":"2025-08-27T11:05:10","slug":"toulon-les-avis-de-taxe-fonciere-2025-disponibles-a-compter-du-28-aout","status":"publish","type":"post","link":"https:\/\/www.europesays.com\/fr\/347426\/","title":{"rendered":"TOULON : Les avis de taxe fonci\u00e8re 2025 disponibles \u00e0 compter du 28 ao\u00fbt"},"content":{"rendered":"<p><strong>Les avis de taxe fonci\u00e8re 2025 seront disponibles \u00e0 compter du 28 ao\u00fbt dans l\u2019espace s\u00e9curis\u00e9 des propri\u00e9taires, en ligne sur le site impots.gouv.fr et via l\u2019application mobile impots.gouv.fr.<\/strong><\/p>\n<p>Sauf si cet imp\u00f4t est acquitt\u00e9 par pr\u00e9l\u00e8vement mensuel ou pr\u00e9l\u00e8vement \u00e0 l\u2019\u00e9ch\u00e9ance au choix du contribuable, la date limite de paiement de la taxe fonci\u00e8re est le 15 octobre 2025.<\/p>\n<p><strong>Information importante concernant les propri\u00e9taires de biens situ\u00e9s \u00e0 FR\u00c9JUS :<\/strong><\/p>\n<p>\u00c0 la diff\u00e9rence des autres villes du d\u00e9partement en raison de l\u2019adoption d\u00e9cal\u00e9e du budget de la commune, les contribuables de Fr\u00e9jus recevront leur avis de mani\u00e8re diff\u00e9r\u00e9e \u00e0 la fin du mois d\u2019octobre.<br \/>Le d\u00e9lai de paiement sera ajust\u00e9 en cons\u00e9quence, avec une date limite fix\u00e9e au 15 d\u00e9cembre 2025.<\/p>\n<p><strong>Rappel des modalit\u00e9s habituelles de paiement de la taxe fonci\u00e8re :<\/strong><\/p>\n<p>En ligne sur impots.gouv.fr ou via l\u2019application mobile ;<br \/>Dans le r\u00e9seau des buralistes agr\u00e9\u00e9s, par carte bancaire (ou esp\u00e8ces jusqu\u2019\u00e0 300 \u20ac) ;<br \/>Par pr\u00e9l\u00e8vement \u00e0 l\u2019\u00e9ch\u00e9ance ou mensualisation tout au long de l\u2019ann\u00e9e.<\/p>\n<p><strong>Direction d\u00e9partementale des Finances publiques du Var<\/strong><br \/><strong>Place de Besagne Centre Mayol CS 91409<\/strong><br \/><strong>83056 TOULON Cedex.<\/strong><\/p>\n","protected":false},"excerpt":{"rendered":"Les avis de taxe fonci\u00e8re 2025 seront disponibles \u00e0 compter du 28 ao\u00fbt dans l\u2019espace s\u00e9curis\u00e9 des propri\u00e9taires,&hellip;\n","protected":false},"author":2,"featured_media":270962,"comment_status":"","ping_status":"","sticky":false,"template":"","format":"standard","meta":{"footnotes":""},"categories":[9619],"tags":[1111,11,1777,674,1011,27,12,882,25,2310],"class_list":{"0":"post-347426","1":"post","2":"type-post","3":"status-publish","4":"format-standard","5":"has-post-thumbnail","7":"category-toulon","8":"tag-actu","9":"tag-actualites","10":"tag-eu","11":"tag-europe","12":"tag-fr","13":"tag-france","14":"tag-news","15":"tag-provence-alpes-cote-dazur","16":"tag-republique-francaise","17":"tag-toulon"},"share_on_mastodon":{"url":"https:\/\/pubeurope.com\/@fr\/115100406524803768","error":""},"_links":{"self":[{"href":"https:\/\/www.europesays.com\/fr\/wp-json\/wp\/v2\/posts\/347426","targetHints":{"allow":["GET"]}}],"collection":[{"href":"https:\/\/www.europesays.com\/fr\/wp-json\/wp\/v2\/posts"}],"about":[{"href":"https:\/\/www.europesays.com\/fr\/wp-json\/wp\/v2\/types\/post"}],"author":[{"embeddable":true,"href":"https:\/\/www.europesays.com\/fr\/wp-json\/wp\/v2\/users\/2"}],"replies":[{"embeddable":true,"href":"https:\/\/www.europesays.com\/fr\/wp-json\/wp\/v2\/comments?post=347426"}],"version-history":[{"count":0,"href":"https:\/\/www.europesays.com\/fr\/wp-json\/wp\/v2\/posts\/347426\/revisions"}],"wp:featuredmedia":[{"embeddable":true,"href":"https:\/\/www.europesays.com\/fr\/wp-json\/wp\/v2\/media\/270962"}],"wp:attachment":[{"href":"https:\/\/www.europesays.com\/fr\/wp-json\/wp\/v2\/media?parent=347426"}],"wp:term":[{"taxonomy":"category","embeddable":true,"href":"https:\/\/www.europesays.com\/fr\/wp-json\/wp\/v2\/categories?post=347426"},{"taxonomy":"post_tag","embeddable":true,"href":"https:\/\/www.europesays.com\/fr\/wp-json\/wp\/v2\/tags?post=347426"}],"curies":[{"name":"wp","href":"https:\/\/api.w.org\/{rel}","templated":true}]}}