{"id":347427,"date":"2025-08-27T11:06:11","date_gmt":"2025-08-27T11:06:11","guid":{"rendered":"https:\/\/www.europesays.com\/fr\/347427\/"},"modified":"2025-08-27T11:06:11","modified_gmt":"2025-08-27T11:06:11","slug":"toulon-meteo-mercredi-le-temps-se-degrade-sur-la-region","status":"publish","type":"post","link":"https:\/\/www.europesays.com\/fr\/347427\/","title":{"rendered":"TOULON : M\u00e9t\u00e9o &#8211; Mercredi, le temps se d\u00e9grade sur la r\u00e9gion"},"content":{"rendered":"<p><strong>Quelques orages pourront \u00e9clater dans la journ\u00e9e, parfois localement forts. <\/strong><\/p>\n<p>L\u2019apr\u00e8s-midi, le soleil fera un retour timide, apportant de belles \u00e9claircies.<\/p>\n<p>Les temp\u00e9ratures restent agr\u00e9ables, comprises entre 18 et 23\u00b0 le matin, puis 23 \u00e0 31\u00b0 l\u2019apr\u00e8s-midi.<\/p>\n<p>On attend 27\u00b0 sur <strong data-start=\"467\" data-end=\"477\">Hy\u00e8res<\/strong>,\u00a0<strong data-start=\"479\" data-end=\"489\">Bormes<\/strong>,\u00a0<strong data-start=\"491\" data-end=\"506\">Le Lavandou<\/strong>\u00a0et\u00a0<strong data-start=\"510\" data-end=\"522\">La Londe<\/strong>, 28\u00b0 autour de\u00a0<strong data-start=\"538\" data-end=\"548\">Toulon<\/strong>,\u00a0<strong data-start=\"550\" data-end=\"564\">La Farl\u00e8de<\/strong>,\u00a0<strong data-start=\"566\" data-end=\"582\">Solli\u00e8s-Pont<\/strong>,\u00a0<strong data-start=\"584\" data-end=\"596\">La Garde<\/strong>, mais aussi du c\u00f4t\u00e9 d\u2019<strong data-start=\"619\" data-end=\"638\">Aix-en-Provence<\/strong>,\u00a0<strong data-start=\"640\" data-end=\"651\">Aubagne<\/strong>\u00a0et\u00a0<strong data-start=\"655\" data-end=\"666\">G\u00e9menos<\/strong>.<\/p>\n<p>Il fera 29\u00b0 sur\u00a0<strong data-start=\"684\" data-end=\"694\">Bandol<\/strong>,\u00a0<strong data-start=\"696\" data-end=\"709\">Six-Fours<\/strong>,\u00a0<strong data-start=\"711\" data-end=\"723\">Le Brusc<\/strong>,\u00a0<strong data-start=\"725\" data-end=\"735\">Sanary<\/strong>\u00a0et\u00a0<strong data-start=\"739\" data-end=\"751\">La Seyne<\/strong>, 30\u00b0 \u00e0\u00a0<strong data-start=\"759\" data-end=\"772\">Marseille<\/strong>,\u00a0<strong data-start=\"774\" data-end=\"787\">Martigues<\/strong>,\u00a0<strong data-start=\"789\" data-end=\"800\">Avignon<\/strong>\u00a0et\u00a0<strong data-start=\"804\" data-end=\"814\">Orange<\/strong>, et 23\u00b0 du c\u00f4t\u00e9 de\u00a0<strong data-start=\"834\" data-end=\"845\">Barreme<\/strong>.<\/p>\n<p><strong>ComLaRadio\u00a0<\/strong><br \/><strong>Thierry CARI<\/strong><br \/><strong>\u00a0Voix Off<\/strong><br \/><strong>Animateur \/ pr\u00e9sentateur<\/strong><br \/><strong><a href=\"https:\/\/presseagence.fr\/toulon-meteo-mercredi-le-temps-se-degrade-sur-la-region\/mailto:Contact@thierrycari.com\" rel=\"nofollow noopener\" target=\"_blank\">Contact@thierrycari.com<\/a><\/strong><br \/><strong><a href=\"http:\/\/www.thierrycari.com\" rel=\"nofollow noopener\" target=\"_blank\">www.thierrycari.com<\/a><\/strong><\/p>\n","protected":false},"excerpt":{"rendered":"Quelques orages pourront \u00e9clater dans la journ\u00e9e, parfois localement forts. L\u2019apr\u00e8s-midi, le soleil fera un retour timide, apportant&hellip;\n","protected":false},"author":2,"featured_media":317073,"comment_status":"","ping_status":"","sticky":false,"template":"","format":"standard","meta":{"footnotes":""},"categories":[9619],"tags":[1111,11,1777,674,1011,27,12,882,25,2310],"class_list":{"0":"post-347427","1":"post","2":"type-post","3":"status-publish","4":"format-standard","5":"has-post-thumbnail","7":"category-toulon","8":"tag-actu","9":"tag-actualites","10":"tag-eu","11":"tag-europe","12":"tag-fr","13":"tag-france","14":"tag-news","15":"tag-provence-alpes-cote-dazur","16":"tag-republique-francaise","17":"tag-toulon"},"share_on_mastodon":{"url":"https:\/\/pubeurope.com\/@fr\/115100410435937770","error":""},"_links":{"self":[{"href":"https:\/\/www.europesays.com\/fr\/wp-json\/wp\/v2\/posts\/347427","targetHints":{"allow":["GET"]}}],"collection":[{"href":"https:\/\/www.europesays.com\/fr\/wp-json\/wp\/v2\/posts"}],"about":[{"href":"https:\/\/www.europesays.com\/fr\/wp-json\/wp\/v2\/types\/post"}],"author":[{"embeddable":true,"href":"https:\/\/www.europesays.com\/fr\/wp-json\/wp\/v2\/users\/2"}],"replies":[{"embeddable":true,"href":"https:\/\/www.europesays.com\/fr\/wp-json\/wp\/v2\/comments?post=347427"}],"version-history":[{"count":0,"href":"https:\/\/www.europesays.com\/fr\/wp-json\/wp\/v2\/posts\/347427\/revisions"}],"wp:featuredmedia":[{"embeddable":true,"href":"https:\/\/www.europesays.com\/fr\/wp-json\/wp\/v2\/media\/317073"}],"wp:attachment":[{"href":"https:\/\/www.europesays.com\/fr\/wp-json\/wp\/v2\/media?parent=347427"}],"wp:term":[{"taxonomy":"category","embeddable":true,"href":"https:\/\/www.europesays.com\/fr\/wp-json\/wp\/v2\/categories?post=347427"},{"taxonomy":"post_tag","embeddable":true,"href":"https:\/\/www.europesays.com\/fr\/wp-json\/wp\/v2\/tags?post=347427"}],"curies":[{"name":"wp","href":"https:\/\/api.w.org\/{rel}","templated":true}]}}