{"id":347428,"date":"2025-08-27T11:07:10","date_gmt":"2025-08-27T11:07:10","guid":{"rendered":"https:\/\/www.europesays.com\/fr\/347428\/"},"modified":"2025-08-27T11:07:10","modified_gmt":"2025-08-27T11:07:10","slug":"perimetre-de-securite-et-sable-absorbant-repandu-sur-le-sol-que-sest-il-passe-ce-matin-pres-de-la-station-de-tramway-comedie-a-montpellier","status":"publish","type":"post","link":"https:\/\/www.europesays.com\/fr\/347428\/","title":{"rendered":"P\u00e9rim\u00e8tre de s\u00e9curit\u00e9 et sable absorbant r\u00e9pandu sur le sol\u00a0: que s\u2019est-il pass\u00e9 ce matin pr\u00e8s de la station de tramway Com\u00e9die \u00e0 Montpellier\u00a0?"},"content":{"rendered":"<p>\n                                                                Un p\u00e9rim\u00e8tre de s\u00e9curit\u00e9 a \u00e9t\u00e9 d\u00e9ploy\u00e9 par la police municipale ce mercredi 27\u00a0ao\u00fbt vers 11\u00a0h, entre la station de tramway Com\u00e9die et le magasin Monoprix.\n                            <\/p>\n<p>Pourquoi ce p\u00e9rim\u00e8tre de s\u00e9curit\u00e9 mis en place ce mercredi 27\u00a0ao\u00fbt, vers 11\u00a0h, sur la place la Com\u00e9die \u00e0 Montpellier\u00a0?<\/p>\n<p>La police municipale est intervenue pour fermer l\u2019acc\u00e8s \u00e0 une zone situ\u00e9e entre la station de tramway et le magasin Monoprix. Du sable absorbant a ensuite \u00e9t\u00e9\u00a0r\u00e9pandu au sol.<\/p>\n<p>De la rue Maguelone \u00e0 la Com\u00e9die<\/p>\n<p>En cause, du carburant \u00e9chapp\u00e9 du r\u00e9servoir d\u2019un v\u00e9hicule, apr\u00e8s que celui-ci a percut\u00e9 une borne. La voiture, venant de la rue Maguelone, s\u2019est approch\u00e9e du man\u00e8ge avant de faire demi-tour, perdant de l\u2019essence sur son chemin.<\/p>\n<p>D\u2019o\u00f9 la n\u00e9cessit\u00e9 de s\u00e9curiser et de traiter la surface souill\u00e9e.<\/p>\n","protected":false},"excerpt":{"rendered":"Un p\u00e9rim\u00e8tre de s\u00e9curit\u00e9 a \u00e9t\u00e9 d\u00e9ploy\u00e9 par la police municipale ce mercredi 27\u00a0ao\u00fbt vers 11\u00a0h, entre la&hellip;\n","protected":false},"author":2,"featured_media":347429,"comment_status":"","ping_status":"","sticky":false,"template":"","format":"standard","meta":{"footnotes":""},"categories":[9599],"tags":[1111,11,1777,674,1011,27,2208,12,2680,25],"class_list":{"0":"post-347428","1":"post","2":"type-post","3":"status-publish","4":"format-standard","5":"has-post-thumbnail","7":"category-montpellier","8":"tag-actu","9":"tag-actualites","10":"tag-eu","11":"tag-europe","12":"tag-fr","13":"tag-france","14":"tag-montpellier","15":"tag-news","16":"tag-occitanie","17":"tag-republique-francaise"},"share_on_mastodon":{"url":"https:\/\/pubeurope.com\/@fr\/115100414328579560","error":""},"_links":{"self":[{"href":"https:\/\/www.europesays.com\/fr\/wp-json\/wp\/v2\/posts\/347428","targetHints":{"allow":["GET"]}}],"collection":[{"href":"https:\/\/www.europesays.com\/fr\/wp-json\/wp\/v2\/posts"}],"about":[{"href":"https:\/\/www.europesays.com\/fr\/wp-json\/wp\/v2\/types\/post"}],"author":[{"embeddable":true,"href":"https:\/\/www.europesays.com\/fr\/wp-json\/wp\/v2\/users\/2"}],"replies":[{"embeddable":true,"href":"https:\/\/www.europesays.com\/fr\/wp-json\/wp\/v2\/comments?post=347428"}],"version-history":[{"count":0,"href":"https:\/\/www.europesays.com\/fr\/wp-json\/wp\/v2\/posts\/347428\/revisions"}],"wp:featuredmedia":[{"embeddable":true,"href":"https:\/\/www.europesays.com\/fr\/wp-json\/wp\/v2\/media\/347429"}],"wp:attachment":[{"href":"https:\/\/www.europesays.com\/fr\/wp-json\/wp\/v2\/media?parent=347428"}],"wp:term":[{"taxonomy":"category","embeddable":true,"href":"https:\/\/www.europesays.com\/fr\/wp-json\/wp\/v2\/categories?post=347428"},{"taxonomy":"post_tag","embeddable":true,"href":"https:\/\/www.europesays.com\/fr\/wp-json\/wp\/v2\/tags?post=347428"}],"curies":[{"name":"wp","href":"https:\/\/api.w.org\/{rel}","templated":true}]}}