{"id":347430,"date":"2025-08-27T11:08:13","date_gmt":"2025-08-27T11:08:13","guid":{"rendered":"https:\/\/www.europesays.com\/fr\/347430\/"},"modified":"2025-08-27T11:08:13","modified_gmt":"2025-08-27T11:08:13","slug":"mecanique-sauvage-sur-un-parking-a-montpellier-la-clio-volee-servait-a-en-reparer-une-autre","status":"publish","type":"post","link":"https:\/\/www.europesays.com\/fr\/347430\/","title":{"rendered":"M\u00e9canique sauvage sur un parking \u00e0 Montpellier\u00a0: la Clio vol\u00e9e servait \u00e0 en r\u00e9parer une autre"},"content":{"rendered":"<p>\n                                                                La police est intervenue lundi 25\u00a0ao\u00fbt sur un parking du quartier de la Pompignane, \u00e0 Montpellier, alors qu\u2019un homme r\u00e9parait une Renault Clio avec des pi\u00e8ces issues d\u2019un v\u00e9hicule identique, stationn\u00e9 \u00e0 c\u00f4t\u00e9. Ce dernier avait \u00e9t\u00e9 vol\u00e9 en juin dernier.\n                            <\/p>\n<p>Il est 20\u00a0h\u00a045, lundi 25\u00a0ao\u00fbt, quand la brigade anti-criminalit\u00e9 aper\u00e7oit un homme en train de r\u00e9parer une Renault Clio sur un parking public, rue Louise-Michel, dans le quartier de la Pompignane \u00e0 Montpellier. Une autre Clio, stationn\u00e9e \u00e0 c\u00f4t\u00e9, lui sert \u00e0 pr\u00e9lever des pi\u00e8ces de rechange.<\/p>\n<p>Une Clio vol\u00e9e en juin dernier<\/p>\n<p>Les policiers proc\u00e8dent \u00e0 un contr\u00f4le et d\u00e9couvrent que le second v\u00e9hicule est d\u00e9clar\u00e9\u00a0vol\u00e9\u00a0depuis le 14\u00a0juin dernier.<\/p>\n<p>Le m\u00e9canicien\u00a0explique avoir \u00e9t\u00e9 sollicit\u00e9 pour remplacer les amortisseurs de la premi\u00e8re Clio, moyennant 40\u00a0\u20ac. Il indique que le commanditaire de ces travaux va arriver. Celui-ci se pr\u00e9sente en effet, et interrog\u00e9 par les forces de l\u2019ordre, donne des explications confuses quant \u00e0 l\u2019origine des deux voitures.<\/p>\n<p>Recel de vol<\/p>\n<p>Interpell\u00e9, ce Montpelli\u00e9rain de 21 ans a refus\u00e9 de communiquer le code de d\u00e9verrouillage de son t\u00e9l\u00e9phone. Poursuivi pour recel de vol, il fera l\u2019objet d\u2019une composition p\u00e9nale.<\/p>\n<p>Le propri\u00e9taire de la voiture vol\u00e9e, quant \u00e0 lui, a pu r\u00e9cup\u00e9rer son bien.<\/p>\n","protected":false},"excerpt":{"rendered":"La police est intervenue lundi 25\u00a0ao\u00fbt sur un parking du quartier de la Pompignane, \u00e0 Montpellier, alors qu\u2019un&hellip;\n","protected":false},"author":2,"featured_media":347431,"comment_status":"","ping_status":"","sticky":false,"template":"","format":"standard","meta":{"footnotes":""},"categories":[9599],"tags":[1111,11,1777,674,1011,27,2208,12,2680,25],"class_list":{"0":"post-347430","1":"post","2":"type-post","3":"status-publish","4":"format-standard","5":"has-post-thumbnail","7":"category-montpellier","8":"tag-actu","9":"tag-actualites","10":"tag-eu","11":"tag-europe","12":"tag-fr","13":"tag-france","14":"tag-montpellier","15":"tag-news","16":"tag-occitanie","17":"tag-republique-francaise"},"share_on_mastodon":{"url":"https:\/\/pubeurope.com\/@fr\/115100418247453110","error":""},"_links":{"self":[{"href":"https:\/\/www.europesays.com\/fr\/wp-json\/wp\/v2\/posts\/347430","targetHints":{"allow":["GET"]}}],"collection":[{"href":"https:\/\/www.europesays.com\/fr\/wp-json\/wp\/v2\/posts"}],"about":[{"href":"https:\/\/www.europesays.com\/fr\/wp-json\/wp\/v2\/types\/post"}],"author":[{"embeddable":true,"href":"https:\/\/www.europesays.com\/fr\/wp-json\/wp\/v2\/users\/2"}],"replies":[{"embeddable":true,"href":"https:\/\/www.europesays.com\/fr\/wp-json\/wp\/v2\/comments?post=347430"}],"version-history":[{"count":0,"href":"https:\/\/www.europesays.com\/fr\/wp-json\/wp\/v2\/posts\/347430\/revisions"}],"wp:featuredmedia":[{"embeddable":true,"href":"https:\/\/www.europesays.com\/fr\/wp-json\/wp\/v2\/media\/347431"}],"wp:attachment":[{"href":"https:\/\/www.europesays.com\/fr\/wp-json\/wp\/v2\/media?parent=347430"}],"wp:term":[{"taxonomy":"category","embeddable":true,"href":"https:\/\/www.europesays.com\/fr\/wp-json\/wp\/v2\/categories?post=347430"},{"taxonomy":"post_tag","embeddable":true,"href":"https:\/\/www.europesays.com\/fr\/wp-json\/wp\/v2\/tags?post=347430"}],"curies":[{"name":"wp","href":"https:\/\/api.w.org\/{rel}","templated":true}]}}