{"id":347432,"date":"2025-08-27T11:15:20","date_gmt":"2025-08-27T11:15:20","guid":{"rendered":"https:\/\/www.europesays.com\/fr\/347432\/"},"modified":"2025-08-27T11:15:20","modified_gmt":"2025-08-27T11:15:20","slug":"cyclisme-sharelock-assureur-officiel-des-12-500-velos-mvelo-a-grenoble","status":"publish","type":"post","link":"https:\/\/www.europesays.com\/fr\/347432\/","title":{"rendered":"CYCLISME : Sharelock, assureur officiel des 12 500 v\u00e9los Mv\u00e9lo+ \u00e0 Grenoble"},"content":{"rendered":"<p>                    <a href=\"#\" rel=\"nofollow\" onclick=\"window.print(); return false;\" title=\"Printer Friendly, PDF &amp; Email\"><br \/>\n                    <img decoding=\"async\" class=\"pf-button-img\" src=\"https:\/\/www.europesays.com\/fr\/wp-content\/uploads\/2025\/05\/printfriendly-pdf-email-button-notext.png\" alt=\"Print Friendly, PDF &amp; Email\" style=\"width: 110px;height: 30px;\"\/><br \/>\n                    <\/a><\/p>\n<p style=\"margin:0 0 0.2em 0\"><b>Sharelock devient l\u2019assureur officiel des 12 500 v\u00e9los du r\u00e9seau Mv\u00e9lo+ \u00e0 Grenoble et confirme son expertise sur les grandes flottes publiques de v\u00e9los.<\/b><\/p>\n<p><\/p>\n<p style=\"margin:0 0 0.2em 0\">Avec 12 500 v\u00e9los en location longue dur\u00e9e, Mv\u00e9lo+ est le deuxi\u00e8me plus grand r\u00e9seau public fran\u00e7ais. Pour accompagner ce d\u00e9veloppement ambitieux, Cykleo, acteur majeur de la mobilit\u00e9 durable et op\u00e9rateur du service grenoblois, fait le choix strat\u00e9gique de s\u2019associer \u00e0 Sharelock, leader fran\u00e7ais de l\u2019assurance v\u00e9lo. Sharelock se distingue par sa capacit\u00e9 \u00e0 promouvoir l\u2019usage du v\u00e9lo tout en r\u00e9duisant la sinistralit\u00e9, gr\u00e2ce \u00e0 une solution tout-en-un qui simplifie aussi la gestion des op\u00e9rateurs.<\/p>\n<p style=\"margin:0 0 0.2em 0\"><strong>Une assurance qui r\u00e9volutionne la pratique du v\u00e9lo<\/strong><\/p>\n<p style=\"margin:0 0 0.2em 0\">L\u2019application Sharelock accompagne les cyclistes au quotidien en encourageant les bonnes pratiques. Gr\u00e2ce \u00e0 des fonctionnalit\u00e9s innovantes comme Vigimap, les utilisateurs peuvent visualiser le niveau de risque des rues o\u00f9 ils stationnent leur v\u00e9lo. En adressant la peur du vol, l\u2019assurance devient un v\u00e9ritable levier pour d\u00e9bloquer massivement l\u2019usage du v\u00e9lo. Plus de 40 % des assur\u00e9s Sharelock d\u00e9clarent faire davantage de v\u00e9lo depuis qu\u2019ils utilisent l\u2019application, et plus de 60 % en font d\u00e9sormais tous les jours. Sharelock ne se limite donc pas \u00e0 couvrir les risques : elle joue un r\u00f4le actif dans la transformation des mobilit\u00e9s douces.<\/p>\n<p style=\"margin:0 0 0.2em 0\"><strong>Une int\u00e9gration technique unique pour une exp\u00e9rience fluide<\/strong><\/p>\n<p style=\"margin:0 0 0.2em 0\">L\u2019assurance Sharelock est totalement int\u00e9gr\u00e9e dans le parcours de souscription de Mv\u00e9lo+ gr\u00e2ce \u00e0 une solution embarqu\u00e9e reposant sur des APIs d\u00e9di\u00e9es. Cette int\u00e9gration garantit une exp\u00e9rience utilisateur simple, fluide et transparente. Elle optimise aussi la gestion op\u00e9rationnelle de Cykleo. R\u00e9sultat : plus de 70 % des locataires des flottes publiques \u00e9quip\u00e9es de Sharelock souscrivent \u00e0 l\u2019assurance. Ce taux exceptionnel t\u00e9moigne de la pertinence d\u2019une solution pens\u00e9e d\u00e8s l\u2019origine comme un prolongement naturel et indispensable de la location.<\/p>\n<p style=\"margin:0 0 0.2em 0\"><strong>La s\u00e9r\u00e9nit\u00e9 au c\u0153ur du quotidien des cyclistes<\/strong><\/p>\n<p style=\"margin:0 0 0.2em 0\">Gr\u00e2ce \u00e0 ce partenariat, les cyclistes ont d\u00e9sormais acc\u00e8s \u00e0 une offre cl\u00e9 en main, directement propos\u00e9e au moment de la location d\u2019un v\u00e9lo jaune sur le site de Mv\u00e9lo+. Sharelock et Cykleo ont s\u00e9lectionn\u00e9 la meilleure solution : int\u00e9gr\u00e9e, simple, fluide, transparente, personnalis\u00e9e et \u00e0 un tarif pr\u00e9f\u00e9rentiel.<\/p>\n<p style=\"margin:0 0 0.2em 0\">\u2022 Une assurance 100% digitale int\u00e9gr\u00e9e d\u00e8s la souscription \u00e0 l\u2019abonnement Mv\u00e9lo+.<\/p>\n<p style=\"margin:0 0 0.2em 0\">\u2022 Une caution de 10%, r\u00e9duite \u00e0 5% si l\u2019usager utilise la fonctionnalit\u00e9 photo sur l\u2019application pour valider la s\u00e9curisation de son v\u00e9lo \u00e0 un point fixe.<\/p>\n<p style=\"margin:0 0 0.2em 0\">\u2022 Une d\u00e9claration et un suivi de sinistre simplifi\u00e9s sur l\u2019application et\/ou sur l\u2019interface web.<\/p>\n<p style=\"margin:0 0 0.2em 0\">\u2022 Un remboursement express sous 48 heures d\u00e8s validation du dossier.<\/p>\n<p style=\"margin:0 0 0.2em 0\">\u2022 Un accompagnement en agence par des experts Mv\u00e9lo+.<\/p>\n<p style=\"margin:0 0 0.2em 0\">\u2022 Une prise en charge des r\u00e9parations assur\u00e9e par Cykleo pour plus de s\u00e9r\u00e9nit\u00e9.<\/p>\n<p style=\"margin:0 0 0.2em 0\"><strong>Ils t\u00e9moignent<\/strong><\/p>\n<p style=\"margin:0 0 0.2em 0\"><strong>Alexandre Molla, CEO de Sharelock :<\/strong>\u00a0\u00ab \u00catre choisi par Mv\u00e9lo+, le deuxi\u00e8me plus grand r\u00e9seau public de v\u00e9los en France, confirme la confiance port\u00e9e \u00e0 notre solution pour les m\u00e9gaflottes. Nous sommes fiers d\u2019accompagner les cyclistes grenoblois avec une assurance simple, innovante et s\u00e9curisante \u00bb<\/p>\n<p style=\"margin:0 0 0.2em 0\"><strong>Benjamin Mimram, Responsable Exploitation de Grenoble :<\/strong>\u00a0\u00ab Int\u00e9grer Sharelock \u00e0 Mv\u00e9lo+ c\u2019est offrir \u00e0 nos utilisateurs une assurance fluide et r\u00e9active. Cette collaboration nous permet de renforcer la confiance des cyclistes et d\u2019am\u00e9liorer leur exp\u00e9rience globale. C\u2019est un vrai bond en avant pour la mobilit\u00e9 urbaine \u00e0 Grenoble \u00bb<\/p>\n<p style=\"margin:0 0 0.2em 0\"><strong>\u00c0 propos de Sharelock<\/strong><\/p>\n<p style=\"margin:0 0 0.2em 0\">Avec plus de 30 000 souscriptions en seulement 3 ans, Sharelock est aujourd\u2019hui consid\u00e9r\u00e9 comme le leader de l\u2019assurance v\u00e9lo. L\u2019application Sharelock accompagne les assur\u00e9s au quotidien, avec une suite de fonctionnalit\u00e9s mettant \u00e0 profit des outils d\u2019IA, permettant de mieux comprendre ses habitudes de mobilit\u00e9s et d\u2019encourager les bonnes pratiques, afin de r\u00e9duire les risques, \u00e0 l\u2019instar de Vigimap, qui permet de visualiser le niveau de risque de vol, au niveau de chaque rue. Sharelock d\u00e9veloppe \u00e9galement tous les outils, plateforme et APIs, permettant de distribuer son offre de mani\u00e8re totalement embarqu\u00e9e. Enfin, Sharelock d\u00e9veloppe une suite d\u2019outils de gestion d\u00e9di\u00e9s \u00e0 l\u2019optimisation de ses op\u00e9rations, notamment sur les sujets de gestion de sinistre, de gestion du risque ou encore de l\u2019anti-fraude. La pertinence de cette approche a r\u00e9cemment \u00e9t\u00e9 reconnue par le Prix Jeune Pousse Insurtech 2022, d\u00e9cern\u00e9 par Finance Innovation ainsi que le Prix du Courtier Digital aux \u00c9toiles du Courtage 2024.<\/p>\n<p style=\"margin:0 0 0.2em 0\">Toutes les informations sur Sharelock sur\u00a0<a href=\"https:\/\/www.sharelock.co\/\" target=\"_blank\" rel=\"noopener\">Sharelock<\/a><\/p>\n","protected":false},"excerpt":{"rendered":"Sharelock devient l\u2019assureur officiel des 12 500 v\u00e9los du r\u00e9seau Mv\u00e9lo+ \u00e0 Grenoble et confirme son expertise sur&hellip;\n","protected":false},"author":2,"featured_media":347433,"comment_status":"","ping_status":"","sticky":false,"template":"","format":"standard","meta":{"footnotes":""},"categories":[9566],"tags":[1111,11,2430,1777,674,1011,27,2731,12,25],"class_list":{"0":"post-347432","1":"post","2":"type-post","3":"status-publish","4":"format-standard","5":"has-post-thumbnail","7":"category-grenoble","8":"tag-actu","9":"tag-actualites","10":"tag-auvergne-rhone-alpes","11":"tag-eu","12":"tag-europe","13":"tag-fr","14":"tag-france","15":"tag-grenoble","16":"tag-news","17":"tag-republique-francaise"},"share_on_mastodon":{"url":"https:\/\/pubeurope.com\/@fr\/115100446082280590","error":""},"_links":{"self":[{"href":"https:\/\/www.europesays.com\/fr\/wp-json\/wp\/v2\/posts\/347432","targetHints":{"allow":["GET"]}}],"collection":[{"href":"https:\/\/www.europesays.com\/fr\/wp-json\/wp\/v2\/posts"}],"about":[{"href":"https:\/\/www.europesays.com\/fr\/wp-json\/wp\/v2\/types\/post"}],"author":[{"embeddable":true,"href":"https:\/\/www.europesays.com\/fr\/wp-json\/wp\/v2\/users\/2"}],"replies":[{"embeddable":true,"href":"https:\/\/www.europesays.com\/fr\/wp-json\/wp\/v2\/comments?post=347432"}],"version-history":[{"count":0,"href":"https:\/\/www.europesays.com\/fr\/wp-json\/wp\/v2\/posts\/347432\/revisions"}],"wp:featuredmedia":[{"embeddable":true,"href":"https:\/\/www.europesays.com\/fr\/wp-json\/wp\/v2\/media\/347433"}],"wp:attachment":[{"href":"https:\/\/www.europesays.com\/fr\/wp-json\/wp\/v2\/media?parent=347432"}],"wp:term":[{"taxonomy":"category","embeddable":true,"href":"https:\/\/www.europesays.com\/fr\/wp-json\/wp\/v2\/categories?post=347432"},{"taxonomy":"post_tag","embeddable":true,"href":"https:\/\/www.europesays.com\/fr\/wp-json\/wp\/v2\/tags?post=347432"}],"curies":[{"name":"wp","href":"https:\/\/api.w.org\/{rel}","templated":true}]}}