{"id":347436,"date":"2025-08-27T11:17:09","date_gmt":"2025-08-27T11:17:09","guid":{"rendered":"https:\/\/www.europesays.com\/fr\/347436\/"},"modified":"2025-08-27T11:17:09","modified_gmt":"2025-08-27T11:17:09","slug":"tout-rennes-court-2025-la-grande-fete-running-et-inclusive-a-rennes","status":"publish","type":"post","link":"https:\/\/www.europesays.com\/fr\/347436\/","title":{"rendered":"Tout Rennes Court 2025 : la grande f\u00eate running et inclusive \u00e0 Rennes"},"content":{"rendered":"\n<p data-start=\"240\" data-end=\"496\">Les <strong data-start=\"244\" data-end=\"269\">11 et 12 octobre 2025<\/strong>, Rennes vibrera au rythme de la <strong data-start=\"302\" data-end=\"338\">44\u1d49 \u00e9dition de Tout Rennes Court<\/strong>, un \u00e9v\u00e9nement sportif gratuit et populaire qui transforme la ville en v\u00e9ritable terrain de course pour joggeurs, familles, scolaires et athl\u00e8tes confirm\u00e9s.<\/p>\n<p>Un week-end de courses pour tous les niveaux<\/p>\n<ul data-start=\"549\" data-end=\"983\">\n<li data-start=\"549\" data-end=\"671\">\n<p data-start=\"551\" data-end=\"671\"><strong data-start=\"551\" data-end=\"572\">Samedi 11 octobre<\/strong> : la <strong data-start=\"578\" data-end=\"606\">marche solidaire de 2 km<\/strong> (La Colombia) pour soutenir la pr\u00e9vention du cancer du sein.<\/p>\n<\/li>\n<li data-start=\"672\" data-end=\"983\">\n<p data-start=\"674\" data-end=\"750\"><strong data-start=\"674\" data-end=\"697\">Dimanche 12 octobre<\/strong> : une belle palette d\u2019\u00e9preuves, parmi lesquelles :<\/p>\n<ul data-start=\"753\" data-end=\"983\">\n<li data-start=\"753\" data-end=\"809\">\n<p data-start=\"755\" data-end=\"809\">le <strong data-start=\"758\" data-end=\"779\">S\u2019MI Ouest-France<\/strong> (semi-marathon de 21,1 km),<\/p>\n<\/li>\n<li data-start=\"812\" data-end=\"833\">\n<p data-start=\"814\" data-end=\"833\">le <strong data-start=\"817\" data-end=\"830\">10 km CMB<\/strong>,<\/p>\n<\/li>\n<li data-start=\"836\" data-end=\"870\">\n<p data-start=\"838\" data-end=\"870\">le <strong data-start=\"841\" data-end=\"867\">5 km Harmonie Mutuelle<\/strong>,<\/p>\n<\/li>\n<li data-start=\"873\" data-end=\"927\">\n<p data-start=\"875\" data-end=\"927\">des courses jeunes (Poussins, Benjamins, Minimes),<\/p>\n<\/li>\n<li data-start=\"930\" data-end=\"983\">\n<p data-start=\"932\" data-end=\"983\">des <strong data-start=\"936\" data-end=\"958\">matches interclubs<\/strong> pour femmes et hommes.<\/p>\n<\/li>\n<\/ul>\n<\/li>\n<\/ul>\n<p>Une ambiance festive et un parcours splendide<\/p>\n<p data-start=\"1037\" data-end=\"1424\">Plus de <strong data-start=\"1045\" data-end=\"1068\">30 000 participants<\/strong> sont attendus pour un week-end sous le signe du sport, de la convivialit\u00e9 et de la d\u00e9couverte urbaine. Les parcours offrent une immersion dans Rennes : canal d\u2019Ille-et-Rance, parcs du Thabor et d\u2019Oberth\u00fcr, centre historique, jusqu\u2019\u00e0 l\u2019arriv\u00e9e sur l\u2019Esplanade Charles de Gaulle. Le trac\u00e9 est globalement plat, parfait pour un chrono ou une balade active.<\/p>\n<p>Hit West, partenaire officiel<\/p>\n<p data-start=\"1462\" data-end=\"1728\"><strong data-start=\"1462\" data-end=\"1474\">Hit West<\/strong> est fier d\u2019\u00eatre partenaire de <strong data-start=\"1505\" data-end=\"1531\">Tout Rennes Court 2025<\/strong>, un rendez-vous sportif open-air qui incarne parfaitement l\u2019esprit \u00ab sport et partage \u00bb cher \u00e0 notre antenne. Rendez-vous les <strong data-start=\"1658\" data-end=\"1678\">11 et 12 octobre<\/strong> pour vivre ensemble ce moment unique \u00e0 Rennes !<\/p>\n","protected":false},"excerpt":{"rendered":"Les 11 et 12 octobre 2025, Rennes vibrera au rythme de la 44\u1d49 \u00e9dition de Tout Rennes Court,&hellip;\n","protected":false},"author":2,"featured_media":347437,"comment_status":"","ping_status":"","sticky":false,"template":"","format":"standard","meta":{"footnotes":""},"categories":[2821],"tags":[1111,11,829,48340,48336,1777,674,1011,27,48338,12,48339,584,25,48337,48335],"class_list":{"0":"post-347436","1":"post","2":"type-post","3":"status-publish","4":"format-standard","5":"has-post-thumbnail","7":"category-rennes","8":"tag-actu","9":"tag-actualites","10":"tag-bretagne","11":"tag-course-famille-rennes-2025","12":"tag-course-rennes-2025","13":"tag-eu","14":"tag-europe","15":"tag-fr","16":"tag-france","17":"tag-marche-solidaire-colombie-2025","18":"tag-news","19":"tag-que-faire-a-rennes-en-octobre-2025","20":"tag-rennes","21":"tag-republique-francaise","22":"tag-semi-marathon-rennes","23":"tag-tout-rennes-court-2025"},"share_on_mastodon":{"url":"https:\/\/pubeurope.com\/@fr\/115100453672666327","error":""},"_links":{"self":[{"href":"https:\/\/www.europesays.com\/fr\/wp-json\/wp\/v2\/posts\/347436","targetHints":{"allow":["GET"]}}],"collection":[{"href":"https:\/\/www.europesays.com\/fr\/wp-json\/wp\/v2\/posts"}],"about":[{"href":"https:\/\/www.europesays.com\/fr\/wp-json\/wp\/v2\/types\/post"}],"author":[{"embeddable":true,"href":"https:\/\/www.europesays.com\/fr\/wp-json\/wp\/v2\/users\/2"}],"replies":[{"embeddable":true,"href":"https:\/\/www.europesays.com\/fr\/wp-json\/wp\/v2\/comments?post=347436"}],"version-history":[{"count":0,"href":"https:\/\/www.europesays.com\/fr\/wp-json\/wp\/v2\/posts\/347436\/revisions"}],"wp:featuredmedia":[{"embeddable":true,"href":"https:\/\/www.europesays.com\/fr\/wp-json\/wp\/v2\/media\/347437"}],"wp:attachment":[{"href":"https:\/\/www.europesays.com\/fr\/wp-json\/wp\/v2\/media?parent=347436"}],"wp:term":[{"taxonomy":"category","embeddable":true,"href":"https:\/\/www.europesays.com\/fr\/wp-json\/wp\/v2\/categories?post=347436"},{"taxonomy":"post_tag","embeddable":true,"href":"https:\/\/www.europesays.com\/fr\/wp-json\/wp\/v2\/tags?post=347436"}],"curies":[{"name":"wp","href":"https:\/\/api.w.org\/{rel}","templated":true}]}}