{"id":347438,"date":"2025-08-27T11:18:08","date_gmt":"2025-08-27T11:18:08","guid":{"rendered":"https:\/\/www.europesays.com\/fr\/347438\/"},"modified":"2025-08-27T11:18:08","modified_gmt":"2025-08-27T11:18:08","slug":"strasbourg-la-cts-travaille-a-deployer-le-paiement-en-cb-directement-dans-les-bus-et-les-trams","status":"publish","type":"post","link":"https:\/\/www.europesays.com\/fr\/347438\/","title":{"rendered":"Strasbourg. La CTS travaille \u00e0 d\u00e9ployer le paiement en CB directement dans les bus\u00a0et\u00a0les\u00a0trams"},"content":{"rendered":"<p>            Par<br \/>\n        <strong><br \/>\n            <a href=\"https:\/\/actu.fr\/auteur\/olivia-kouassi\" title=\"Consulter tous les articles de Olivia Kouassi\" target=\"_blank\" rel=\"noopener\">Olivia Kouassi<\/a><br \/>\n        <\/strong><\/p>\n<p>        Publi\u00e9 le<\/p>\n<p>            27 ao\u00fbt 2025 \u00e0 12h06        <\/p>\n<p>L\u2019\u00e9volution de la <a href=\"https:\/\/actu.fr\/tag\/compagnie-des-transports-strasbourgeois-cts\" target=\"_blank\" rel=\"noopener\">compagnie de transports strasbourgeois<\/a> (CTS) se poursuit. Un<strong> appel d\u2019offres a \u00e9t\u00e9 lanc\u00e9 pour mettre en \u0153uvre l\u2019open payment<\/strong>, cette solution de paiement\/validation des titres de transport par carte bancaire sur le r\u00e9seau de bus et trams de <a href=\"https:\/\/actu.fr\/strasbourg\/\" target=\"_blank\" rel=\"noopener\">Strasbourg<\/a>.<\/p>\n<p>Un d\u00e9ploiement du syst\u00e8me pr\u00e9vu courant 2026<\/p>\n<p class=\" wall-content\"><strong>Payer son ticket directement avec sa carte bancaire sur les bornes de validation<\/strong> des bus et teams, cela devrait donc \u00eatre possible sur le r\u00e9seau<strong> \u00e0 l\u2019horizon 2026<\/strong>, confirme la compagnie.<\/p>\n<p class=\" wall-content\">Dans un premier temps, seules quelques lignes devraient \u00eatre concern\u00e9es avant que le syst\u00e8me ne soit \u00e9largi \u00e0 l\u2019ensemble du r\u00e9seau. Si la Ville a mentionn\u00e9 <strong>les lignes G et C1<\/strong> comme \u00e9tant les premi\u00e8res concern\u00e9es par le dispositif, la CTS reste elle plus prudente et <strong>pr\u00e9cise que \u00ab\u2009les premi\u00e8res lignes le d\u00e9ploiement de l\u2019open payment n\u2019ont \u00e0 ce stade pas encore \u00e9t\u00e9 arr\u00eat\u00e9es\u2009\u00bb.<\/strong><\/p>\n<p class=\" wall-content\">Personnalisez votre actualit\u00e9 en ajoutant vos villes et m\u00e9dias en favori avec <a href=\"https:\/\/moncompte.actu.fr\" title=\"D\u00e9couvez Mon Actu\" rel=\"nofollow noopener\" data-trk=\"{&quot;cta&quot;:{&quot;action&quot;:&quot;https:\\\/\\\/moncompte.actu.fr&quot;,&quot;category&quot;:&quot;mon compte&quot;,&quot;from&quot;:&quot;article footer&quot;,&quot;name&quot;:&quot;Mon actu&quot;,&quot;type&quot;:&quot;cta&quot;}}\" target=\"_blank\">Mon Actu<\/a>.<\/p>\n","protected":false},"excerpt":{"rendered":"Par Olivia Kouassi Publi\u00e9 le 27 ao\u00fbt 2025 \u00e0 12h06 L\u2019\u00e9volution de la compagnie de transports strasbourgeois (CTS)&hellip;\n","protected":false},"author":2,"featured_media":347439,"comment_status":"","ping_status":"","sticky":false,"template":"","format":"standard","meta":{"footnotes":""},"categories":[2820],"tags":[1111,11,7344,1777,674,1011,27,775,12,25,104,640],"class_list":{"0":"post-347438","1":"post","2":"type-post","3":"status-publish","4":"format-standard","5":"has-post-thumbnail","7":"category-strasbourg","8":"tag-actu","9":"tag-actualites","10":"tag-compagnie-des-transports-strasbourgeois-cts","11":"tag-eu","12":"tag-europe","13":"tag-fr","14":"tag-france","15":"tag-grand-est","16":"tag-news","17":"tag-republique-francaise","18":"tag-societe","19":"tag-strasbourg"},"share_on_mastodon":{"url":"https:\/\/pubeurope.com\/@fr\/115100457620412840","error":""},"_links":{"self":[{"href":"https:\/\/www.europesays.com\/fr\/wp-json\/wp\/v2\/posts\/347438","targetHints":{"allow":["GET"]}}],"collection":[{"href":"https:\/\/www.europesays.com\/fr\/wp-json\/wp\/v2\/posts"}],"about":[{"href":"https:\/\/www.europesays.com\/fr\/wp-json\/wp\/v2\/types\/post"}],"author":[{"embeddable":true,"href":"https:\/\/www.europesays.com\/fr\/wp-json\/wp\/v2\/users\/2"}],"replies":[{"embeddable":true,"href":"https:\/\/www.europesays.com\/fr\/wp-json\/wp\/v2\/comments?post=347438"}],"version-history":[{"count":0,"href":"https:\/\/www.europesays.com\/fr\/wp-json\/wp\/v2\/posts\/347438\/revisions"}],"wp:featuredmedia":[{"embeddable":true,"href":"https:\/\/www.europesays.com\/fr\/wp-json\/wp\/v2\/media\/347439"}],"wp:attachment":[{"href":"https:\/\/www.europesays.com\/fr\/wp-json\/wp\/v2\/media?parent=347438"}],"wp:term":[{"taxonomy":"category","embeddable":true,"href":"https:\/\/www.europesays.com\/fr\/wp-json\/wp\/v2\/categories?post=347438"},{"taxonomy":"post_tag","embeddable":true,"href":"https:\/\/www.europesays.com\/fr\/wp-json\/wp\/v2\/tags?post=347438"}],"curies":[{"name":"wp","href":"https:\/\/api.w.org\/{rel}","templated":true}]}}